{"id":23562,"date":"2017-01-04T09:13:51","date_gmt":"2017-01-04T15:13:51","guid":{"rendered":"http:\/\/innovatori.space\/lat21\/?p=23562"},"modified":"2017-01-04T09:13:51","modified_gmt":"2017-01-04T15:13:51","slug":"interjet-refuerza-su-flota","status":"publish","type":"post","link":"https:\/\/l21.mx\/?p=23562","title":{"rendered":"Interjet refuerza su flota"},"content":{"rendered":"<p><a href=\"http:\/\/l21.mx\/wp-content\/uploads\/2017\/01\/internet-aumenta-su-flota.jpg\" data-rel=\"penci-gallery-image-content\" ><img fetchpriority=\"high\" decoding=\"async\" class=\"alignleft size-medium wp-image-23564\" title=\"internet-aumenta-su-flota\" src=\"http:\/\/l21.mx\/wp-content\/uploads\/2017\/01\/internet-aumenta-su-flota-300x199.jpg\" alt=\"\" width=\"300\" height=\"199\" \/><\/a>En el marco de su 11 aniversario y con una flota de 70 aeronaves, Interjet recibir\u00e1 en 2017 trece nuevos aviones -entre los que destaca el Airbus A320 NEO-, para continuar con la apertura de m\u00e1s rutas, incluyendo Canad\u00e1, y reforzar aquellas frecuencias que actualmente opera hacia 53 destinos del continente americano.<\/p>\n<p>\u201cEn los inicios de la empresa era competir en el mercado dom\u00e9stico; sin embargo, a 11 a\u00f1os de distancia y gracias a la preferencia de nuestros clientes, la l\u00ednea a\u00e9rea se convirti\u00f3 en pieza clave en el continente americano, transportando a casi 65 millones de pasajeros y con vuelos hacia Colombia, Costa Rica, Cuba, Guatemala, Estados Unidos y Per\u00fa\u201d, refiri\u00f3 Jos\u00e9 Luis Garza, director general de Interjet.<\/p>\n<p>En 2016 la compa\u00f1\u00eda aceler\u00f3 su plan de crecimiento enfocado a los mercados a\u00e9reos internacionales con el inicio de 13 nuevas rutas, entre ellas Los \u00c1ngeles-Canc\u00fan, Canc\u00fan-Nueva York, M\u00e9xico-Los \u00c1ngeles, Canc\u00fan-Bogot\u00e1, M\u00e9xico-Las Vegas.<\/p>\n<p>Con la entrada en vigor del nuevo tratado a\u00e9reo bilateral, la aerol\u00ednea inici\u00f3 vuelos hacia Chicago, Dallas Fort Worth, Houston, Las Vegas, Los \u00c1ngeles, Miami, Nueva York, Orlando Sanford y San Antonio, mientras que en Latinoam\u00e9rica inaugur\u00f3 nuevos destinos hacia Lima, Per\u00fa, y Santa Clara y Varadero en Cuba.<\/p>\n<p>La llegada de 12 nuevas aeronaves en 2016 permiti\u00f3 a Interjet apoyar el crecimiento y optimizar sus <em>slots<\/em>, incorporar los primeros tres aviones A321 para operarlos en los mercados de mayor densidad y adicionalmente sum\u00f3 nueve aviones A320 y Superjet 100, por lo que cerr\u00f3 el a\u00f1o con una flota de 70 aeronaves, lo que representa una oferta de nueve mil 372 asientos.<\/p>\n<p>De enero a noviembre del pasado a\u00f1o Interjet increment\u00f3 el volumen de pasajeros internacionales en 50 por ciento respecto del mismo periodo del a\u00f1o anterior y superaron los 11 millones de pasajeros transportados al final del a\u00f1o.<\/p>\n<div><\/div>\n","protected":false},"excerpt":{"rendered":"<p>En el marco de su 11 aniversario y con una flota de 70 aeronaves, Interjet recibir\u00e1&hellip;<\/p>\n","protected":false},"author":2,"featured_media":23564,"comment_status":"open","ping_status":"open","sticky":false,"template":"","format":"standard","meta":{"_acf_changed":false,"_lmt_disableupdate":"","_lmt_disable":"","_mbp_gutenberg_autopost":false,"footnotes":""},"categories":[4],"tags":[],"class_list":["post-23562","post","type-post","status-publish","format-standard","has-post-thumbnail","hentry","category-empresas-y-negocios"],"acf":[],"_links":{"self":[{"href":"https:\/\/l21.mx\/index.php?rest_route=\/wp\/v2\/posts\/23562","targetHints":{"allow":["GET"]}}],"collection":[{"href":"https:\/\/l21.mx\/index.php?rest_route=\/wp\/v2\/posts"}],"about":[{"href":"https:\/\/l21.mx\/index.php?rest_route=\/wp\/v2\/types\/post"}],"author":[{"embeddable":true,"href":"https:\/\/l21.mx\/index.php?rest_route=\/wp\/v2\/users\/2"}],"replies":[{"embeddable":true,"href":"https:\/\/l21.mx\/index.php?rest_route=%2Fwp%2Fv2%2Fcomments&post=23562"}],"version-history":[{"count":0,"href":"https:\/\/l21.mx\/index.php?rest_route=\/wp\/v2\/posts\/23562\/revisions"}],"wp:featuredmedia":[{"embeddable":true,"href":"https:\/\/l21.mx\/index.php?rest_route=\/wp\/v2\/media\/23564"}],"wp:attachment":[{"href":"https:\/\/l21.mx\/index.php?rest_route=%2Fwp%2Fv2%2Fmedia&parent=23562"}],"wp:term":[{"taxonomy":"category","embeddable":true,"href":"https:\/\/l21.mx\/index.php?rest_route=%2Fwp%2Fv2%2Fcategories&post=23562"},{"taxonomy":"post_tag","embeddable":true,"href":"https:\/\/l21.mx\/index.php?rest_route=%2Fwp%2Fv2%2Ftags&post=23562"}],"curies":[{"name":"wp","href":"https:\/\/api.w.org\/{rel}","templated":true}]}}