{"id":23654,"date":"2017-01-06T10:34:53","date_gmt":"2017-01-06T16:34:53","guid":{"rendered":"http:\/\/innovatori.space\/lat21\/?p=23654"},"modified":"2017-01-06T10:34:53","modified_gmt":"2017-01-06T16:34:53","slug":"air-temp-de-mexico-en-crecimiento","status":"publish","type":"post","link":"https:\/\/l21.mx\/?p=23654","title":{"rendered":"Air Temp de M\u00e9xico en crecimiento"},"content":{"rendered":"<p><a href=\"http:\/\/l21.mx\/wp-content\/uploads\/2017\/01\/Air-Temp-de-M\u00e9xico-en-crecimiento.jpg\" data-rel=\"penci-gallery-image-content\" ><img fetchpriority=\"high\" decoding=\"async\" class=\"aligncenter size-medium wp-image-23657\" title=\"Air-Temp-de-M\u00e9xico-en-crecimiento\" src=\"http:\/\/l21.mx\/wp-content\/uploads\/2017\/01\/Air-Temp-de-M\u00e9xico-en-crecimiento-300x199.jpg\" alt=\"\" width=\"300\" height=\"199\" \/><\/a><\/p>\n<p><em>\u00a1Uay!<\/em><\/p>\n<p>Air Temp de M\u00e9xico inici\u00f3 la operaci\u00f3n de la segunda planta de la empresa dedicada al dise\u00f1o, fabricaci\u00f3n y comercializaci\u00f3n de equipos de aires acondicionados e intercambiadores de calor en M\u00e9rida, Yucat\u00e1n, con una inversi\u00f3n de 10 millones de d\u00f3lares en la adquisici\u00f3n de m\u00e1quinas y equipo de punta.<\/p>\n<p>La segunda f\u00e1brica de la compa\u00f1\u00eda fundada en1982 prev\u00e9 producir 69 mil aires acondicionados para veh\u00edculos pesados y autom\u00f3viles de las marcas Volkswagen, Chevrolet y Mercedes Benz, adem\u00e1s de destinar parte de su producci\u00f3n a la empresa John Deere, de EU, y a la industria hotelera.<\/p>\n<p>Asimismo fabricar\u00e1 intercambiadores de calor tipo expansi\u00f3n mec\u00e1nica para veh\u00edculos espaciales, moldes de inyecci\u00f3n, troqueles de estampado y componentes maquinados de aluminio.<\/p>\n<p>Ante autoridades locales de Yucat\u00e1n, Jorge Alberto Habib Abimerhi, director general de Air Temp de M\u00e9xico, destac\u00f3 que \u201cla empresa est\u00e1 en un proceso de consolidaci\u00f3n y de desarrollo al m\u00e1ximo de su capacidad para lograr un crecimiento exponencial, bajo el reconocimiento del personal, posicionarse como proveedor estrat\u00e9gico y estar a la vanguardia a nivel mundial\u201d.<\/p>\n<p>La visi\u00f3n de la empresa que gener\u00f3 120 nuevos empleos con la operaci\u00f3n de la segunda planta es convertirse en l\u00edder en el mercado nacional e internacional de intercambiadores de calor, partes de inyecci\u00f3n de pl\u00e1stico y sistemas de aires acondicionados para la industria automotriz.<\/p>\n<div><\/div>\n","protected":false},"excerpt":{"rendered":"<p>\u00a1Uay! Air Temp de M\u00e9xico inici\u00f3 la operaci\u00f3n de la segunda planta de la empresa dedicada&hellip;<\/p>\n","protected":false},"author":2,"featured_media":23657,"comment_status":"open","ping_status":"open","sticky":false,"template":"","format":"standard","meta":{"_acf_changed":false,"_lmt_disableupdate":"","_lmt_disable":"","_mbp_gutenberg_autopost":false,"footnotes":""},"categories":[223,23],"tags":[],"class_list":["post-23654","post","type-post","status-publish","format-standard","has-post-thumbnail","hentry","category-meridiano-87","category-noticias"],"acf":[],"_links":{"self":[{"href":"https:\/\/l21.mx\/index.php?rest_route=\/wp\/v2\/posts\/23654","targetHints":{"allow":["GET"]}}],"collection":[{"href":"https:\/\/l21.mx\/index.php?rest_route=\/wp\/v2\/posts"}],"about":[{"href":"https:\/\/l21.mx\/index.php?rest_route=\/wp\/v2\/types\/post"}],"author":[{"embeddable":true,"href":"https:\/\/l21.mx\/index.php?rest_route=\/wp\/v2\/users\/2"}],"replies":[{"embeddable":true,"href":"https:\/\/l21.mx\/index.php?rest_route=%2Fwp%2Fv2%2Fcomments&post=23654"}],"version-history":[{"count":0,"href":"https:\/\/l21.mx\/index.php?rest_route=\/wp\/v2\/posts\/23654\/revisions"}],"wp:featuredmedia":[{"embeddable":true,"href":"https:\/\/l21.mx\/index.php?rest_route=\/wp\/v2\/media\/23657"}],"wp:attachment":[{"href":"https:\/\/l21.mx\/index.php?rest_route=%2Fwp%2Fv2%2Fmedia&parent=23654"}],"wp:term":[{"taxonomy":"category","embeddable":true,"href":"https:\/\/l21.mx\/index.php?rest_route=%2Fwp%2Fv2%2Fcategories&post=23654"},{"taxonomy":"post_tag","embeddable":true,"href":"https:\/\/l21.mx\/index.php?rest_route=%2Fwp%2Fv2%2Ftags&post=23654"}],"curies":[{"name":"wp","href":"https:\/\/api.w.org\/{rel}","templated":true}]}}