{"id":23713,"date":"2017-01-09T11:17:33","date_gmt":"2017-01-09T17:17:33","guid":{"rendered":"http:\/\/innovatori.space\/lat21\/?p=23713"},"modified":"2017-01-09T11:50:44","modified_gmt":"2017-01-09T17:50:44","slug":"la-industria-turistica-mundial-se-reunira-este-mes-en-madrid","status":"publish","type":"post","link":"https:\/\/l21.mx\/?p=23713","title":{"rendered":"La industria tur\u00edstica mundial se reunir\u00e1 este mes en Madrid"},"content":{"rendered":"<p><a href=\"http:\/\/l21.mx\/wp-content\/uploads\/2017\/01\/Imagen-FITUR.jpg\" data-rel=\"penci-gallery-image-content\" ><img fetchpriority=\"high\" decoding=\"async\" class=\"aligncenter size-large wp-image-23714\" title=\"Imagen-FITUR\" src=\"http:\/\/l21.mx\/wp-content\/uploads\/2017\/01\/Imagen-FITUR-1024x685.jpg\" alt=\"\" width=\"1024\" height=\"685\" srcset=\"https:\/\/l21.mx\/wp-content\/uploads\/2017\/01\/Imagen-FITUR-1024x685.jpg 1024w, https:\/\/l21.mx\/wp-content\/uploads\/2017\/01\/Imagen-FITUR-300x201.jpg 300w, https:\/\/l21.mx\/wp-content\/uploads\/2017\/01\/Imagen-FITUR-768x514.jpg 768w, https:\/\/l21.mx\/wp-content\/uploads\/2017\/01\/Imagen-FITUR-1536x1028.jpg 1536w, https:\/\/l21.mx\/wp-content\/uploads\/2017\/01\/Imagen-FITUR-1920x1285.jpg 1920w, https:\/\/l21.mx\/wp-content\/uploads\/2017\/01\/Imagen-FITUR-1170x783.jpg 1170w, https:\/\/l21.mx\/wp-content\/uploads\/2017\/01\/Imagen-FITUR-585x392.jpg 585w, https:\/\/l21.mx\/wp-content\/uploads\/2017\/01\/Imagen-FITUR-263x175.jpg 263w, https:\/\/l21.mx\/wp-content\/uploads\/2017\/01\/Imagen-FITUR.jpg 1936w\" sizes=\"(max-width: 1024px) 100vw, 1024px\" \/><\/a>La industria tur\u00edstica mundial tiene su cita anual, en la FERIA DE MADRID, los d\u00edas del 18 al 22 de enero de 2017<\/p>\n<p>IFEMA convoca a la industria tur\u00edstica mundial, a su cita anual en la FERIA DE MADRID, con motivo de la 37\u00aa edici\u00f3n de FITUR 2017, Feria Internacional de Turismo, que tendr\u00e1 lugar del 18 al 22 de enero de 2017. Justo en estos d\u00edas, el certamen ha iniciado el primer proceso de comercializaci\u00f3n, para invitar a participar a las empresas tur\u00edsticas, organismos e instituciones de todo el mundo. Con este encuentro, se iniciar\u00e1 el calendario internacional de ferias de turismo, sirviendo, as\u00ed, FITUR de term\u00f3metro de la situaci\u00f3n por la que atraviesa uno de los mayores motores de la econom\u00eda.<\/p>\n<div>\n<p>Esta nueva edici\u00f3n arranca con las mejores expectativas, sobre todo, considerando el positivo balance registrado en la \u00faltima convocatoria, celebrada el pasado mes de enero, en la que se alcanz\u00f3 un nuevo r\u00e9cord de participaci\u00f3n en la trayectoria de FITUR, con un total de 231.872 visitantes, incluidos 124.659 profesionales participantes (un 2% m\u00e1s que en 2015), y 9.605 empresas presentes, procedentes de 165 pa\u00edses. Asimismo, destac\u00f3 una vez, el gran n\u00famero de encuentros profesionales y de negocios, con la consiguiente rentabilidad de la Feria para los participantes. Todo ello, adem\u00e1s, repercuti\u00f3 en Madrid, generando un impacto econ\u00f3mico estimado en 210 millones de euros.<\/p>\n<p>FITUR, una de las principales convocatorias para la industria tur\u00edstica a nivel mundial y la Feria l\u00edder para el \u00e1mbito iberoamericano, trabaja ya en la configuraci\u00f3n de un espacio de negocio de primer nivel, con las mejores herramientas, que permitan a los profesionales del mundo del turismo afrontar con \u00e9xito los retos que plantea el sector en estos momentos.<\/p>\n<p><strong>Quintana Roo<\/strong><\/p>\n<p>En la versi\u00f3n pasada de la Feria, <strong>Quintana Roo<\/strong> ocup\u00f3 buena parte del pabell\u00f3n de nuestro pa\u00eds, algo que seguramente se repetir\u00e1 en esta ocasi\u00f3n. Cabe destacar que el evento es una perfecta instancia para negociar con tour operadores y mayoristas de algunos pa\u00edses de\u00a0<strong>Europa\u00a0<\/strong>para abarcar m\u00e1s mercados y tambi\u00e9n la ampliaci\u00f3n de vuelos con las principales l\u00edneas a\u00e9rea del Viejo Continente.<\/p>\n<p>&nbsp;<\/p>\n<\/div>\n","protected":false},"excerpt":{"rendered":"<p>La industria tur\u00edstica mundial tiene su cita anual, en la FERIA DE MADRID, los d\u00edas del&hellip;<\/p>\n","protected":false},"author":2,"featured_media":23716,"comment_status":"open","ping_status":"open","sticky":false,"template":"","format":"standard","meta":{"_acf_changed":false,"_lmt_disableupdate":"","_lmt_disable":"","_mbp_gutenberg_autopost":false,"footnotes":""},"categories":[23,8],"tags":[],"class_list":["post-23713","post","type-post","status-publish","format-standard","has-post-thumbnail","hentry","category-noticias","category-turismo"],"acf":[],"_links":{"self":[{"href":"https:\/\/l21.mx\/index.php?rest_route=\/wp\/v2\/posts\/23713","targetHints":{"allow":["GET"]}}],"collection":[{"href":"https:\/\/l21.mx\/index.php?rest_route=\/wp\/v2\/posts"}],"about":[{"href":"https:\/\/l21.mx\/index.php?rest_route=\/wp\/v2\/types\/post"}],"author":[{"embeddable":true,"href":"https:\/\/l21.mx\/index.php?rest_route=\/wp\/v2\/users\/2"}],"replies":[{"embeddable":true,"href":"https:\/\/l21.mx\/index.php?rest_route=%2Fwp%2Fv2%2Fcomments&post=23713"}],"version-history":[{"count":0,"href":"https:\/\/l21.mx\/index.php?rest_route=\/wp\/v2\/posts\/23713\/revisions"}],"wp:featuredmedia":[{"embeddable":true,"href":"https:\/\/l21.mx\/index.php?rest_route=\/wp\/v2\/media\/23716"}],"wp:attachment":[{"href":"https:\/\/l21.mx\/index.php?rest_route=%2Fwp%2Fv2%2Fmedia&parent=23713"}],"wp:term":[{"taxonomy":"category","embeddable":true,"href":"https:\/\/l21.mx\/index.php?rest_route=%2Fwp%2Fv2%2Fcategories&post=23713"},{"taxonomy":"post_tag","embeddable":true,"href":"https:\/\/l21.mx\/index.php?rest_route=%2Fwp%2Fv2%2Ftags&post=23713"}],"curies":[{"name":"wp","href":"https:\/\/api.w.org\/{rel}","templated":true}]}}