{"id":23846,"date":"2017-01-13T11:47:37","date_gmt":"2017-01-13T17:47:37","guid":{"rendered":"http:\/\/innovatori.space\/lat21\/?p=23846"},"modified":"2017-01-13T12:25:47","modified_gmt":"2017-01-13T18:25:47","slug":"en-marzo-se-abrira-la-plaza-mas-grande-de-cancun","status":"publish","type":"post","link":"https:\/\/l21.mx\/?p=23846","title":{"rendered":"En marzo se abrir\u00e1 la plaza m\u00e1s grande de Canc\u00fan"},"content":{"rendered":"<p><a href=\"http:\/\/l21.mx\/wp-content\/uploads\/2017\/01\/blog_images_1409005091-town-center.jpg\" data-rel=\"penci-gallery-image-content\" ><img fetchpriority=\"high\" decoding=\"async\" class=\"aligncenter size-full wp-image-23848\" title=\"blog_images_1409005091-town-center\" src=\"http:\/\/l21.mx\/wp-content\/uploads\/2017\/01\/blog_images_1409005091-town-center.jpg\" alt=\"\" width=\"621\" height=\"390\" srcset=\"https:\/\/l21.mx\/wp-content\/uploads\/2017\/01\/blog_images_1409005091-town-center.jpg 621w, https:\/\/l21.mx\/wp-content\/uploads\/2017\/01\/blog_images_1409005091-town-center-300x188.jpg 300w, https:\/\/l21.mx\/wp-content\/uploads\/2017\/01\/blog_images_1409005091-town-center-585x367.jpg 585w\" sizes=\"(max-width: 621px) 100vw, 621px\" \/><\/a>V\u00eda: Novedades. Canc\u00fan\u00a0<strong>tendr\u00e1 una nueva plaza en marzo pr\u00f3ximo:<\/strong>\u00a0se trata de Town Center que se ubica en Puerto Canc\u00fan, la cual tendr\u00e1 m\u00e1s de 122 locales comerciales.<\/p>\n<p>El proyecto es uno de los m\u00e1s esperados y aunque estaba programada a inaugurarse a finales del a\u00f1o, se retras\u00f3 y dieron una nueva fecha, afirm\u00f3 Eduardo Galaviz Ibarra, presidente de la Asociaci\u00f3n de Plazas Comerciales del Sureste.<\/p>\n<p>\u201cLa inversi\u00f3n es una de las m\u00e1s importantes, traer\u00e1 marcas que aqu\u00ed no hay adem\u00e1s de que contempla cines de pantallas IMAX\u201d, explic\u00f3.<\/p>\n<p>La inversionista Mira que ha realizado Puerto Canc\u00fan, anunci\u00f3 que en el proceso de construcci\u00f3n se generar\u00edan seis mil 500 empleos, de los cuales mil 500 ser\u00edan directos y el resto indirectos.<\/p>\n<p>El lugar se va a dividir en 20 restaurantes de cadenas como Cenacolo, Chili\u2019s, Starbucks, la Cantina 20 y una zona de \u201cfood trucks\u201d; adem\u00e1s de 10 locales de entretenimiento en el que estar\u00e1 Cin\u00e9polis con 16 salas, las cuales incluyen regular, VIP y \u00a0IMAX; \u00a090 tiendas de moda que albergar\u00e1n marcas como H&amp;M, Lacoste, Hugo Boss y la cadena espa\u00f1ola Grupo Inditex.<\/p>\n<p>La plaza se suma a la oferta que hay en la zona hotelera con La Isla, que tambi\u00e9n anunci\u00f3 remodelaciones, y\u00a0<strong>Kukulc\u00e1n Plaza que tiene m\u00e1s de dos a\u00f1os haciendo cambios para traer nuevas apuestas.\u00a0<\/strong><\/p>\n<p>\u201cNo ser\u00e1 una competencia sino una nueva oferta para visitar tanto como los turistas que lleguen as\u00ed como para los locales\u201d, explic\u00f3 Galaviz Ibarra.<\/p>\n<p>El \u201cboom\u201d de las plazas comerciales contin\u00faa y proyectos que estaban pausados como Urban Center, frente a plaza Las \u00a0Am\u00e9ricas, fueron retomados.<\/p>\n","protected":false},"excerpt":{"rendered":"<p>V\u00eda: Novedades. Canc\u00fan\u00a0tendr\u00e1 una nueva plaza en marzo pr\u00f3ximo:\u00a0se trata de Town Center que se ubica&hellip;<\/p>\n","protected":false},"author":2,"featured_media":23850,"comment_status":"open","ping_status":"open","sticky":false,"template":"","format":"standard","meta":{"_acf_changed":false,"_lmt_disableupdate":"","_lmt_disable":"","_mbp_gutenberg_autopost":false,"footnotes":""},"categories":[23,8],"tags":[],"class_list":["post-23846","post","type-post","status-publish","format-standard","has-post-thumbnail","hentry","category-noticias","category-turismo"],"acf":[],"_links":{"self":[{"href":"https:\/\/l21.mx\/index.php?rest_route=\/wp\/v2\/posts\/23846","targetHints":{"allow":["GET"]}}],"collection":[{"href":"https:\/\/l21.mx\/index.php?rest_route=\/wp\/v2\/posts"}],"about":[{"href":"https:\/\/l21.mx\/index.php?rest_route=\/wp\/v2\/types\/post"}],"author":[{"embeddable":true,"href":"https:\/\/l21.mx\/index.php?rest_route=\/wp\/v2\/users\/2"}],"replies":[{"embeddable":true,"href":"https:\/\/l21.mx\/index.php?rest_route=%2Fwp%2Fv2%2Fcomments&post=23846"}],"version-history":[{"count":0,"href":"https:\/\/l21.mx\/index.php?rest_route=\/wp\/v2\/posts\/23846\/revisions"}],"wp:featuredmedia":[{"embeddable":true,"href":"https:\/\/l21.mx\/index.php?rest_route=\/wp\/v2\/media\/23850"}],"wp:attachment":[{"href":"https:\/\/l21.mx\/index.php?rest_route=%2Fwp%2Fv2%2Fmedia&parent=23846"}],"wp:term":[{"taxonomy":"category","embeddable":true,"href":"https:\/\/l21.mx\/index.php?rest_route=%2Fwp%2Fv2%2Fcategories&post=23846"},{"taxonomy":"post_tag","embeddable":true,"href":"https:\/\/l21.mx\/index.php?rest_route=%2Fwp%2Fv2%2Ftags&post=23846"}],"curies":[{"name":"wp","href":"https:\/\/api.w.org\/{rel}","templated":true}]}}