{"id":23967,"date":"2017-01-17T16:37:11","date_gmt":"2017-01-17T22:37:11","guid":{"rendered":"http:\/\/innovatori.space\/lat21\/?p=23967"},"modified":"2017-01-17T16:47:21","modified_gmt":"2017-01-17T22:47:21","slug":"cancun-espera-alta-afluencia-de-turismo-europeo","status":"publish","type":"post","link":"https:\/\/l21.mx\/?p=23967","title":{"rendered":"Canc\u00fan espera alta afluencia de turismo europeo"},"content":{"rendered":"<p><a href=\"http:\/\/l21.mx\/wp-content\/uploads\/2016\/12\/Cancun-43.jpg\" data-rel=\"penci-gallery-image-content\" ><img fetchpriority=\"high\" decoding=\"async\" class=\"aligncenter size-large wp-image-22924\" title=\"Cancun Strand Luftbild\" src=\"http:\/\/l21.mx\/wp-content\/uploads\/2016\/12\/Cancun-43-1024x575.jpg\" alt=\"\" width=\"1024\" height=\"575\" srcset=\"https:\/\/l21.mx\/wp-content\/uploads\/2016\/12\/Cancun-43-1024x575.jpg 1024w, https:\/\/l21.mx\/wp-content\/uploads\/2016\/12\/Cancun-43-300x169.jpg 300w, https:\/\/l21.mx\/wp-content\/uploads\/2016\/12\/Cancun-43-768x431.jpg 768w, https:\/\/l21.mx\/wp-content\/uploads\/2016\/12\/Cancun-43-1536x863.jpg 1536w, https:\/\/l21.mx\/wp-content\/uploads\/2016\/12\/Cancun-43-2048x1150.jpg 2048w, https:\/\/l21.mx\/wp-content\/uploads\/2016\/12\/Cancun-43-1920x1079.jpg 1920w, https:\/\/l21.mx\/wp-content\/uploads\/2016\/12\/Cancun-43-1170x657.jpg 1170w, https:\/\/l21.mx\/wp-content\/uploads\/2016\/12\/Cancun-43-585x329.jpg 585w\" sizes=\"(max-width: 1024px) 100vw, 1024px\" \/><\/a>Canc\u00fan podr\u00eda recibir este a\u00f1o una mayor cantidad de turismo europeo debido al fortalecimiento del euro frente al peso y al clima de inseguridad de algunos destinos, afirm\u00f3 la directora ejecutiva de la Oficina de Visitantes y Convenciones (OVC), Lizzie Cole Guerrero.<\/p>\n<p>\u201cEstamos seguros que los resultados tur\u00edsticos que tendremos este a\u00f1o ser\u00e1n mejores a los que actualmente registra Canc\u00fan, al convertirse en un destino m\u00e1s accesible para los europeos\u201d, detall\u00f3.<\/p>\n<p>En conferencia de prensa, dijo que para buscar mayor acercamiento con el mercado europeo, una delegaci\u00f3n de 24 empresas tur\u00edsticas de Canc\u00fan y los destinos que conforman los Tesoros del Caribe, asistir\u00e1n a la Feria Internacional de Turismo (Fitur 2017) de Madrid.<\/p>\n<p>Detall\u00f3 que el objetivo es promover la oferta de servicios y fortalecer acuerdos comerciales con touroperadores y aerol\u00edneas que permitan incrementar la afluencia de visitantes europeos para el presente a\u00f1o.<\/p>\n<p>\u201cEsperamos una participaci\u00f3n exitosa para Canc\u00fan y los destinos de Puerto Morelos, Isla Mujeres, Holbox y Contoy y estamos seguros que con esta oferta, el turismo europeo y en especial los espa\u00f1oles, seguir\u00e1n haciendo de Canc\u00fan su destino favorito para vacacionar\u201d, se\u00f1al\u00f3.<\/p>\n<p>Cole Guerrero indic\u00f3 que para esta edici\u00f3n 37 de Fitur, a celebrarse del 18 al 22 de enero pr\u00f3ximo en Madrid, Espa\u00f1a, la secretaria estatal de Turismo, Marisol Vanegas P\u00e9rez, encabezar\u00e1 la participaci\u00f3n de Quintana Roo.<\/p>\n<p>Destac\u00f3 que la secretaria estar\u00e1 acompa\u00f1ada de representantes de la Asociaci\u00f3n de Hoteles de Canc\u00fan y Puerto Morelos, as\u00ed como del Ayuntamiento de este \u00faltimo.<\/p>\n<p>De igual forma, refiri\u00f3 que en el marco de este encuentro, la OVC de Canc\u00fan tiene programadas citas de trabajo con importantes tour operadores de Espa\u00f1a, Canad\u00e1, Alemania y Portugal.<\/p>\n<p>As\u00ed como aerol\u00edneas y medios de comunicaci\u00f3n para mantener las campa\u00f1as cooperativas de promoci\u00f3n en el presente a\u00f1o para estos mercados tur\u00edsticos.<\/p>\n<p>En ese sentido, Cole Guerrero se\u00f1al\u00f3 que en Fitur sostendr\u00e1n reuniones con el tour operador B the Travel Brand para impulsar campa\u00f1as que actualmente mantienen en Espa\u00f1a y Portugal.<\/p>\n<p>Adem\u00e1s de concretar nuevas frecuencias con aerol\u00edneas que ya vuelan al destino como Wamos Air, Air Europa y Evelop Airlines, \u00e9sta \u00faltima anunci\u00f3 desde la pasada feria en Londres, el aumento de frecuencias de sus vuelos desde Madrid, Barcelona y Portugal para el verano pr\u00f3ximo.<\/p>\n<p>De igual, forma, precis\u00f3 que buscar\u00e1n atraer la afluencia de m\u00e1s turismo de Portugal, Francia y B\u00e9lgica por lo que se tienen contempladas reuniones con agencias mayoristas, as\u00ed como con un tour operador de Espa\u00f1a para analizar planes cooperativos de promoci\u00f3n que iniciar\u00e1n en abril pr\u00f3ximo.<\/p>\n<p>Anunci\u00f3 que entre las empresas tur\u00edsticas que confirmaron su participaci\u00f3n se encuentran Playa Hotels &amp; Resorts, Palace Resorts &amp; Le Blanc, Oasis Hotels, Crown Paradise Club Canc\u00fan, Aloft Canc\u00fan, Omni Canc\u00fan, RCD Hotels, Nyx Hotel Canc\u00fan, Flamingo Canc\u00fan, Excellence Group, entre otros.<\/p>\n<p>Record\u00f3 que Fitur es el escenario estrat\u00e9gico donde se dan cita los principales tour operadores mayoristas y agentes de viajes en los tres d\u00edas destinados a los profesionales de la industria.<\/p>\n<p>En la edici\u00f3n 2016 de Fitur se bati\u00f3 record de participaci\u00f3n con 9 mil 605 empresas expositoras de 164 pa\u00edses provenientes.<\/p>\n<p>de diversas regiones del mundo, con 124 mil 659 participantes profesionales y 107 mil 213 visitantes de p\u00fablico no profesional.<\/p>\n<p><strong>V\u00eda: Notimex<\/strong><\/p>\n","protected":false},"excerpt":{"rendered":"<p>Canc\u00fan podr\u00eda recibir este a\u00f1o una mayor cantidad de turismo europeo debido al fortalecimiento del euro&hellip;<\/p>\n","protected":false},"author":2,"featured_media":22924,"comment_status":"open","ping_status":"open","sticky":false,"template":"","format":"standard","meta":{"_acf_changed":false,"_lmt_disableupdate":"","_lmt_disable":"","_mbp_gutenberg_autopost":false,"footnotes":""},"categories":[23,8],"tags":[],"class_list":["post-23967","post","type-post","status-publish","format-standard","has-post-thumbnail","hentry","category-noticias","category-turismo"],"acf":[],"_links":{"self":[{"href":"https:\/\/l21.mx\/index.php?rest_route=\/wp\/v2\/posts\/23967","targetHints":{"allow":["GET"]}}],"collection":[{"href":"https:\/\/l21.mx\/index.php?rest_route=\/wp\/v2\/posts"}],"about":[{"href":"https:\/\/l21.mx\/index.php?rest_route=\/wp\/v2\/types\/post"}],"author":[{"embeddable":true,"href":"https:\/\/l21.mx\/index.php?rest_route=\/wp\/v2\/users\/2"}],"replies":[{"embeddable":true,"href":"https:\/\/l21.mx\/index.php?rest_route=%2Fwp%2Fv2%2Fcomments&post=23967"}],"version-history":[{"count":0,"href":"https:\/\/l21.mx\/index.php?rest_route=\/wp\/v2\/posts\/23967\/revisions"}],"wp:featuredmedia":[{"embeddable":true,"href":"https:\/\/l21.mx\/index.php?rest_route=\/wp\/v2\/media\/22924"}],"wp:attachment":[{"href":"https:\/\/l21.mx\/index.php?rest_route=%2Fwp%2Fv2%2Fmedia&parent=23967"}],"wp:term":[{"taxonomy":"category","embeddable":true,"href":"https:\/\/l21.mx\/index.php?rest_route=%2Fwp%2Fv2%2Fcategories&post=23967"},{"taxonomy":"post_tag","embeddable":true,"href":"https:\/\/l21.mx\/index.php?rest_route=%2Fwp%2Fv2%2Ftags&post=23967"}],"curies":[{"name":"wp","href":"https:\/\/api.w.org\/{rel}","templated":true}]}}