{"id":24161,"date":"2017-01-31T16:53:07","date_gmt":"2017-01-31T22:53:07","guid":{"rendered":"http:\/\/innovatori.space\/lat21\/?p=24161"},"modified":"2017-01-31T11:53:30","modified_gmt":"2017-01-31T17:53:30","slug":"playa-del-carmen-sera-sede-oficial-del-5to-congreso-de-turismo-alternativo-los-dias-26-27-y-28-de-junio-del-presente-ano","status":"publish","type":"post","link":"https:\/\/l21.mx\/?p=24161","title":{"rendered":"Playa del Carmen ser\u00e1 sede oficial del 5to Congreso de Turismo Alternativo los d\u00edas 26, 27 y 28 de Junio del presente a\u00f1o."},"content":{"rendered":"<p align=\"center\"><a href=\"http:\/\/l21.mx\/wp-content\/uploads\/2017\/01\/5toCongreso.jpg\" data-rel=\"penci-gallery-image-content\" ><img fetchpriority=\"high\" decoding=\"async\" class=\"aligncenter size-large wp-image-24164\" title=\"5toCongreso\" src=\"http:\/\/l21.mx\/wp-content\/uploads\/2017\/01\/5toCongreso-1024x564.jpg\" alt=\"\" width=\"1024\" height=\"564\" srcset=\"https:\/\/l21.mx\/wp-content\/uploads\/2017\/01\/5toCongreso-1024x564.jpg 1024w, https:\/\/l21.mx\/wp-content\/uploads\/2017\/01\/5toCongreso-300x165.jpg 300w, https:\/\/l21.mx\/wp-content\/uploads\/2017\/01\/5toCongreso-768x423.jpg 768w, https:\/\/l21.mx\/wp-content\/uploads\/2017\/01\/5toCongreso-1170x644.jpg 1170w, https:\/\/l21.mx\/wp-content\/uploads\/2017\/01\/5toCongreso-585x322.jpg 585w, https:\/\/l21.mx\/wp-content\/uploads\/2017\/01\/5toCongreso.jpg 1200w\" sizes=\"(max-width: 1024px) 100vw, 1024px\" \/><\/a><\/p>\n<p>El cual tiene como objetivo principal promover la interacci\u00f3n entre los diferentes actores del sector Turismo, Estudiantes, Autoridades y Empresarios locales de la comunidad receptora, los cuales comparten su conocimiento para nutrir el estudio de las diferentes variables que impulsan o alteran el turismo alternativo.<\/p>\n<p>Por lo cual dentro del evento se llevar\u00e1n a cabo un ciclo de 8 conferencias magistrales que se guiar\u00e1n a trav\u00e9s del tema \u201cTurismo y Desarrollo local\u201d en el marco del A\u00f1o del Turismo Sustentable, al exponer casos que involucran contenido como ecoturismo, turismo de aventura, turismo cultural entre otros.<\/p>\n<p>El congreso contar\u00e1 con otras actividades como una tarde cultural para reunir a los locales con todos los asistentes del congreso y turistas que se quieran sumar.<\/p>\n<p>Cabe agregar que se realizar\u00e1n dos tours que consistir\u00e1n en una visita guiada a la zona arqueol\u00f3gica m\u00e1s importante del Caribe Mexicano (Tulum) y por otra parte el segundo tour consistir\u00e1 en adentrarnos al misterioso mundo maya visitando sus cenotes, todo con el objetivo de apoyar a la comunidad receptora de este evento.<\/p>\n<p>El 5to Congreso de Turismo Alternativo agradece el apoyo recibido de las autoridades p\u00fablicas y empresas privadas para la celebraci\u00f3n del evento.<\/p>\n","protected":false},"excerpt":{"rendered":"<p>El cual tiene como objetivo principal promover la interacci\u00f3n entre los diferentes actores del sector Turismo,&hellip;<\/p>\n","protected":false},"author":2,"featured_media":24164,"comment_status":"open","ping_status":"open","sticky":false,"template":"","format":"standard","meta":{"_acf_changed":false,"_lmt_disableupdate":"","_lmt_disable":"","_mbp_gutenberg_autopost":false,"footnotes":""},"categories":[23,8],"tags":[],"class_list":["post-24161","post","type-post","status-publish","format-standard","has-post-thumbnail","hentry","category-noticias","category-turismo"],"acf":[],"_links":{"self":[{"href":"https:\/\/l21.mx\/index.php?rest_route=\/wp\/v2\/posts\/24161","targetHints":{"allow":["GET"]}}],"collection":[{"href":"https:\/\/l21.mx\/index.php?rest_route=\/wp\/v2\/posts"}],"about":[{"href":"https:\/\/l21.mx\/index.php?rest_route=\/wp\/v2\/types\/post"}],"author":[{"embeddable":true,"href":"https:\/\/l21.mx\/index.php?rest_route=\/wp\/v2\/users\/2"}],"replies":[{"embeddable":true,"href":"https:\/\/l21.mx\/index.php?rest_route=%2Fwp%2Fv2%2Fcomments&post=24161"}],"version-history":[{"count":0,"href":"https:\/\/l21.mx\/index.php?rest_route=\/wp\/v2\/posts\/24161\/revisions"}],"wp:featuredmedia":[{"embeddable":true,"href":"https:\/\/l21.mx\/index.php?rest_route=\/wp\/v2\/media\/24164"}],"wp:attachment":[{"href":"https:\/\/l21.mx\/index.php?rest_route=%2Fwp%2Fv2%2Fmedia&parent=24161"}],"wp:term":[{"taxonomy":"category","embeddable":true,"href":"https:\/\/l21.mx\/index.php?rest_route=%2Fwp%2Fv2%2Fcategories&post=24161"},{"taxonomy":"post_tag","embeddable":true,"href":"https:\/\/l21.mx\/index.php?rest_route=%2Fwp%2Fv2%2Ftags&post=24161"}],"curies":[{"name":"wp","href":"https:\/\/api.w.org\/{rel}","templated":true}]}}