{"id":24297,"date":"2017-02-01T10:43:37","date_gmt":"2017-02-01T16:43:37","guid":{"rendered":"http:\/\/innovatori.space\/lat21\/?p=24297"},"modified":"2017-02-01T10:48:03","modified_gmt":"2017-02-01T16:48:03","slug":"marti","status":"publish","type":"post","link":"https:\/\/l21.mx\/?p=24297","title":{"rendered":"\u2193 \u2193 Mart\u00ed"},"content":{"rendered":"<p><a href=\"http:\/\/l21.mx\/wp-content\/uploads\/2017\/02\/marti-gran-plaza.jpg\" data-rel=\"penci-gallery-image-content\" ><img fetchpriority=\"high\" decoding=\"async\" class=\"aligncenter size-full wp-image-24299\" title=\"marti-gran-plaza\" src=\"http:\/\/l21.mx\/wp-content\/uploads\/2017\/02\/marti-gran-plaza.jpg\" alt=\"\" width=\"600\" height=\"399\" srcset=\"https:\/\/l21.mx\/wp-content\/uploads\/2017\/02\/marti-gran-plaza.jpg 600w, https:\/\/l21.mx\/wp-content\/uploads\/2017\/02\/marti-gran-plaza-300x200.jpg 300w, https:\/\/l21.mx\/wp-content\/uploads\/2017\/02\/marti-gran-plaza-585x389.jpg 585w, https:\/\/l21.mx\/wp-content\/uploads\/2017\/02\/marti-gran-plaza-263x175.jpg 263w\" sizes=\"(max-width: 600px) 100vw, 600px\" \/><\/a><\/p>\n<p>La empresa l\u00edder en el pa\u00eds en venta de ropa y art\u00edculos deportivos de marcas internacionales y con presencia en los principales destinos tur\u00edsticos de Quintana Roo cierra la sucursal de La Gran Plaza Canc\u00fan, en avenida Nichupt\u00e9, donde operaba desde hace ya m\u00e1s de un lustro con horario de 10:00 de la ma\u00f1ana a 10:00 de la noche.<\/p>\n<div><\/div>\n","protected":false},"excerpt":{"rendered":"<p>La empresa l\u00edder en el pa\u00eds en venta de ropa y art\u00edculos deportivos de marcas internacionales&hellip;<\/p>\n","protected":false},"author":2,"featured_media":24299,"comment_status":"open","ping_status":"open","sticky":false,"template":"","format":"standard","meta":{"_acf_changed":false,"_lmt_disableupdate":"","_lmt_disable":"","_mbp_gutenberg_autopost":false,"footnotes":""},"categories":[10],"tags":[],"class_list":["post-24297","post","type-post","status-publish","format-standard","has-post-thumbnail","hentry","category-sube-y-baja"],"acf":[],"_links":{"self":[{"href":"https:\/\/l21.mx\/index.php?rest_route=\/wp\/v2\/posts\/24297","targetHints":{"allow":["GET"]}}],"collection":[{"href":"https:\/\/l21.mx\/index.php?rest_route=\/wp\/v2\/posts"}],"about":[{"href":"https:\/\/l21.mx\/index.php?rest_route=\/wp\/v2\/types\/post"}],"author":[{"embeddable":true,"href":"https:\/\/l21.mx\/index.php?rest_route=\/wp\/v2\/users\/2"}],"replies":[{"embeddable":true,"href":"https:\/\/l21.mx\/index.php?rest_route=%2Fwp%2Fv2%2Fcomments&post=24297"}],"version-history":[{"count":0,"href":"https:\/\/l21.mx\/index.php?rest_route=\/wp\/v2\/posts\/24297\/revisions"}],"wp:featuredmedia":[{"embeddable":true,"href":"https:\/\/l21.mx\/index.php?rest_route=\/wp\/v2\/media\/24299"}],"wp:attachment":[{"href":"https:\/\/l21.mx\/index.php?rest_route=%2Fwp%2Fv2%2Fmedia&parent=24297"}],"wp:term":[{"taxonomy":"category","embeddable":true,"href":"https:\/\/l21.mx\/index.php?rest_route=%2Fwp%2Fv2%2Fcategories&post=24297"},{"taxonomy":"post_tag","embeddable":true,"href":"https:\/\/l21.mx\/index.php?rest_route=%2Fwp%2Fv2%2Ftags&post=24297"}],"curies":[{"name":"wp","href":"https:\/\/api.w.org\/{rel}","templated":true}]}}