{"id":24324,"date":"2017-02-01T10:53:51","date_gmt":"2017-02-01T16:53:51","guid":{"rendered":"http:\/\/innovatori.space\/lat21\/?p=24324"},"modified":"2017-02-01T10:55:09","modified_gmt":"2017-02-01T16:55:09","slug":"el-sano-juicio-restaurante","status":"publish","type":"post","link":"https:\/\/l21.mx\/?p=24324","title":{"rendered":"\u2191\u2191 El Sano Juicio Restaurante"},"content":{"rendered":"<p><a href=\"http:\/\/l21.mx\/wp-content\/uploads\/2017\/02\/El-Sano-Juicio-Restaurante.jpg\" data-rel=\"penci-gallery-image-content\" ><img fetchpriority=\"high\" decoding=\"async\" class=\"aligncenter size-full wp-image-24327\" title=\"El-Sano-Juicio-Restaurante\" src=\"http:\/\/l21.mx\/wp-content\/uploads\/2017\/02\/El-Sano-Juicio-Restaurante.jpg\" alt=\"\" width=\"600\" height=\"900\" srcset=\"https:\/\/l21.mx\/wp-content\/uploads\/2017\/02\/El-Sano-Juicio-Restaurante.jpg 600w, https:\/\/l21.mx\/wp-content\/uploads\/2017\/02\/El-Sano-Juicio-Restaurante-200x300.jpg 200w, https:\/\/l21.mx\/wp-content\/uploads\/2017\/02\/El-Sano-Juicio-Restaurante-585x878.jpg 585w\" sizes=\"(max-width: 600px) 100vw, 600px\" \/><\/a><\/p>\n<p>Con inversi\u00f3n de un mill\u00f3n de pesos, el Grupo Sano Juicio abri\u00f3 la primera sucursal del restaurante bajo esta marca &#8211; que se suma a la casa matriz-, con oferta a la carta que incluye ensaladas, cortes, pastas y postres hechos en casa, utilizando productos locales. El restaurante tiene capacidad para 100 comensales y servicio para desayunos, comidas y cenas. Gener\u00f3 28 empleos directos y 70 indirectos. Av. Xcaret, Mza. 2, Lte. 5, SM 35, local 27, Plaza Monarca. E-mail: elsanojuiciocancun@gmail.com.<\/p>\n<div><\/div>\n","protected":false},"excerpt":{"rendered":"<p>Con inversi\u00f3n de un mill\u00f3n de pesos, el Grupo Sano Juicio abri\u00f3 la primera sucursal del&hellip;<\/p>\n","protected":false},"author":2,"featured_media":24327,"comment_status":"open","ping_status":"open","sticky":false,"template":"","format":"standard","meta":{"_acf_changed":false,"_lmt_disableupdate":"","_lmt_disable":"","_mbp_gutenberg_autopost":false,"footnotes":""},"categories":[10],"tags":[],"class_list":["post-24324","post","type-post","status-publish","format-standard","has-post-thumbnail","hentry","category-sube-y-baja"],"acf":[],"_links":{"self":[{"href":"https:\/\/l21.mx\/index.php?rest_route=\/wp\/v2\/posts\/24324","targetHints":{"allow":["GET"]}}],"collection":[{"href":"https:\/\/l21.mx\/index.php?rest_route=\/wp\/v2\/posts"}],"about":[{"href":"https:\/\/l21.mx\/index.php?rest_route=\/wp\/v2\/types\/post"}],"author":[{"embeddable":true,"href":"https:\/\/l21.mx\/index.php?rest_route=\/wp\/v2\/users\/2"}],"replies":[{"embeddable":true,"href":"https:\/\/l21.mx\/index.php?rest_route=%2Fwp%2Fv2%2Fcomments&post=24324"}],"version-history":[{"count":0,"href":"https:\/\/l21.mx\/index.php?rest_route=\/wp\/v2\/posts\/24324\/revisions"}],"wp:featuredmedia":[{"embeddable":true,"href":"https:\/\/l21.mx\/index.php?rest_route=\/wp\/v2\/media\/24327"}],"wp:attachment":[{"href":"https:\/\/l21.mx\/index.php?rest_route=%2Fwp%2Fv2%2Fmedia&parent=24324"}],"wp:term":[{"taxonomy":"category","embeddable":true,"href":"https:\/\/l21.mx\/index.php?rest_route=%2Fwp%2Fv2%2Fcategories&post=24324"},{"taxonomy":"post_tag","embeddable":true,"href":"https:\/\/l21.mx\/index.php?rest_route=%2Fwp%2Fv2%2Ftags&post=24324"}],"curies":[{"name":"wp","href":"https:\/\/api.w.org\/{rel}","templated":true}]}}