{"id":24370,"date":"2017-02-02T12:05:01","date_gmt":"2017-02-02T18:05:01","guid":{"rendered":"http:\/\/innovatori.space\/lat21\/?p=24370"},"modified":"2017-02-02T12:05:01","modified_gmt":"2017-02-02T18:05:01","slug":"incrementan-el-costo-de-las-casetas-de-la-autopista-cancun-merida","status":"publish","type":"post","link":"https:\/\/l21.mx\/?p=24370","title":{"rendered":"Incrementan el costo de las casetas de la autopista Canc\u00fan-M\u00e9rida"},"content":{"rendered":"<p><a href=\"http:\/\/l21.mx\/wp-content\/uploads\/2017\/02\/autovia-del-mayab.jpg\" data-rel=\"penci-gallery-image-content\" ><img fetchpriority=\"high\" decoding=\"async\" class=\"alignleft size-full wp-image-24372\" title=\"autovia-del-mayab\" src=\"http:\/\/l21.mx\/wp-content\/uploads\/2017\/02\/autovia-del-mayab.jpg\" alt=\"\" width=\"592\" height=\"452\" srcset=\"https:\/\/l21.mx\/wp-content\/uploads\/2017\/02\/autovia-del-mayab.jpg 592w, https:\/\/l21.mx\/wp-content\/uploads\/2017\/02\/autovia-del-mayab-300x229.jpg 300w, https:\/\/l21.mx\/wp-content\/uploads\/2017\/02\/autovia-del-mayab-585x447.jpg 585w\" sizes=\"(max-width: 592px) 100vw, 592px\" \/><\/a><\/p>\n<p>Desde el d\u00eda de hoy se incrementaron en 5 y 9 pesos el costo de cada una de las casetas de la autopista Canc\u00fan-M\u00e9rida tambi\u00e9n llamada Autov\u00eda del Mayab a cargo de la empresa Autov\u00eda.<\/p>\n<p>El costo anterior de la caseta del tramo Valladolid a M\u00e9rida era de $160 pesos quedando en $165 desde al d\u00eda de hoy. En el tramo de Valladolid a Canc\u00fan tendr\u00e1 un costo de $285 pesos, el precio anterior era de $276<\/p>\n<p>En promedio m\u00e1s de ocho mil veh\u00edculos circulan por d\u00eda en la autopista Canc\u00fan-M\u00e9rida.<\/p>\n","protected":false},"excerpt":{"rendered":"<p>Desde el d\u00eda de hoy se incrementaron en 5 y 9 pesos el costo de cada&hellip;<\/p>\n","protected":false},"author":2,"featured_media":24373,"comment_status":"open","ping_status":"open","sticky":false,"template":"","format":"standard","meta":{"_acf_changed":false,"_lmt_disableupdate":"","_lmt_disable":"","_mbp_gutenberg_autopost":false,"footnotes":""},"categories":[23,8],"tags":[],"class_list":["post-24370","post","type-post","status-publish","format-standard","has-post-thumbnail","hentry","category-noticias","category-turismo"],"acf":[],"_links":{"self":[{"href":"https:\/\/l21.mx\/index.php?rest_route=\/wp\/v2\/posts\/24370","targetHints":{"allow":["GET"]}}],"collection":[{"href":"https:\/\/l21.mx\/index.php?rest_route=\/wp\/v2\/posts"}],"about":[{"href":"https:\/\/l21.mx\/index.php?rest_route=\/wp\/v2\/types\/post"}],"author":[{"embeddable":true,"href":"https:\/\/l21.mx\/index.php?rest_route=\/wp\/v2\/users\/2"}],"replies":[{"embeddable":true,"href":"https:\/\/l21.mx\/index.php?rest_route=%2Fwp%2Fv2%2Fcomments&post=24370"}],"version-history":[{"count":0,"href":"https:\/\/l21.mx\/index.php?rest_route=\/wp\/v2\/posts\/24370\/revisions"}],"wp:featuredmedia":[{"embeddable":true,"href":"https:\/\/l21.mx\/index.php?rest_route=\/wp\/v2\/media\/24373"}],"wp:attachment":[{"href":"https:\/\/l21.mx\/index.php?rest_route=%2Fwp%2Fv2%2Fmedia&parent=24370"}],"wp:term":[{"taxonomy":"category","embeddable":true,"href":"https:\/\/l21.mx\/index.php?rest_route=%2Fwp%2Fv2%2Fcategories&post=24370"},{"taxonomy":"post_tag","embeddable":true,"href":"https:\/\/l21.mx\/index.php?rest_route=%2Fwp%2Fv2%2Ftags&post=24370"}],"curies":[{"name":"wp","href":"https:\/\/api.w.org\/{rel}","templated":true}]}}