{"id":24418,"date":"2017-02-07T11:57:55","date_gmt":"2017-02-07T17:57:55","guid":{"rendered":"http:\/\/innovatori.space\/lat21\/?p=24418"},"modified":"2017-02-07T11:59:32","modified_gmt":"2017-02-07T17:59:32","slug":"mas-de-dos-mil-millones-de-pesos-estaran-disponibles-para-el-fondo-nacional-del-emprendedor","status":"publish","type":"post","link":"https:\/\/l21.mx\/?p=24418","title":{"rendered":"M\u00e1s de dos mil millones de pesos estar\u00e1n disponibles en el Fondo Nacional del Emprendedor"},"content":{"rendered":"<div data-block=\"true\" data-editor=\"b51sc\" data-offset-key=\"31ql-0-0\">\n<div data-offset-key=\"31ql-0-0\">Este a\u00f1o el Fondo Nacional del Emprendedor pondr\u00e1 a disposici\u00f3n de proyectos de micro, peque\u00f1as y medianas empresas m\u00e1s de dos mil millones de pesos, coment\u00f3 Rolando Zubir\u00e1n director general de Sectores Estrat\u00e9gicos y Desarrollo Regional del INADEM, durante la presentaci\u00f3n de la convocatoria 2017 ante j\u00f3venes de la Universidad del Caribe.<\/div>\n<\/div>\n<div data-block=\"true\" data-editor=\"b51sc\" data-offset-key=\"40qpe-0-0\">\n<div data-offset-key=\"40qpe-0-0\">La primera convocatoria se lanza el 13 de febrero pr\u00f3ximo y hasta abril, dependiendo del sector de inter\u00e9s.<\/div>\n<div data-offset-key=\"40qpe-0-0\">\n<div data-sliderid=\"43699\" id=\"penci-post-gallery__43699\" class=\"penci-post-gallery-container justified column-4\" data-height=\"150\" data-margin=\"3\"><a class=\"penci-gallery-ite item-gallery-justified\" href=\"https:\/\/l21.mx\/wp-content\/uploads\/2016\/02\/museo-cera-g.jpg\" data-rel=\"penci-gallery-image-content\" ><img decoding=\"async\" src=\"https:\/\/l21.mx\/wp-content\/uploads\/2016\/02\/museo-cera-g-585x222.jpg\" alt=\"\" title=\"museo-cera-g\"><\/a><a class=\"penci-gallery-ite item-gallery-justified\" href=\"https:\/\/l21.mx\/wp-content\/uploads\/2016\/12\/221216b9590c980med.jpg\" data-rel=\"penci-gallery-image-content\" ><img decoding=\"async\" src=\"https:\/\/l21.mx\/wp-content\/uploads\/2016\/12\/221216b9590c980med-585x398.jpg\" alt=\"\" title=\"221216b9590c980med\"><\/a><a class=\"penci-gallery-ite item-gallery-justified\" href=\"https:\/\/l21.mx\/wp-content\/uploads\/2025\/08\/20250725_101500.jpg\" data-rel=\"penci-gallery-image-content\" ><img decoding=\"async\" src=\"https:\/\/l21.mx\/wp-content\/uploads\/2025\/08\/20250725_101500-585x780.jpg\" alt=\"\" title=\"20250725_101500\"><\/a><a class=\"penci-gallery-ite item-gallery-justified\" href=\"https:\/\/l21.mx\/wp-content\/uploads\/2018\/09\/Banobras.jpg\" data-rel=\"penci-gallery-image-content\"  data-cap=\"Foto: Pinteres\"><img decoding=\"async\" src=\"https:\/\/l21.mx\/wp-content\/uploads\/2018\/09\/Banobras-585x280.jpg\" alt=\"\" title=\"Banobras\"><div class=\"caption\">Foto: Pinteres<\/div><\/a><a class=\"penci-gallery-ite item-gallery-justified\" href=\"https:\/\/l21.mx\/wp-content\/uploads\/2013\/01\/made_in-china.jpg\" data-rel=\"penci-gallery-image-content\" ><img decoding=\"async\" src=\"https:\/\/l21.mx\/wp-content\/uploads\/2013\/01\/made_in-china.jpg\" alt=\"canc\u00fan &quot;revista latitud21&quot; latitud21 &quot;Caribe Mexicano&quot; latitud 21 &quot;Grupo editorial Latitud21&quot;\" title=\"made_in-china latitud21\"><\/a><\/div>\n<\/div>\n<\/div>\n","protected":false},"excerpt":{"rendered":"<p>Este a\u00f1o el Fondo Nacional del Emprendedor pondr\u00e1 a disposici\u00f3n de proyectos de micro, peque\u00f1as y&hellip;<\/p>\n","protected":false},"author":2,"featured_media":24422,"comment_status":"open","ping_status":"open","sticky":false,"template":"","format":"standard","meta":{"_acf_changed":false,"_lmt_disableupdate":"","_lmt_disable":"","_mbp_gutenberg_autopost":false,"footnotes":""},"categories":[4,23],"tags":[],"class_list":["post-24418","post","type-post","status-publish","format-standard","has-post-thumbnail","hentry","category-empresas-y-negocios","category-noticias"],"acf":[],"_links":{"self":[{"href":"https:\/\/l21.mx\/index.php?rest_route=\/wp\/v2\/posts\/24418","targetHints":{"allow":["GET"]}}],"collection":[{"href":"https:\/\/l21.mx\/index.php?rest_route=\/wp\/v2\/posts"}],"about":[{"href":"https:\/\/l21.mx\/index.php?rest_route=\/wp\/v2\/types\/post"}],"author":[{"embeddable":true,"href":"https:\/\/l21.mx\/index.php?rest_route=\/wp\/v2\/users\/2"}],"replies":[{"embeddable":true,"href":"https:\/\/l21.mx\/index.php?rest_route=%2Fwp%2Fv2%2Fcomments&post=24418"}],"version-history":[{"count":0,"href":"https:\/\/l21.mx\/index.php?rest_route=\/wp\/v2\/posts\/24418\/revisions"}],"wp:featuredmedia":[{"embeddable":true,"href":"https:\/\/l21.mx\/index.php?rest_route=\/wp\/v2\/media\/24422"}],"wp:attachment":[{"href":"https:\/\/l21.mx\/index.php?rest_route=%2Fwp%2Fv2%2Fmedia&parent=24418"}],"wp:term":[{"taxonomy":"category","embeddable":true,"href":"https:\/\/l21.mx\/index.php?rest_route=%2Fwp%2Fv2%2Fcategories&post=24418"},{"taxonomy":"post_tag","embeddable":true,"href":"https:\/\/l21.mx\/index.php?rest_route=%2Fwp%2Fv2%2Ftags&post=24418"}],"curies":[{"name":"wp","href":"https:\/\/api.w.org\/{rel}","templated":true}]}}