{"id":24456,"date":"2017-02-09T08:47:20","date_gmt":"2017-02-09T14:47:20","guid":{"rendered":"http:\/\/innovatori.space\/lat21\/?p=24456"},"modified":"2017-02-09T11:36:44","modified_gmt":"2017-02-09T17:36:44","slug":"cancun-entre-las-favoritas-para-licitacion-de-estaciones-de-fm","status":"publish","type":"post","link":"https:\/\/l21.mx\/?p=24456","title":{"rendered":"Canc\u00fan entre las favoritas para licitaci\u00f3n de estaciones de FM"},"content":{"rendered":"<p><a href=\"http:\/\/l21.mx\/wp-content\/uploads\/2017\/02\/Captura-de-pantalla-2017-02-09-a-las-9.45.06.png\" data-rel=\"penci-gallery-image-content\" ><img fetchpriority=\"high\" decoding=\"async\" class=\"alignleft  wp-image-24458\" title=\"cancun radio fm\" src=\"http:\/\/l21.mx\/wp-content\/uploads\/2017\/02\/Captura-de-pantalla-2017-02-09-a-las-9.45.06.png\" alt=\"cancun radio fm\" width=\"356\" height=\"236\" srcset=\"https:\/\/l21.mx\/wp-content\/uploads\/2017\/02\/Captura-de-pantalla-2017-02-09-a-las-9.45.06.png 593w, https:\/\/l21.mx\/wp-content\/uploads\/2017\/02\/Captura-de-pantalla-2017-02-09-a-las-9.45.06-300x199.png 300w, https:\/\/l21.mx\/wp-content\/uploads\/2017\/02\/Captura-de-pantalla-2017-02-09-a-las-9.45.06-585x388.png 585w, https:\/\/l21.mx\/wp-content\/uploads\/2017\/02\/Captura-de-pantalla-2017-02-09-a-las-9.45.06-263x175.png 263w\" sizes=\"(max-width: 356px) 100vw, 356px\" \/><\/a><\/p>\n<p>&nbsp;<\/p>\n<p>En el primer d\u00eda de presentaci\u00f3n de ofertas para las estaciones en Frecuencia Modulada (FM), las frecuencias ubicadas en las zonas tur\u00edsticas como Canc\u00fan, Playa del Carmen y San Jos\u00e9 del Cabo fueron en las que m\u00e1s \u201capetito\u201d mostraron los concursantes; a lo largo del d\u00eda, la participaci\u00f3n fue increment\u00e1ndose.<\/p>\n<p>Las frecuencias de mayor inter\u00e9s se ubican en Playa del Carmen la 96.1 con un valor m\u00ednimo de referencia de 344 mil pesos; en Canc\u00fan la 94.9, cuyo valor m\u00ednimo es de un mill\u00f3n 669 mil pesos, actualmente va arriba de los 20 millones; en San Jos\u00e9 del Cabo la 89.1 y 89.9 cada una con valor de 200 mil pesos; adem\u00e1s de otras en Puerto Vallarta.<\/p>\n<p>Con la sesi\u00f3n de pr\u00e1ctica y procedimiento para la presentaci\u00f3n de ofertas para las 146 frecuencias en FM, este martes inici\u00f3 la tercera etapa de la licitaci\u00f3n de radio que lleva a cabo el Instituto Federal de Telecomunicaciones (IFT). Para AM, ser\u00e1 el pr\u00f3ximo 14 de febrero.<\/p>\n<p>Este martes hubo cuatro reportes: el primer corte de la presentaci\u00f3n fue a las 12 de mediod\u00eda, en el que 144 participantes presentaron 361 posturas v\u00e1lidas para un total de 120 lotes y 90 localidades principales a servir. Durante las primeras dos horas del concurso registraron actividad 91% del total de participantes. Los lotes con mayor actividad fueron Playa del Carmen, Tulum, Canc\u00fan y San Jos\u00e9 del Cabo, con 16 posturas v\u00e1lidas al momento del corte.<\/p>\n<p>En el segundo corte de las 2 de la tarde, 147 participantes presentaron 378 posturas v\u00e1lidas; registraron actividad 92% del total de participantes. Los lotes con mayor actividad fueron San Jos\u00e9 del Cabo, con 17 posturas v\u00e1lidas y Canc\u00fan, La Paz, Playa del Carmen y Tulum, con 16 posturas v\u00e1lidas.<\/p>\n<p>A las 4 de la tarde, 150 participantes hab\u00edan presentado 409 posturas v\u00e1lidas; registraron actividad 94% del total de participantes. Los Lotes con mayor actividad fueron San Jos\u00e9 del Cabo con 18 posturas v\u00e1lidas y Canc\u00fan, Chetumal, La Paz, Playa del Carmen y Tulum, con 16 posturas v\u00e1lidas.<\/p>\n<p>En el \u00faltimo corte, de las 6:30, 155 participantes presentaron 462 posturas v\u00e1lidas para un total de 90 localidades principales; 97% del total de participantes registraron actividad. Los lotes con mayor actividad al corte fueron San Jos\u00e9 del Cabo y Playa del Carmen con 19 posturas, Canc\u00fan con 18 y La Paz con 17.<\/p>\n<p>La licitaci\u00f3n se realiza mediante el Procedimiento de Presentaci\u00f3n de Ofertas v\u00eda Internet y est\u00e1 dividida en dos concursos: uno correspondiente a 146 frecuencias en FM (que originalmente eran 191) y otro para las 31 estaciones en AM (que originalmente eran 66). En el proceso hay 166 participantes por las 177 frecuencias, contenidas en 117 localidades distintas. Los concursos est\u00e1n programados para una duraci\u00f3n de 48 horas; sin embargo, podr\u00e1 extenderse para cada lote en particular, en caso de registrarse actividad para \u00e9ste (presentaci\u00f3n de al menos una oferta) en la media hora previa al cierre programado. (con informaci\u00f3n del Economista.com.mx)<\/p>\n","protected":false},"excerpt":{"rendered":"<p>&nbsp; En el primer d\u00eda de presentaci\u00f3n de ofertas para las estaciones en Frecuencia Modulada (FM),&hellip;<\/p>\n","protected":false},"author":2,"featured_media":24458,"comment_status":"open","ping_status":"open","sticky":false,"template":"","format":"standard","meta":{"_acf_changed":false,"_lmt_disableupdate":"","_lmt_disable":"","_mbp_gutenberg_autopost":false,"footnotes":""},"categories":[4,23],"tags":[],"class_list":["post-24456","post","type-post","status-publish","format-standard","has-post-thumbnail","hentry","category-empresas-y-negocios","category-noticias"],"acf":[],"yoast_head":"<!-- This site is optimized with the Yoast SEO plugin v27.3 - https:\/\/yoast.com\/product\/yoast-seo-wordpress\/ -->\n<title>Canc\u00fan entre las favoritas para licitaci\u00f3n de estaciones de FM | Revista Latitud 21<\/title>\n<meta name=\"description\" content=\"L21, Emprendedores y Negocios en el Caribe Mexicano, es la revista l\u00edder entre el Sector Empresarial y Tur\u00edstico del Caribe Mexicano.\" \/>\n<meta name=\"robots\" content=\"index, follow, max-snippet:-1, max-image-preview:large, max-video-preview:-1\" \/>\n<link rel=\"canonical\" href=\"https:\/\/l21.mx\/?p=24456\" \/>\n<meta name=\"twitter:card\" content=\"summary_large_image\" \/>\n<meta name=\"twitter:title\" content=\"Canc\u00fan entre las favoritas para licitaci\u00f3n de estaciones de FM | Revista Latitud 21\" \/>\n<meta name=\"twitter:description\" content=\"L21, Emprendedores y Negocios en el Caribe Mexicano, es la revista l\u00edder entre el Sector Empresarial y Tur\u00edstico del Caribe Mexicano.\" \/>\n<meta name=\"twitter:image\" content=\"https:\/\/l21.mx\/wp-content\/uploads\/2017\/02\/Captura-de-pantalla-2017-02-09-a-las-9.45.06.png\" \/>\n<meta name=\"twitter:creator\" content=\"@Latitud21mx\" \/>\n<meta name=\"twitter:site\" content=\"@Latitud21mx\" \/>\n<meta name=\"twitter:label1\" content=\"Escrito por\" \/>\n\t<meta name=\"twitter:data1\" content=\"Latitud21 Redacci\u00f3n\" \/>\n\t<meta name=\"twitter:label2\" content=\"Tiempo de lectura\" \/>\n\t<meta name=\"twitter:data2\" content=\"2 minutos\" \/>\n<script type=\"application\/ld+json\" class=\"yoast-schema-graph\">{\"@context\":\"https:\\\/\\\/schema.org\",\"@graph\":[{\"@type\":\"Article\",\"@id\":\"https:\\\/\\\/l21.mx\\\/?p=24456#article\",\"isPartOf\":{\"@id\":\"https:\\\/\\\/l21.mx\\\/?p=24456\"},\"author\":{\"name\":\"Latitud21 Redacci\u00f3n\",\"@id\":\"https:\\\/\\\/l21.mx\\\/#\\\/schema\\\/person\\\/4b571cc212089f95579f3b66253728f1\"},\"headline\":\"Canc\u00fan entre las favoritas para licitaci\u00f3n de estaciones de FM\",\"datePublished\":\"2017-02-09T14:47:20+00:00\",\"dateModified\":\"2017-02-09T17:36:44+00:00\",\"mainEntityOfPage\":{\"@id\":\"https:\\\/\\\/l21.mx\\\/?p=24456\"},\"wordCount\":505,\"commentCount\":0,\"publisher\":{\"@id\":\"https:\\\/\\\/l21.mx\\\/#organization\"},\"image\":{\"@id\":\"https:\\\/\\\/l21.mx\\\/?p=24456#primaryimage\"},\"thumbnailUrl\":\"https:\\\/\\\/l21.mx\\\/wp-content\\\/uploads\\\/2017\\\/02\\\/Captura-de-pantalla-2017-02-09-a-las-9.45.06.png\",\"articleSection\":[\"Empresas y Negocios\",\"Noticias\"],\"inLanguage\":\"es\",\"potentialAction\":[{\"@type\":\"CommentAction\",\"name\":\"Comment\",\"target\":[\"https:\\\/\\\/l21.mx\\\/?p=24456#respond\"]}]},{\"@type\":\"WebPage\",\"@id\":\"https:\\\/\\\/l21.mx\\\/?p=24456\",\"url\":\"https:\\\/\\\/l21.mx\\\/?p=24456\",\"name\":\"Canc\u00fan entre las favoritas para licitaci\u00f3n de estaciones de FM | Revista Latitud 21\",\"isPartOf\":{\"@id\":\"https:\\\/\\\/l21.mx\\\/#website\"},\"primaryImageOfPage\":{\"@id\":\"https:\\\/\\\/l21.mx\\\/?p=24456#primaryimage\"},\"image\":{\"@id\":\"https:\\\/\\\/l21.mx\\\/?p=24456#primaryimage\"},\"thumbnailUrl\":\"https:\\\/\\\/l21.mx\\\/wp-content\\\/uploads\\\/2017\\\/02\\\/Captura-de-pantalla-2017-02-09-a-las-9.45.06.png\",\"datePublished\":\"2017-02-09T14:47:20+00:00\",\"dateModified\":\"2017-02-09T17:36:44+00:00\",\"description\":\"L21, Emprendedores y Negocios en el Caribe Mexicano, es la revista l\u00edder entre el Sector Empresarial y Tur\u00edstico del Caribe Mexicano.\",\"breadcrumb\":{\"@id\":\"https:\\\/\\\/l21.mx\\\/?p=24456#breadcrumb\"},\"inLanguage\":\"es\",\"potentialAction\":[{\"@type\":\"ReadAction\",\"target\":[\"https:\\\/\\\/l21.mx\\\/?p=24456\"]}]},{\"@type\":\"ImageObject\",\"inLanguage\":\"es\",\"@id\":\"https:\\\/\\\/l21.mx\\\/?p=24456#primaryimage\",\"url\":\"https:\\\/\\\/l21.mx\\\/wp-content\\\/uploads\\\/2017\\\/02\\\/Captura-de-pantalla-2017-02-09-a-las-9.45.06.png\",\"contentUrl\":\"https:\\\/\\\/l21.mx\\\/wp-content\\\/uploads\\\/2017\\\/02\\\/Captura-de-pantalla-2017-02-09-a-las-9.45.06.png\",\"width\":593,\"height\":393,\"caption\":\"cancun radio fm\"},{\"@type\":\"BreadcrumbList\",\"@id\":\"https:\\\/\\\/l21.mx\\\/?p=24456#breadcrumb\",\"itemListElement\":[{\"@type\":\"ListItem\",\"position\":1,\"name\":\"Portada\",\"item\":\"https:\\\/\\\/l21.mx\\\/\"},{\"@type\":\"ListItem\",\"position\":2,\"name\":\"Canc\u00fan entre las favoritas para licitaci\u00f3n de estaciones de FM\"}]},{\"@type\":\"WebSite\",\"@id\":\"https:\\\/\\\/l21.mx\\\/#website\",\"url\":\"https:\\\/\\\/l21.mx\\\/\",\"name\":\"Revista Latitud 21\",\"description\":\"Emprendedores  y negocios en el Caribe Mexicano\",\"publisher\":{\"@id\":\"https:\\\/\\\/l21.mx\\\/#organization\"},\"potentialAction\":[{\"@type\":\"SearchAction\",\"target\":{\"@type\":\"EntryPoint\",\"urlTemplate\":\"https:\\\/\\\/l21.mx\\\/?s={search_term_string}\"},\"query-input\":{\"@type\":\"PropertyValueSpecification\",\"valueRequired\":true,\"valueName\":\"search_term_string\"}}],\"inLanguage\":\"es\"},{\"@type\":\"Organization\",\"@id\":\"https:\\\/\\\/l21.mx\\\/#organization\",\"name\":\"Grupo Editorial Latitud 21 SA de CV\",\"url\":\"https:\\\/\\\/l21.mx\\\/\",\"logo\":{\"@type\":\"ImageObject\",\"inLanguage\":\"es\",\"@id\":\"https:\\\/\\\/l21.mx\\\/#\\\/schema\\\/logo\\\/image\\\/\",\"url\":\"https:\\\/\\\/l21.mx\\\/wp-content\\\/uploads\\\/2020\\\/10\\\/logo-l21-baja.jpg\",\"contentUrl\":\"https:\\\/\\\/l21.mx\\\/wp-content\\\/uploads\\\/2020\\\/10\\\/logo-l21-baja.jpg\",\"width\":250,\"height\":250,\"caption\":\"Grupo Editorial Latitud 21 SA de CV\"},\"image\":{\"@id\":\"https:\\\/\\\/l21.mx\\\/#\\\/schema\\\/logo\\\/image\\\/\"},\"sameAs\":[\"https:\\\/\\\/www.facebook.com\\\/RevistaLatitud21\\\/\",\"https:\\\/\\\/x.com\\\/Latitud21mx\"]},{\"@type\":\"Person\",\"@id\":\"https:\\\/\\\/l21.mx\\\/#\\\/schema\\\/person\\\/4b571cc212089f95579f3b66253728f1\",\"name\":\"Latitud21 Redacci\u00f3n\",\"url\":\"https:\\\/\\\/l21.mx\\\/?author=2\"}]}<\/script>\n<!-- \/ Yoast SEO plugin. -->","yoast_head_json":{"title":"Canc\u00fan entre las favoritas para licitaci\u00f3n de estaciones de FM | Revista Latitud 21","description":"L21, Emprendedores y Negocios en el Caribe Mexicano, es la revista l\u00edder entre el Sector Empresarial y Tur\u00edstico del Caribe Mexicano.","robots":{"index":"index","follow":"follow","max-snippet":"max-snippet:-1","max-image-preview":"max-image-preview:large","max-video-preview":"max-video-preview:-1"},"canonical":"https:\/\/l21.mx\/?p=24456","twitter_card":"summary_large_image","twitter_title":"Canc\u00fan entre las favoritas para licitaci\u00f3n de estaciones de FM | Revista Latitud 21","twitter_description":"L21, Emprendedores y Negocios en el Caribe Mexicano, es la revista l\u00edder entre el Sector Empresarial y Tur\u00edstico del Caribe Mexicano.","twitter_image":"https:\/\/l21.mx\/wp-content\/uploads\/2017\/02\/Captura-de-pantalla-2017-02-09-a-las-9.45.06.png","twitter_creator":"@Latitud21mx","twitter_site":"@Latitud21mx","twitter_misc":{"Escrito por":"Latitud21 Redacci\u00f3n","Tiempo de lectura":"2 minutos"},"schema":{"@context":"https:\/\/schema.org","@graph":[{"@type":"Article","@id":"https:\/\/l21.mx\/?p=24456#article","isPartOf":{"@id":"https:\/\/l21.mx\/?p=24456"},"author":{"name":"Latitud21 Redacci\u00f3n","@id":"https:\/\/l21.mx\/#\/schema\/person\/4b571cc212089f95579f3b66253728f1"},"headline":"Canc\u00fan entre las favoritas para licitaci\u00f3n de estaciones de FM","datePublished":"2017-02-09T14:47:20+00:00","dateModified":"2017-02-09T17:36:44+00:00","mainEntityOfPage":{"@id":"https:\/\/l21.mx\/?p=24456"},"wordCount":505,"commentCount":0,"publisher":{"@id":"https:\/\/l21.mx\/#organization"},"image":{"@id":"https:\/\/l21.mx\/?p=24456#primaryimage"},"thumbnailUrl":"https:\/\/l21.mx\/wp-content\/uploads\/2017\/02\/Captura-de-pantalla-2017-02-09-a-las-9.45.06.png","articleSection":["Empresas y Negocios","Noticias"],"inLanguage":"es","potentialAction":[{"@type":"CommentAction","name":"Comment","target":["https:\/\/l21.mx\/?p=24456#respond"]}]},{"@type":"WebPage","@id":"https:\/\/l21.mx\/?p=24456","url":"https:\/\/l21.mx\/?p=24456","name":"Canc\u00fan entre las favoritas para licitaci\u00f3n de estaciones de FM | Revista Latitud 21","isPartOf":{"@id":"https:\/\/l21.mx\/#website"},"primaryImageOfPage":{"@id":"https:\/\/l21.mx\/?p=24456#primaryimage"},"image":{"@id":"https:\/\/l21.mx\/?p=24456#primaryimage"},"thumbnailUrl":"https:\/\/l21.mx\/wp-content\/uploads\/2017\/02\/Captura-de-pantalla-2017-02-09-a-las-9.45.06.png","datePublished":"2017-02-09T14:47:20+00:00","dateModified":"2017-02-09T17:36:44+00:00","description":"L21, Emprendedores y Negocios en el Caribe Mexicano, es la revista l\u00edder entre el Sector Empresarial y Tur\u00edstico del Caribe Mexicano.","breadcrumb":{"@id":"https:\/\/l21.mx\/?p=24456#breadcrumb"},"inLanguage":"es","potentialAction":[{"@type":"ReadAction","target":["https:\/\/l21.mx\/?p=24456"]}]},{"@type":"ImageObject","inLanguage":"es","@id":"https:\/\/l21.mx\/?p=24456#primaryimage","url":"https:\/\/l21.mx\/wp-content\/uploads\/2017\/02\/Captura-de-pantalla-2017-02-09-a-las-9.45.06.png","contentUrl":"https:\/\/l21.mx\/wp-content\/uploads\/2017\/02\/Captura-de-pantalla-2017-02-09-a-las-9.45.06.png","width":593,"height":393,"caption":"cancun radio fm"},{"@type":"BreadcrumbList","@id":"https:\/\/l21.mx\/?p=24456#breadcrumb","itemListElement":[{"@type":"ListItem","position":1,"name":"Portada","item":"https:\/\/l21.mx\/"},{"@type":"ListItem","position":2,"name":"Canc\u00fan entre las favoritas para licitaci\u00f3n de estaciones de FM"}]},{"@type":"WebSite","@id":"https:\/\/l21.mx\/#website","url":"https:\/\/l21.mx\/","name":"Revista Latitud 21","description":"Emprendedores  y negocios en el Caribe Mexicano","publisher":{"@id":"https:\/\/l21.mx\/#organization"},"potentialAction":[{"@type":"SearchAction","target":{"@type":"EntryPoint","urlTemplate":"https:\/\/l21.mx\/?s={search_term_string}"},"query-input":{"@type":"PropertyValueSpecification","valueRequired":true,"valueName":"search_term_string"}}],"inLanguage":"es"},{"@type":"Organization","@id":"https:\/\/l21.mx\/#organization","name":"Grupo Editorial Latitud 21 SA de CV","url":"https:\/\/l21.mx\/","logo":{"@type":"ImageObject","inLanguage":"es","@id":"https:\/\/l21.mx\/#\/schema\/logo\/image\/","url":"https:\/\/l21.mx\/wp-content\/uploads\/2020\/10\/logo-l21-baja.jpg","contentUrl":"https:\/\/l21.mx\/wp-content\/uploads\/2020\/10\/logo-l21-baja.jpg","width":250,"height":250,"caption":"Grupo Editorial Latitud 21 SA de CV"},"image":{"@id":"https:\/\/l21.mx\/#\/schema\/logo\/image\/"},"sameAs":["https:\/\/www.facebook.com\/RevistaLatitud21\/","https:\/\/x.com\/Latitud21mx"]},{"@type":"Person","@id":"https:\/\/l21.mx\/#\/schema\/person\/4b571cc212089f95579f3b66253728f1","name":"Latitud21 Redacci\u00f3n","url":"https:\/\/l21.mx\/?author=2"}]}},"amp_enabled":true,"_links":{"self":[{"href":"https:\/\/l21.mx\/index.php?rest_route=\/wp\/v2\/posts\/24456","targetHints":{"allow":["GET"]}}],"collection":[{"href":"https:\/\/l21.mx\/index.php?rest_route=\/wp\/v2\/posts"}],"about":[{"href":"https:\/\/l21.mx\/index.php?rest_route=\/wp\/v2\/types\/post"}],"author":[{"embeddable":true,"href":"https:\/\/l21.mx\/index.php?rest_route=\/wp\/v2\/users\/2"}],"replies":[{"embeddable":true,"href":"https:\/\/l21.mx\/index.php?rest_route=%2Fwp%2Fv2%2Fcomments&post=24456"}],"version-history":[{"count":0,"href":"https:\/\/l21.mx\/index.php?rest_route=\/wp\/v2\/posts\/24456\/revisions"}],"wp:featuredmedia":[{"embeddable":true,"href":"https:\/\/l21.mx\/index.php?rest_route=\/wp\/v2\/media\/24458"}],"wp:attachment":[{"href":"https:\/\/l21.mx\/index.php?rest_route=%2Fwp%2Fv2%2Fmedia&parent=24456"}],"wp:term":[{"taxonomy":"category","embeddable":true,"href":"https:\/\/l21.mx\/index.php?rest_route=%2Fwp%2Fv2%2Fcategories&post=24456"},{"taxonomy":"post_tag","embeddable":true,"href":"https:\/\/l21.mx\/index.php?rest_route=%2Fwp%2Fv2%2Ftags&post=24456"}],"curies":[{"name":"wp","href":"https:\/\/api.w.org\/{rel}","templated":true}]}}