{"id":24515,"date":"2017-02-13T10:04:56","date_gmt":"2017-02-13T16:04:56","guid":{"rendered":"http:\/\/innovatori.space\/lat21\/?p=24515"},"modified":"2017-05-31T12:06:10","modified_gmt":"2017-05-31T17:06:10","slug":"derribando-muros-internos-alcanzaremos-el-pleno-desarrollo-de-mexico-enrique-de-la-madrid","status":"publish","type":"post","link":"https:\/\/l21.mx\/?p=24515","title":{"rendered":"DERRIBANDO MUROS INTERNOS ALCANZAREMOS EL PLENO DESARROLLO DE M\u00c9XICO: ENRIQUE DE LA MADRID"},"content":{"rendered":"<p><strong><br \/>\n<\/strong><div data-sliderid=\"64454\" id=\"penci-post-gallery__64454\" class=\"penci-post-gallery-container justified column-4\" data-height=\"150\" data-margin=\"3\"><a class=\"penci-gallery-ite item-gallery-justified\" href=\"https:\/\/l21.mx\/wp-content\/uploads\/2022\/05\/50-anos-carita-feliz-b.jpg\" data-rel=\"penci-gallery-image-content\" ><img decoding=\"async\" src=\"https:\/\/l21.mx\/wp-content\/uploads\/2022\/05\/50-anos-carita-feliz-b-585x439.jpg\" alt=\"\" title=\"50-a\u00f1os-carita-feliz-b\"><\/a><a class=\"penci-gallery-ite item-gallery-justified\" href=\"https:\/\/l21.mx\/wp-content\/uploads\/2024\/01\/WhatsApp-Image-2024-01-15-at-2.33.57-PM.jpeg\" data-rel=\"penci-gallery-image-content\" ><img decoding=\"async\" src=\"https:\/\/l21.mx\/wp-content\/uploads\/2024\/01\/WhatsApp-Image-2024-01-15-at-2.33.57-PM-585x409.jpeg\" alt=\"\" title=\"WhatsApp Image 2024-01-15 at 2.33.57 PM\"><\/a><a class=\"penci-gallery-ite item-gallery-justified\" href=\"https:\/\/l21.mx\/wp-content\/uploads\/2013\/03\/EXPO-PUBLI1.jpg\" data-rel=\"penci-gallery-image-content\" ><img decoding=\"async\" src=\"https:\/\/l21.mx\/wp-content\/uploads\/2013\/03\/EXPO-PUBLI1.jpg\" alt=\"\" title=\"EXPO PUBLI\"><\/a><a class=\"penci-gallery-ite item-gallery-justified\" href=\"https:\/\/l21.mx\/wp-content\/uploads\/2019\/06\/Encuentro-Sargazo.jpg\" data-rel=\"penci-gallery-image-content\" ><img decoding=\"async\" src=\"https:\/\/l21.mx\/wp-content\/uploads\/2019\/06\/Encuentro-Sargazo-585x396.jpg\" alt=\"\" title=\"Encuentro Sargazo\"><\/a><a class=\"penci-gallery-ite item-gallery-justified\" href=\"https:\/\/l21.mx\/wp-content\/uploads\/2023\/10\/JanalPixan_Cuadrado.jpg\" data-rel=\"penci-gallery-image-content\" ><img decoding=\"async\" src=\"https:\/\/l21.mx\/wp-content\/uploads\/2023\/10\/JanalPixan_Cuadrado-585x585.jpg\" alt=\"\" title=\"JanalPixan_Cuadrado\"><\/a><\/div><\/p>\n<p><strong>\u00b7\u00a0\u00a0\u00a0\u00a0\u00a0\u00a0\u00a0 El secretario de Turismo asever\u00f3 que M\u00e9xico es un pa\u00eds relevante, tenemos que volver a transformarnos para ser una naci\u00f3n desarrollada en esta generaci\u00f3n.<\/strong><\/p>\n<p><strong><br \/>\n\u00b7\u00a0\u00a0\u00a0\u00a0\u00a0\u00a0\u00a0 El pleno desarrollo de la industria tur\u00edstica es fundamental para elevar la calidad de vida de las familias mexicanas y lograr un M\u00e9xico m\u00e1s pr\u00f3spero e incluyente, destac\u00f3 el titular de la Sectur.\u00a0<\/strong><\/p>\n<p><strong><br \/>\n\u00b7\u00a0\u00a0\u00a0\u00a0\u00a0\u00a0\u00a0 Durante su gira de trabajo por Sinaloa, expuso que gracias al trabajo coordinado con el gobierno estatal se ha impulsado la infraestructura tur\u00edstica en diversos destinos de la entidad, incluyendo los Pueblos M\u00e1gicos.<\/strong><\/p>\n<p><strong><br \/>\n\u00b7\u00a0\u00a0\u00a0\u00a0\u00a0\u00a0\u00a0 Orgullosos y agradecidos de que Mazatl\u00e1n, Sinaloa, ser\u00e1 la sede del Tianguis Turistico 2018: Quirino Ordaz, gobernador de la entidad.<br \/>\n<\/strong><\/p>\n<p>El secretario de Turismo (Sectur) del Gobierno de la Rep\u00fablica, Enrique de la Madrid Cordero convoc\u00f3 a derribar los muros internos del pa\u00eds para lograr el desarrollo de la naci\u00f3n, \u201ccuando los mexicanos nos proponemos algo es un hecho que lo logramos\u201d.<\/p>\n<p>Durante un encuentro con alumnos de la Universidad Aut\u00f3noma de Sinaloa, el titular de la Sectur subray\u00f3 que M\u00e9xico es un pa\u00eds relevante, por lo que tendremos que volver a transformarnos para ser una naci\u00f3n desarrollada en esta generaci\u00f3n.<\/p>\n<p>En este sentido, destac\u00f3 que las habilidades de los mexicanos deben ayudar a distinguirnos como naci\u00f3n, pero sobre todo a aplicarlas en la actividad tur\u00edstica que ha demostrado su trascendencia para la econom\u00eda del pa\u00eds.<br \/>\n\u201cTodas, las naciones competimos por los turistas y por eso debemos distinguirnos en el sector. En M\u00e9xico buscamos a trav\u00e9s de la industria tur\u00edstica combatir la pobreza y marginalidad, con este prop\u00f3sito las pol\u00edticas p\u00fablicas del Gobierno Federal est\u00e1n enfocadas a impulsar este sector y alcanzar dichos objetivos\u201d, destac\u00f3 De la Madrid Cordero.<br \/>\nExplic\u00f3 que la conectividad interna y externa; infraestructura; conocimiento del mercado; promoci\u00f3n del pa\u00eds; relaci\u00f3n estrecha entre el sector p\u00fablico y privado; financiamiento, y seguridad han permitido que M\u00e9xico se encuentre \u201cen uno de los mejores momentos en materia tur\u00edstica\u201d.<br \/>\nAcompa\u00f1ado de Quirino Ordaz Coppel, gobernador de Sinaloa, el titular de la Sectur reiter\u00f3 que el pleno desarrollo de la industria tur\u00edstica es fundamental para elevar la calidad de vida de las familias mexicanas y lograr un M\u00e9xico m\u00e1s pr\u00f3spero e incluyente.<\/p>\n<p>En 2016, por cuarto a\u00f1o consecutivo, tendremos un r\u00e9cord hist\u00f3rico en el turismo internacional, es decir, 11.6 millones de turistas m\u00e1s que en 2012 arribaron a nuestro, equivalente al n\u00famero de turistas que reciben Brasil y Argentina juntos.<\/p>\n<p>Durante su gira de trabajo por Sinaloa, el Secretario De la Madrid coment\u00f3 que estos resultados representan un crecimiento de la industria tur\u00edstica de 50 por ciento en los primeros cuatro a\u00f1os de esta administraci\u00f3n, tres veces m\u00e1s de lo que se observ\u00f3 en el mundo en el mismo periodo.<br \/>\nAsimismo, el secretario de Turismo coment\u00f3 que entre 2013 y 2016 se increment\u00f3 en 24 por ciento la llegada de visitantes europeos, 70 por ciento en el arribo de visitantes de Am\u00e9rica del Sur y se ha duplicado la de los visitantes asi\u00e1ticos, \u201cresultado que nos consolida como el segundo pa\u00eds del continente americano\u201d.<\/p>\n<p>\u201cNo s\u00f3lo el turismo internacional ha crecido, el turismo dom\u00e9stico elev\u00f3 su importancia y tambi\u00e9n ha arrojado cifras hist\u00f3ricas. En 2016 se registraron cerca de 90 millones de estancias de hotel por parte de mexicanos; nuevo m\u00e1ximo hist\u00f3rico, 20 por ciento m\u00e1s a la registrada al inicio de la administraci\u00f3n\u201d, enfatiz\u00f3 el titular de la Sectur.<\/p>\n<p>Enrique de la Madrid dijo que dichos resultados se reflejan en beneficios tangibles a trav\u00e9s de generaci\u00f3n empleo, oportunidades de negocio para empresas grandes, peque\u00f1as y medianas, as\u00ed como transformaci\u00f3n y renovaci\u00f3n de \u00e1reas urbanas, conservaci\u00f3n, adem\u00e1s de la promoci\u00f3n del patrimonio natural y cultural de nuestro pa\u00eds.<\/p>\n<p>\u201cNuestros logros son el resultado de la estrecha coordinaci\u00f3n y colaboraci\u00f3n que existe entre la Secretar\u00eda de Turismo con las dem\u00e1s dependencias federales, gobiernos locales y sector empresarial. Hemos impulsado estrategias para consolidar la competitividad de los destinos, que ser\u00e1n el eje para mantener el buen desempe\u00f1o del sector\u201d, se\u00f1al\u00f3.<br \/>\nAgreg\u00f3 que \u201cCon\u00e9ctate al Turismo\u201d es la estrategia del Gobierno Federal para encadenar al sector con la proveedur\u00eda nacional y generar beneficios econ\u00f3micos en ambas partes y \u201cfortalecer a M\u00e9xico ante el entorno externo complejo\u201d.<\/p>\n<p>En el marco de este programa, hasta la fecha se han realizado dos ruedas de negocio en Canc\u00fan y Puerto Vallarta. En el primer caso, se concretaron 55 proyectos; mientras en el segundo se realizaron 900 citas de exportaci\u00f3n y 772 requerimientos de productos y servicios, entre 235 proveedores y 35 compradores.<\/p>\n<p>Mazatl\u00e1n es el principal destino tur\u00edstico de la entidad y uno de los m\u00e1s visitados en el pa\u00eds. En 2016, fue el s\u00e9ptimo destino en el pa\u00eds para el turismo nacional, recibiendo casi dos millones de turistas nacionales, un crecimiento de 13 por ciento respecto de 2015.<br \/>\nFinalmente, indic\u00f3 que gracias al trabajo coordinado con el gobierno estatal se ha impulsado la infraestructura tur\u00edstica en los diferentes destinos de la entidad, incluyendo los Pueblos M\u00e1gicos.<br \/>\nCabe se\u00f1alar que en 2016 Mazatl\u00e1n, Culiac\u00e1n, Los Mochis y El Fuerte registraron un crecimiento de diez por ciento en la llegada de turistas, es decir, 3.1 millones de turistas m\u00e1s arribaron a esos destinos. En Sinaloa, la actividad del sector turismo representa el 13 por ciento del PIB y 58 mil personas laboran en este sector.<\/p>\n<p>Por su parte, el gobernador, Quirino Ordaz Coppel, agradeci\u00f3, al Comit\u00e9 de Selecci\u00f3n la designaci\u00f3n de Mazatl\u00e1n como sede del Tianguis Tur\u00edstico 2018, que permitir\u00e1 que este destino del Pac\u00edfico mexicano consolide su importancia a nivel internacional.<\/p>\n<p>\u201cNos sentimos muy agradecidos y orgullosos por la gran noticia que nos ha dado el secretario Enrique de la Madrid al anunciar que Mazatl\u00e1n ser\u00e1 sede de este relevante evento de la industria tur\u00edstica nacional\u201d, concluy\u00f3.<\/p>\n","protected":false},"excerpt":{"rendered":"<p>\u00b7\u00a0\u00a0\u00a0\u00a0\u00a0\u00a0\u00a0 El secretario de Turismo asever\u00f3 que M\u00e9xico es un pa\u00eds relevante, tenemos que volver a&hellip;<\/p>\n","protected":false},"author":2,"featured_media":24518,"comment_status":"open","ping_status":"open","sticky":false,"template":"","format":"standard","meta":{"_acf_changed":false,"_lmt_disableupdate":"","_lmt_disable":"","_mbp_gutenberg_autopost":false,"footnotes":""},"categories":[23,8],"tags":[],"class_list":["post-24515","post","type-post","status-publish","format-standard","has-post-thumbnail","hentry","category-noticias","category-turismo"],"acf":[],"yoast_head":"<!-- This site is optimized with the Yoast SEO plugin v27.5 - https:\/\/yoast.com\/product\/yoast-seo-wordpress\/ -->\n<title>DERRIBANDO MUROS INTERNOS ALCANZAREMOS EL PLENO DESARROLLO DE M\u00c9XICO: ENRIQUE DE LA MADRID | Revista Latitud 21<\/title>\n<meta name=\"description\" content=\"L21, Emprendedores y Negocios en el Caribe Mexicano, es la revista l\u00edder entre el Sector Empresarial y Tur\u00edstico del Caribe Mexicano.\" \/>\n<meta name=\"robots\" content=\"index, follow, max-snippet:-1, max-image-preview:large, max-video-preview:-1\" \/>\n<link rel=\"canonical\" href=\"https:\/\/l21.mx\/?p=24515\" \/>\n<meta name=\"twitter:card\" content=\"summary_large_image\" \/>\n<meta name=\"twitter:title\" content=\"DERRIBANDO MUROS INTERNOS ALCANZAREMOS EL PLENO DESARROLLO DE M\u00c9XICO: ENRIQUE DE LA MADRID | Revista Latitud 21\" \/>\n<meta name=\"twitter:description\" content=\"L21, Emprendedores y Negocios en el Caribe Mexicano, es la revista l\u00edder entre el Sector Empresarial y Tur\u00edstico del Caribe Mexicano.\" \/>\n<meta name=\"twitter:image\" content=\"https:\/\/l21.mx\/wp-content\/uploads\/2017\/02\/VIAJEMOS-SINALOA04.jpg\" \/>\n<meta name=\"twitter:creator\" content=\"@Latitud21mx\" \/>\n<meta name=\"twitter:site\" content=\"@Latitud21mx\" \/>\n<meta name=\"twitter:label1\" content=\"Escrito por\" \/>\n\t<meta name=\"twitter:data1\" content=\"Latitud21 Redacci\u00f3n\" \/>\n\t<meta name=\"twitter:label2\" content=\"Tiempo de lectura\" \/>\n\t<meta name=\"twitter:data2\" content=\"5 minutos\" \/>\n<script type=\"application\/ld+json\" class=\"yoast-schema-graph\">{\"@context\":\"https:\\\/\\\/schema.org\",\"@graph\":[{\"@type\":\"Article\",\"@id\":\"https:\\\/\\\/l21.mx\\\/?p=24515#article\",\"isPartOf\":{\"@id\":\"https:\\\/\\\/l21.mx\\\/?p=24515\"},\"author\":{\"name\":\"Latitud21 Redacci\u00f3n\",\"@id\":\"https:\\\/\\\/l21.mx\\\/#\\\/schema\\\/person\\\/4b571cc212089f95579f3b66253728f1\"},\"headline\":\"DERRIBANDO MUROS INTERNOS ALCANZAREMOS EL PLENO DESARROLLO DE M\u00c9XICO: ENRIQUE DE LA MADRID\",\"datePublished\":\"2017-02-13T16:04:56+00:00\",\"dateModified\":\"2017-05-31T17:06:10+00:00\",\"mainEntityOfPage\":{\"@id\":\"https:\\\/\\\/l21.mx\\\/?p=24515\"},\"wordCount\":1046,\"commentCount\":0,\"publisher\":{\"@id\":\"https:\\\/\\\/l21.mx\\\/#organization\"},\"image\":{\"@id\":\"https:\\\/\\\/l21.mx\\\/?p=24515#primaryimage\"},\"thumbnailUrl\":\"https:\\\/\\\/l21.mx\\\/wp-content\\\/uploads\\\/2017\\\/02\\\/VIAJEMOS-SINALOA04.jpg\",\"articleSection\":[\"Noticias\",\"Turismo\"],\"inLanguage\":\"es\",\"potentialAction\":[{\"@type\":\"CommentAction\",\"name\":\"Comment\",\"target\":[\"https:\\\/\\\/l21.mx\\\/?p=24515#respond\"]}]},{\"@type\":\"WebPage\",\"@id\":\"https:\\\/\\\/l21.mx\\\/?p=24515\",\"url\":\"https:\\\/\\\/l21.mx\\\/?p=24515\",\"name\":\"DERRIBANDO MUROS INTERNOS ALCANZAREMOS EL PLENO DESARROLLO DE M\u00c9XICO: ENRIQUE DE LA MADRID | Revista Latitud 21\",\"isPartOf\":{\"@id\":\"https:\\\/\\\/l21.mx\\\/#website\"},\"primaryImageOfPage\":{\"@id\":\"https:\\\/\\\/l21.mx\\\/?p=24515#primaryimage\"},\"image\":{\"@id\":\"https:\\\/\\\/l21.mx\\\/?p=24515#primaryimage\"},\"thumbnailUrl\":\"https:\\\/\\\/l21.mx\\\/wp-content\\\/uploads\\\/2017\\\/02\\\/VIAJEMOS-SINALOA04.jpg\",\"datePublished\":\"2017-02-13T16:04:56+00:00\",\"dateModified\":\"2017-05-31T17:06:10+00:00\",\"description\":\"L21, Emprendedores y Negocios en el Caribe Mexicano, es la revista l\u00edder entre el Sector Empresarial y Tur\u00edstico del Caribe Mexicano.\",\"breadcrumb\":{\"@id\":\"https:\\\/\\\/l21.mx\\\/?p=24515#breadcrumb\"},\"inLanguage\":\"es\",\"potentialAction\":[{\"@type\":\"ReadAction\",\"target\":[\"https:\\\/\\\/l21.mx\\\/?p=24515\"]}]},{\"@type\":\"ImageObject\",\"inLanguage\":\"es\",\"@id\":\"https:\\\/\\\/l21.mx\\\/?p=24515#primaryimage\",\"url\":\"https:\\\/\\\/l21.mx\\\/wp-content\\\/uploads\\\/2017\\\/02\\\/VIAJEMOS-SINALOA04.jpg\",\"contentUrl\":\"https:\\\/\\\/l21.mx\\\/wp-content\\\/uploads\\\/2017\\\/02\\\/VIAJEMOS-SINALOA04.jpg\",\"width\":1280,\"height\":853},{\"@type\":\"BreadcrumbList\",\"@id\":\"https:\\\/\\\/l21.mx\\\/?p=24515#breadcrumb\",\"itemListElement\":[{\"@type\":\"ListItem\",\"position\":1,\"name\":\"Portada\",\"item\":\"https:\\\/\\\/l21.mx\\\/\"},{\"@type\":\"ListItem\",\"position\":2,\"name\":\"DERRIBANDO MUROS INTERNOS ALCANZAREMOS EL PLENO DESARROLLO DE M\u00c9XICO: ENRIQUE DE LA MADRID\"}]},{\"@type\":\"WebSite\",\"@id\":\"https:\\\/\\\/l21.mx\\\/#website\",\"url\":\"https:\\\/\\\/l21.mx\\\/\",\"name\":\"Revista Latitud 21\",\"description\":\"Emprendedores  y negocios en el Caribe Mexicano\",\"publisher\":{\"@id\":\"https:\\\/\\\/l21.mx\\\/#organization\"},\"potentialAction\":[{\"@type\":\"SearchAction\",\"target\":{\"@type\":\"EntryPoint\",\"urlTemplate\":\"https:\\\/\\\/l21.mx\\\/?s={search_term_string}\"},\"query-input\":{\"@type\":\"PropertyValueSpecification\",\"valueRequired\":true,\"valueName\":\"search_term_string\"}}],\"inLanguage\":\"es\"},{\"@type\":\"Organization\",\"@id\":\"https:\\\/\\\/l21.mx\\\/#organization\",\"name\":\"Grupo Editorial Latitud 21 SA de CV\",\"url\":\"https:\\\/\\\/l21.mx\\\/\",\"logo\":{\"@type\":\"ImageObject\",\"inLanguage\":\"es\",\"@id\":\"https:\\\/\\\/l21.mx\\\/#\\\/schema\\\/logo\\\/image\\\/\",\"url\":\"https:\\\/\\\/l21.mx\\\/wp-content\\\/uploads\\\/2020\\\/10\\\/logo-l21-baja.jpg\",\"contentUrl\":\"https:\\\/\\\/l21.mx\\\/wp-content\\\/uploads\\\/2020\\\/10\\\/logo-l21-baja.jpg\",\"width\":250,\"height\":250,\"caption\":\"Grupo Editorial Latitud 21 SA de CV\"},\"image\":{\"@id\":\"https:\\\/\\\/l21.mx\\\/#\\\/schema\\\/logo\\\/image\\\/\"},\"sameAs\":[\"https:\\\/\\\/www.facebook.com\\\/RevistaLatitud21\\\/\",\"https:\\\/\\\/x.com\\\/Latitud21mx\"]},{\"@type\":\"Person\",\"@id\":\"https:\\\/\\\/l21.mx\\\/#\\\/schema\\\/person\\\/4b571cc212089f95579f3b66253728f1\",\"name\":\"Latitud21 Redacci\u00f3n\",\"url\":\"https:\\\/\\\/l21.mx\\\/?author=2\"}]}<\/script>\n<!-- \/ Yoast SEO plugin. -->","yoast_head_json":{"title":"DERRIBANDO MUROS INTERNOS ALCANZAREMOS EL PLENO DESARROLLO DE M\u00c9XICO: ENRIQUE DE LA MADRID | Revista Latitud 21","description":"L21, Emprendedores y Negocios en el Caribe Mexicano, es la revista l\u00edder entre el Sector Empresarial y Tur\u00edstico del Caribe Mexicano.","robots":{"index":"index","follow":"follow","max-snippet":"max-snippet:-1","max-image-preview":"max-image-preview:large","max-video-preview":"max-video-preview:-1"},"canonical":"https:\/\/l21.mx\/?p=24515","twitter_card":"summary_large_image","twitter_title":"DERRIBANDO MUROS INTERNOS ALCANZAREMOS EL PLENO DESARROLLO DE M\u00c9XICO: ENRIQUE DE LA MADRID | Revista Latitud 21","twitter_description":"L21, Emprendedores y Negocios en el Caribe Mexicano, es la revista l\u00edder entre el Sector Empresarial y Tur\u00edstico del Caribe Mexicano.","twitter_image":"https:\/\/l21.mx\/wp-content\/uploads\/2017\/02\/VIAJEMOS-SINALOA04.jpg","twitter_creator":"@Latitud21mx","twitter_site":"@Latitud21mx","twitter_misc":{"Escrito por":"Latitud21 Redacci\u00f3n","Tiempo de lectura":"5 minutos"},"schema":{"@context":"https:\/\/schema.org","@graph":[{"@type":"Article","@id":"https:\/\/l21.mx\/?p=24515#article","isPartOf":{"@id":"https:\/\/l21.mx\/?p=24515"},"author":{"name":"Latitud21 Redacci\u00f3n","@id":"https:\/\/l21.mx\/#\/schema\/person\/4b571cc212089f95579f3b66253728f1"},"headline":"DERRIBANDO MUROS INTERNOS ALCANZAREMOS EL PLENO DESARROLLO DE M\u00c9XICO: ENRIQUE DE LA MADRID","datePublished":"2017-02-13T16:04:56+00:00","dateModified":"2017-05-31T17:06:10+00:00","mainEntityOfPage":{"@id":"https:\/\/l21.mx\/?p=24515"},"wordCount":1046,"commentCount":0,"publisher":{"@id":"https:\/\/l21.mx\/#organization"},"image":{"@id":"https:\/\/l21.mx\/?p=24515#primaryimage"},"thumbnailUrl":"https:\/\/l21.mx\/wp-content\/uploads\/2017\/02\/VIAJEMOS-SINALOA04.jpg","articleSection":["Noticias","Turismo"],"inLanguage":"es","potentialAction":[{"@type":"CommentAction","name":"Comment","target":["https:\/\/l21.mx\/?p=24515#respond"]}]},{"@type":"WebPage","@id":"https:\/\/l21.mx\/?p=24515","url":"https:\/\/l21.mx\/?p=24515","name":"DERRIBANDO MUROS INTERNOS ALCANZAREMOS EL PLENO DESARROLLO DE M\u00c9XICO: ENRIQUE DE LA MADRID | Revista Latitud 21","isPartOf":{"@id":"https:\/\/l21.mx\/#website"},"primaryImageOfPage":{"@id":"https:\/\/l21.mx\/?p=24515#primaryimage"},"image":{"@id":"https:\/\/l21.mx\/?p=24515#primaryimage"},"thumbnailUrl":"https:\/\/l21.mx\/wp-content\/uploads\/2017\/02\/VIAJEMOS-SINALOA04.jpg","datePublished":"2017-02-13T16:04:56+00:00","dateModified":"2017-05-31T17:06:10+00:00","description":"L21, Emprendedores y Negocios en el Caribe Mexicano, es la revista l\u00edder entre el Sector Empresarial y Tur\u00edstico del Caribe Mexicano.","breadcrumb":{"@id":"https:\/\/l21.mx\/?p=24515#breadcrumb"},"inLanguage":"es","potentialAction":[{"@type":"ReadAction","target":["https:\/\/l21.mx\/?p=24515"]}]},{"@type":"ImageObject","inLanguage":"es","@id":"https:\/\/l21.mx\/?p=24515#primaryimage","url":"https:\/\/l21.mx\/wp-content\/uploads\/2017\/02\/VIAJEMOS-SINALOA04.jpg","contentUrl":"https:\/\/l21.mx\/wp-content\/uploads\/2017\/02\/VIAJEMOS-SINALOA04.jpg","width":1280,"height":853},{"@type":"BreadcrumbList","@id":"https:\/\/l21.mx\/?p=24515#breadcrumb","itemListElement":[{"@type":"ListItem","position":1,"name":"Portada","item":"https:\/\/l21.mx\/"},{"@type":"ListItem","position":2,"name":"DERRIBANDO MUROS INTERNOS ALCANZAREMOS EL PLENO DESARROLLO DE M\u00c9XICO: ENRIQUE DE LA MADRID"}]},{"@type":"WebSite","@id":"https:\/\/l21.mx\/#website","url":"https:\/\/l21.mx\/","name":"Revista Latitud 21","description":"Emprendedores  y negocios en el Caribe Mexicano","publisher":{"@id":"https:\/\/l21.mx\/#organization"},"potentialAction":[{"@type":"SearchAction","target":{"@type":"EntryPoint","urlTemplate":"https:\/\/l21.mx\/?s={search_term_string}"},"query-input":{"@type":"PropertyValueSpecification","valueRequired":true,"valueName":"search_term_string"}}],"inLanguage":"es"},{"@type":"Organization","@id":"https:\/\/l21.mx\/#organization","name":"Grupo Editorial Latitud 21 SA de CV","url":"https:\/\/l21.mx\/","logo":{"@type":"ImageObject","inLanguage":"es","@id":"https:\/\/l21.mx\/#\/schema\/logo\/image\/","url":"https:\/\/l21.mx\/wp-content\/uploads\/2020\/10\/logo-l21-baja.jpg","contentUrl":"https:\/\/l21.mx\/wp-content\/uploads\/2020\/10\/logo-l21-baja.jpg","width":250,"height":250,"caption":"Grupo Editorial Latitud 21 SA de CV"},"image":{"@id":"https:\/\/l21.mx\/#\/schema\/logo\/image\/"},"sameAs":["https:\/\/www.facebook.com\/RevistaLatitud21\/","https:\/\/x.com\/Latitud21mx"]},{"@type":"Person","@id":"https:\/\/l21.mx\/#\/schema\/person\/4b571cc212089f95579f3b66253728f1","name":"Latitud21 Redacci\u00f3n","url":"https:\/\/l21.mx\/?author=2"}]}},"amp_enabled":true,"_links":{"self":[{"href":"https:\/\/l21.mx\/index.php?rest_route=\/wp\/v2\/posts\/24515","targetHints":{"allow":["GET"]}}],"collection":[{"href":"https:\/\/l21.mx\/index.php?rest_route=\/wp\/v2\/posts"}],"about":[{"href":"https:\/\/l21.mx\/index.php?rest_route=\/wp\/v2\/types\/post"}],"author":[{"embeddable":true,"href":"https:\/\/l21.mx\/index.php?rest_route=\/wp\/v2\/users\/2"}],"replies":[{"embeddable":true,"href":"https:\/\/l21.mx\/index.php?rest_route=%2Fwp%2Fv2%2Fcomments&post=24515"}],"version-history":[{"count":0,"href":"https:\/\/l21.mx\/index.php?rest_route=\/wp\/v2\/posts\/24515\/revisions"}],"wp:featuredmedia":[{"embeddable":true,"href":"https:\/\/l21.mx\/index.php?rest_route=\/wp\/v2\/media\/24518"}],"wp:attachment":[{"href":"https:\/\/l21.mx\/index.php?rest_route=%2Fwp%2Fv2%2Fmedia&parent=24515"}],"wp:term":[{"taxonomy":"category","embeddable":true,"href":"https:\/\/l21.mx\/index.php?rest_route=%2Fwp%2Fv2%2Fcategories&post=24515"},{"taxonomy":"post_tag","embeddable":true,"href":"https:\/\/l21.mx\/index.php?rest_route=%2Fwp%2Fv2%2Ftags&post=24515"}],"curies":[{"name":"wp","href":"https:\/\/api.w.org\/{rel}","templated":true}]}}