{"id":24573,"date":"2017-02-16T12:12:36","date_gmt":"2017-02-16T18:12:36","guid":{"rendered":"http:\/\/innovatori.space\/lat21\/?p=24573"},"modified":"2017-05-31T12:06:10","modified_gmt":"2017-05-31T17:06:10","slug":"llega-el-primer-vuelo-tokio-cdmx","status":"publish","type":"post","link":"https:\/\/l21.mx\/?p=24573","title":{"rendered":"Llega el primer vuelo Tokio-CDMX"},"content":{"rendered":"<div>\n<h1><div data-sliderid=\"89202\" id=\"penci-post-gallery__89202\" class=\"penci-post-gallery-container justified column-4\" data-height=\"150\" data-margin=\"3\"><a class=\"penci-gallery-ite item-gallery-justified\" href=\"https:\/\/l21.mx\/wp-content\/uploads\/2015\/12\/R\u00edo-Secreto.jpg\" data-rel=\"penci-gallery-image-content\" ><img decoding=\"async\" src=\"https:\/\/l21.mx\/wp-content\/uploads\/2015\/12\/R\u00edo-Secreto.jpg\" alt=\"\" title=\"R\u00edo-Secreto\"><\/a><a class=\"penci-gallery-ite item-gallery-justified\" href=\"https:\/\/l21.mx\/wp-content\/uploads\/2023\/11\/50-best2.jpg\" data-rel=\"penci-gallery-image-content\" ><img decoding=\"async\" src=\"https:\/\/l21.mx\/wp-content\/uploads\/2023\/11\/50-best2-585x315.jpg\" alt=\"\" title=\"50 best2\"><\/a><a class=\"penci-gallery-ite item-gallery-justified\" href=\"https:\/\/l21.mx\/wp-content\/uploads\/2026\/07\/Hospitalidad-preparada.jpg\" data-rel=\"penci-gallery-image-content\" ><img decoding=\"async\" src=\"https:\/\/l21.mx\/wp-content\/uploads\/2026\/07\/Hospitalidad-preparada-585x390.jpg\" alt=\"\" title=\"Hospitalidad-preparada\"><\/a><a class=\"penci-gallery-ite item-gallery-justified\" href=\"https:\/\/l21.mx\/wp-content\/uploads\/2015\/12\/Pablo-Vega.png\" data-rel=\"penci-gallery-image-content\" ><img decoding=\"async\" src=\"https:\/\/l21.mx\/wp-content\/uploads\/2015\/12\/Pablo-Vega.png\" alt=\"\" title=\"Pablo Vega\"><\/a><a class=\"penci-gallery-ite item-gallery-justified\" href=\"https:\/\/l21.mx\/wp-content\/uploads\/2024\/01\/WhatsApp-Image-2024-01-23-at-6.28.42-PM-1.jpeg\" data-rel=\"penci-gallery-image-content\" ><img decoding=\"async\" src=\"https:\/\/l21.mx\/wp-content\/uploads\/2024\/01\/WhatsApp-Image-2024-01-23-at-6.28.42-PM-1-585x329.jpeg\" alt=\"\" title=\"WhatsApp Image 2024-01-23 at 6.28.42 PM (1)\"><\/a><\/div><\/h1>\n<h1>El primer vuelo directo diario entre Tokio y M\u00e9xico de la nipona All Nippon Airways (ANA), la mayor aerol\u00ednea de Jap\u00f3n, despeg\u00f3 desde el aeropuerto internacional de Narita con la mira puesta en estrechar las relaciones entre ambos pa\u00edses.<\/h1>\n<\/div>\n<div>\n<div><\/div>\n<p>El vuelo NH180 con destino a Ciudad de M\u00e9xico parti\u00f3 el 15 de febrero a las 16.42 hora local (7.42 GMT) del aeropuerto nip\u00f3n para afrontar la ruta de m\u00e1s larga duraci\u00f3n de la nipona hasta ahora, unas 12 horas y cuarto.<\/p>\n<p>El trayecto, realizado en un Boeing Dreamliner 787-8 con capacidad para 169 pasajeros, ahorra unas diez horas respecto a otros con escala, seg\u00fan promociona la compa\u00f1\u00eda en su p\u00e1gina web.<\/p>\n<p>El vuelo Tokio-M\u00e9xico, anunciado en noviembre del a\u00f1o pasado \u00abincrementar\u00e1 la conveniencia y la flexibilidad tanto para la gente de negocios como para los turistas\u00bb, defendi\u00f3 ANA.<\/p>\n<p>La ruta se estrena en un momento de tensi\u00f3n entre Estados Unidos y el pa\u00eds vecino que podr\u00eda impactar en el tr\u00e1fico de pasajeros.<\/p>\n<p>La aerol\u00ednea nipona, que considera que el desencuentro fronterizo entre M\u00e9xico y Washington no le afectar\u00e1 extremadamente a corto plazo, analizar\u00e1, no obstante, la demanda de pasajeros y vigilar\u00e1 la evoluci\u00f3n del conflicto diplom\u00e1tico.<\/p>\n<p>La inversi\u00f3n directa de Jap\u00f3n en M\u00e9xico ha aumentado unas 2,7 veces desde 2010, seg\u00fan datos de la Organizaci\u00f3n Japonesa de Comercio Exterior (JETRO).<\/p>\n<p>Asimismo, el n\u00famero de empresas japonesas con operaciones en el pa\u00eds norteamericano se ha duplicado hasta alcanzar el millar, entre ellas algunos de los mayores fabricantes automovil\u00edsticos del pa\u00eds asi\u00e1tico, como Toyota, Nissan, Mazda o Honda, seg\u00fan el Ministerio japon\u00e9s de Asuntos Exteriores.<\/p>\n<p>ANA espera con este vuelo favorecer la cooperaci\u00f3n econ\u00f3mica entre ambos pa\u00edses, que se estima que siga creciendo, y que contribuya a una relaci\u00f3n bilateral m\u00e1s cercana.<\/p>\n<p>La ruta de ANA complementar\u00e1 el ya existente vuelo directo de c\u00f3digo compartido de Japan Airlines y Aerom\u00e9xico entre las capitales de ambos pa\u00edses. (Con informaci\u00f3n de Terra.com.mx)<\/p>\n<\/div>\n","protected":false},"excerpt":{"rendered":"<p>El primer vuelo directo diario entre Tokio y M\u00e9xico de la nipona All Nippon Airways (ANA),&hellip;<\/p>\n","protected":false},"author":2,"featured_media":24576,"comment_status":"open","ping_status":"open","sticky":false,"template":"","format":"standard","meta":{"_acf_changed":false,"_lmt_disableupdate":"","_lmt_disable":"","_mbp_gutenberg_autopost":false,"footnotes":""},"categories":[23,8],"tags":[],"class_list":["post-24573","post","type-post","status-publish","format-standard","has-post-thumbnail","hentry","category-noticias","category-turismo"],"acf":[],"_links":{"self":[{"href":"https:\/\/l21.mx\/index.php?rest_route=\/wp\/v2\/posts\/24573","targetHints":{"allow":["GET"]}}],"collection":[{"href":"https:\/\/l21.mx\/index.php?rest_route=\/wp\/v2\/posts"}],"about":[{"href":"https:\/\/l21.mx\/index.php?rest_route=\/wp\/v2\/types\/post"}],"author":[{"embeddable":true,"href":"https:\/\/l21.mx\/index.php?rest_route=\/wp\/v2\/users\/2"}],"replies":[{"embeddable":true,"href":"https:\/\/l21.mx\/index.php?rest_route=%2Fwp%2Fv2%2Fcomments&post=24573"}],"version-history":[{"count":0,"href":"https:\/\/l21.mx\/index.php?rest_route=\/wp\/v2\/posts\/24573\/revisions"}],"wp:featuredmedia":[{"embeddable":true,"href":"https:\/\/l21.mx\/index.php?rest_route=\/wp\/v2\/media\/24576"}],"wp:attachment":[{"href":"https:\/\/l21.mx\/index.php?rest_route=%2Fwp%2Fv2%2Fmedia&parent=24573"}],"wp:term":[{"taxonomy":"category","embeddable":true,"href":"https:\/\/l21.mx\/index.php?rest_route=%2Fwp%2Fv2%2Fcategories&post=24573"},{"taxonomy":"post_tag","embeddable":true,"href":"https:\/\/l21.mx\/index.php?rest_route=%2Fwp%2Fv2%2Ftags&post=24573"}],"curies":[{"name":"wp","href":"https:\/\/api.w.org\/{rel}","templated":true}]}}