{"id":24596,"date":"2017-02-20T10:15:15","date_gmt":"2017-02-20T16:15:15","guid":{"rendered":"http:\/\/innovatori.space\/lat21\/?p=24596"},"modified":"2017-05-31T12:06:09","modified_gmt":"2017-05-31T17:06:09","slug":"crecera-turismo-europeo-a-mexico-a-partir-de-julio-con-vuelos-diarios-de-alitalia-sectur","status":"publish","type":"post","link":"https:\/\/l21.mx\/?p=24596","title":{"rendered":"CRECER\u00c1 TURISMO EUROPEO A M\u00c9XICO A PARTIR DE JULIO CON VUELOS DIARIOS DE ALITALIA: SECTUR"},"content":{"rendered":"<div>\n<p style=\"text-align: center;\" align=\"center\"><strong><a href=\"http:\/\/l21.mx\/wp-content\/uploads\/2017\/02\/1484737085673.jpg\" data-rel=\"penci-gallery-image-content\" ><img fetchpriority=\"high\" decoding=\"async\" class=\"size-full wp-image-24598 aligncenter\" title=\"1484737085673\" src=\"http:\/\/l21.mx\/wp-content\/uploads\/2017\/02\/1484737085673.jpg\" alt=\"\" width=\"400\" height=\"350\" srcset=\"https:\/\/l21.mx\/wp-content\/uploads\/2017\/02\/1484737085673.jpg 400w, https:\/\/l21.mx\/wp-content\/uploads\/2017\/02\/1484737085673-300x263.jpg 300w\" sizes=\"(max-width: 400px) 100vw, 400px\" \/><\/a>\u00a0<\/strong><\/p>\n<\/div>\n<div>\n<ul>\n<li><strong>Esta estrategia permite a M\u00e9xico elevar el flujo tur\u00edstico internacional a los principales destinos del pa\u00eds, asegur\u00f3 el secretario de Turismo, Enrique de la Madrid.<\/strong><\/li>\n<\/ul>\n<p><strong>\u00a0<\/strong><\/p>\n<ul>\n<li><strong>A partir del 3 de julio y durante todo el verano, Alitalia volar\u00e1 diariamente a M\u00e9xico; tambi\u00e9n conectar\u00e1 con las ciudades m\u00e1s importantes de Am\u00e9rica Latina.<\/strong><\/li>\n<\/ul>\n<p><strong>\u00a0<\/strong><\/p>\n<ul>\n<li><strong>Desde el 16 de junio pasado, cuando se inaugur\u00f3 el vuelo directo de Alitalia, han viajado de Roma a la Ciudad de M\u00e9xico m\u00e1s de 40 mil visitantes de Europa.<\/strong><\/li>\n<\/ul>\n<p><strong>\u00a0<\/strong><\/p>\n<ul>\n<li><strong>Cramer Ball, CEO de Alitalia agradeci\u00f3 al gobierno de M\u00e9xico, a trav\u00e9s de la Secretaria de Turismo, su apoyo e inter\u00e9s para incrementar la conectividad entre ambas naciones<\/strong><strong>.<\/strong><\/li>\n<\/ul>\n<p><strong>\u00a0<\/strong><\/p>\n<p><strong>\u00a0<\/strong><\/p>\n<p><strong>\u00a0<\/strong><\/p>\n<p>La Secretar\u00eda de Turismo (Sectur) del Gobierno de la Rep\u00fablica trabaja en estrategias id\u00f3neas que impulsan la conectividad para que mayor n\u00famero de l\u00edneas a\u00e9reas tengan como destino nuestro pa\u00eds y con ello elevar el flujo tur\u00edstico, afirm\u00f3 Enrique de la Madrid Cordero.<\/p>\n<p>En este sentido, el titular de la Sectur precis\u00f3 que ejemplo de dicho trabajo es la frecuencia diaria de vuelos que a partir del 3 de julio de 2017 la aerol\u00ednea Alitalia ofrece de Roma a la Ciudad de M\u00e9xico, \u201cel mercado europeo es de suma relevancia para nuestro pa\u00eds, por lo que una conectividad adecuada y facilitaci\u00f3n de viajes es un eje fundamental para ser m\u00e1s competitivos\u201d, asegur\u00f3.<\/p>\n<p>En su oportunidad, Cramer Ball, director general de Alitalia\u00a0agradeci\u00f3 al gobierno de M\u00e9xico, a trav\u00e9s de la Secretaria de Turismo, su apoyo e inter\u00e9s para incrementar la conectividad entre ambas naciones, \u201cque es testimonio de la existencia de relaciones s\u00f3lidas entre los dos pa\u00edses\u00bb.<\/p>\n<p>Se\u00f1al\u00f3 que Alitalia mantiene su expectativa por los destinos mexicanos y consolida, con esta medida, el v\u00ednculo con Am\u00e9rica Latina, \u201cque nos permite fortalecer el intercambio econ\u00f3mico, comercial y el flujo tur\u00edstico entre M\u00e9xico e Italia\u201d.<\/p>\n<p>Cabe destacar que la ruta de Alitalia Roma-Ciudad de M\u00e9xico, inaugurada el 16 de junio de 2016 con tres vuelos semanales, a partir del pr\u00f3ximo 3 de julio y durante el verano tendr\u00e1 una frecuencia diaria, lo que incrementa a m\u00e1s del doble la oferta del n\u00famero de asientos, que alcanzar\u00e1 los tres mil 900 semanalmente en ese periodo.<\/p>\n<p>La conexi\u00f3n Roma-Ciudad de M\u00e9xico se lleva a cabo con el moderno equipo Boeing 777, que cuenta con 293 asientos. Adem\u00e1s la l\u00ednea a\u00e9rea realizar\u00e1 31 vuelos semanales desde y hacia seis destinos: Ciudad de M\u00e9xico, Sao Paulo, Buenos Aires, Santiago, R\u00edo de Janeiro y La Habana.<\/p>\n<p>El vuelo despegar\u00e1 del aeropuerto Roma-Fiumicino, los martes, jueves y domingo a la Ciudad de M\u00e9xico,\u00a0 con dichos horarios se podr\u00e1n vincular desde 17 aeropuertos en Italia y 29 en el extranjero que llegan a M\u00e9xico a trav\u00e9s de conexiones convenientes a Roma.<\/p>\n<\/div>\n<div>\n<p>La aerol\u00ednea italiana inform\u00f3 que con un acuerdo comercial previsto con Interjet se incrementar\u00e1 la conectividad hacia destinos como: Canc\u00fan, M\u00e9rida, Monterrey, Guadalajara, Villahermosa, Ciudad Ju\u00e1rez y Chihuahua, lo que permitir\u00e1 captar a nuestro pa\u00eds nuevos mercados provenientes de Europa.<\/p>\n<\/div>\n","protected":false},"excerpt":{"rendered":"<p>\u00a0 Esta estrategia permite a M\u00e9xico elevar el flujo tur\u00edstico internacional a los principales destinos del&hellip;<\/p>\n","protected":false},"author":2,"featured_media":24598,"comment_status":"open","ping_status":"open","sticky":false,"template":"","format":"standard","meta":{"_acf_changed":false,"_lmt_disableupdate":"","_lmt_disable":"","_mbp_gutenberg_autopost":false,"footnotes":""},"categories":[23,8],"tags":[],"class_list":["post-24596","post","type-post","status-publish","format-standard","has-post-thumbnail","hentry","category-noticias","category-turismo"],"acf":[],"_links":{"self":[{"href":"https:\/\/l21.mx\/index.php?rest_route=\/wp\/v2\/posts\/24596","targetHints":{"allow":["GET"]}}],"collection":[{"href":"https:\/\/l21.mx\/index.php?rest_route=\/wp\/v2\/posts"}],"about":[{"href":"https:\/\/l21.mx\/index.php?rest_route=\/wp\/v2\/types\/post"}],"author":[{"embeddable":true,"href":"https:\/\/l21.mx\/index.php?rest_route=\/wp\/v2\/users\/2"}],"replies":[{"embeddable":true,"href":"https:\/\/l21.mx\/index.php?rest_route=%2Fwp%2Fv2%2Fcomments&post=24596"}],"version-history":[{"count":0,"href":"https:\/\/l21.mx\/index.php?rest_route=\/wp\/v2\/posts\/24596\/revisions"}],"wp:featuredmedia":[{"embeddable":true,"href":"https:\/\/l21.mx\/index.php?rest_route=\/wp\/v2\/media\/24598"}],"wp:attachment":[{"href":"https:\/\/l21.mx\/index.php?rest_route=%2Fwp%2Fv2%2Fmedia&parent=24596"}],"wp:term":[{"taxonomy":"category","embeddable":true,"href":"https:\/\/l21.mx\/index.php?rest_route=%2Fwp%2Fv2%2Fcategories&post=24596"},{"taxonomy":"post_tag","embeddable":true,"href":"https:\/\/l21.mx\/index.php?rest_route=%2Fwp%2Fv2%2Ftags&post=24596"}],"curies":[{"name":"wp","href":"https:\/\/api.w.org\/{rel}","templated":true}]}}