{"id":24643,"date":"2017-03-06T18:04:16","date_gmt":"2017-03-07T00:04:16","guid":{"rendered":"http:\/\/innovatori.space\/lat21\/?p=24643"},"modified":"2017-05-31T12:05:55","modified_gmt":"2017-05-31T17:05:55","slug":"fallece-fundador-de-infonavit","status":"publish","type":"post","link":"https:\/\/l21.mx\/?p=24643","title":{"rendered":"Fallece fundador de Infonavit"},"content":{"rendered":"<p><a href=\"http:\/\/l21.mx\/wp-content\/uploads\/2017\/03\/silva-herzog.jpg\" data-rel=\"penci-gallery-image-content\" ><img fetchpriority=\"high\" decoding=\"async\" class=\"aligncenter size-full wp-image-24644\" title=\"silva herzog\" src=\"http:\/\/l21.mx\/wp-content\/uploads\/2017\/03\/silva-herzog.jpg\" alt=\"\" width=\"600\" height=\"450\" srcset=\"https:\/\/l21.mx\/wp-content\/uploads\/2017\/03\/silva-herzog.jpg 600w, https:\/\/l21.mx\/wp-content\/uploads\/2017\/03\/silva-herzog-300x225.jpg 300w, https:\/\/l21.mx\/wp-content\/uploads\/2017\/03\/silva-herzog-585x439.jpg 585w\" sizes=\"(max-width: 600px) 100vw, 600px\" \/><\/a><\/p>\n<p>Jes\u00fas Silva Herzog-Flores, director fundador del Instituto del Fondo Nacional de la Vivienda para los Trabajadores (INFONAVIT), falleci\u00f3 hoy a los 81 a\u00f1os de edad. El economista, acad\u00e9mico y pol\u00edtico fue secretario de Hacienda durante el gobierno de Jos\u00e9 L\u00f3pez Portillo y en los primeros cuatro a\u00f1os del mandato de Miguel de la Madrid. Tambi\u00e9n fue embajador de M\u00e9xico en Espa\u00f1a y Estados Unidos, en los gobiernos de Carlos Salinas de Gortari y Ernesto Zedillo, respectivamente.<\/p>\n","protected":false},"excerpt":{"rendered":"<p>Jes\u00fas Silva Herzog-Flores, director fundador del Instituto del Fondo Nacional de la Vivienda para los Trabajadores&hellip;<\/p>\n","protected":false},"author":2,"featured_media":24644,"comment_status":"open","ping_status":"open","sticky":false,"template":"","format":"standard","meta":{"_acf_changed":false,"_lmt_disableupdate":"","_lmt_disable":"","_mbp_gutenberg_autopost":false,"footnotes":""},"categories":[23],"tags":[],"class_list":["post-24643","post","type-post","status-publish","format-standard","has-post-thumbnail","hentry","category-noticias"],"acf":[],"_links":{"self":[{"href":"https:\/\/l21.mx\/index.php?rest_route=\/wp\/v2\/posts\/24643","targetHints":{"allow":["GET"]}}],"collection":[{"href":"https:\/\/l21.mx\/index.php?rest_route=\/wp\/v2\/posts"}],"about":[{"href":"https:\/\/l21.mx\/index.php?rest_route=\/wp\/v2\/types\/post"}],"author":[{"embeddable":true,"href":"https:\/\/l21.mx\/index.php?rest_route=\/wp\/v2\/users\/2"}],"replies":[{"embeddable":true,"href":"https:\/\/l21.mx\/index.php?rest_route=%2Fwp%2Fv2%2Fcomments&post=24643"}],"version-history":[{"count":0,"href":"https:\/\/l21.mx\/index.php?rest_route=\/wp\/v2\/posts\/24643\/revisions"}],"wp:featuredmedia":[{"embeddable":true,"href":"https:\/\/l21.mx\/index.php?rest_route=\/wp\/v2\/media\/24644"}],"wp:attachment":[{"href":"https:\/\/l21.mx\/index.php?rest_route=%2Fwp%2Fv2%2Fmedia&parent=24643"}],"wp:term":[{"taxonomy":"category","embeddable":true,"href":"https:\/\/l21.mx\/index.php?rest_route=%2Fwp%2Fv2%2Fcategories&post=24643"},{"taxonomy":"post_tag","embeddable":true,"href":"https:\/\/l21.mx\/index.php?rest_route=%2Fwp%2Fv2%2Ftags&post=24643"}],"curies":[{"name":"wp","href":"https:\/\/api.w.org\/{rel}","templated":true}]}}