{"id":24677,"date":"2017-03-10T11:11:26","date_gmt":"2017-03-10T17:11:26","guid":{"rendered":"http:\/\/innovatori.space\/lat21\/?p=24677"},"modified":"2017-05-31T12:05:52","modified_gmt":"2017-05-31T17:05:52","slug":"the-italian-coffee","status":"publish","type":"post","link":"https:\/\/l21.mx\/?p=24677","title":{"rendered":"\u2191\u2191 The Italian Coffee"},"content":{"rendered":"<p><a href=\"http:\/\/l21.mx\/wp-content\/uploads\/2017\/03\/The-Italian-Coffee.png\" data-rel=\"penci-gallery-image-content\" ><img fetchpriority=\"high\" decoding=\"async\" class=\"aligncenter size-large wp-image-24680\" title=\"The-Italian-Coffee\" src=\"http:\/\/l21.mx\/wp-content\/uploads\/2017\/03\/The-Italian-Coffee-1024x682.png\" alt=\"\" width=\"1024\" height=\"682\" \/><\/a><\/p>\n<p>Con m\u00e1s de 400 establecimientos en el pa\u00eds, la cadena mexicana de franquicias The Italian Coffee Company llega a Canc\u00fan con su oferta de caf\u00e9 gourmet, adem\u00e1s de bocadillos dulces o salados hechos con productos naturales. Superficie, 50 m2 al interior y 20 m2 en la terraza. Capacidad: entre 40 y 50 comensales. Gener\u00f3 siete empleos directos y seis indirectos. Tel. (998) 478-18-03, Av. Sayil y Enrique Savignac, Mza. 5, Lte. 2, Plaza Azuna, local 110. Facebook: Italian Coffee Canc\u00fan.<\/p>\n<div><\/div>\n","protected":false},"excerpt":{"rendered":"<p>Con m\u00e1s de 400 establecimientos en el pa\u00eds, la cadena mexicana de franquicias The Italian Coffee&hellip;<\/p>\n","protected":false},"author":2,"featured_media":24680,"comment_status":"open","ping_status":"open","sticky":false,"template":"","format":"standard","meta":{"_acf_changed":false,"_lmt_disableupdate":"","_lmt_disable":"","_mbp_gutenberg_autopost":false,"footnotes":""},"categories":[10],"tags":[],"class_list":["post-24677","post","type-post","status-publish","format-standard","has-post-thumbnail","hentry","category-sube-y-baja"],"acf":[],"_links":{"self":[{"href":"https:\/\/l21.mx\/index.php?rest_route=\/wp\/v2\/posts\/24677","targetHints":{"allow":["GET"]}}],"collection":[{"href":"https:\/\/l21.mx\/index.php?rest_route=\/wp\/v2\/posts"}],"about":[{"href":"https:\/\/l21.mx\/index.php?rest_route=\/wp\/v2\/types\/post"}],"author":[{"embeddable":true,"href":"https:\/\/l21.mx\/index.php?rest_route=\/wp\/v2\/users\/2"}],"replies":[{"embeddable":true,"href":"https:\/\/l21.mx\/index.php?rest_route=%2Fwp%2Fv2%2Fcomments&post=24677"}],"version-history":[{"count":0,"href":"https:\/\/l21.mx\/index.php?rest_route=\/wp\/v2\/posts\/24677\/revisions"}],"wp:featuredmedia":[{"embeddable":true,"href":"https:\/\/l21.mx\/index.php?rest_route=\/wp\/v2\/media\/24680"}],"wp:attachment":[{"href":"https:\/\/l21.mx\/index.php?rest_route=%2Fwp%2Fv2%2Fmedia&parent=24677"}],"wp:term":[{"taxonomy":"category","embeddable":true,"href":"https:\/\/l21.mx\/index.php?rest_route=%2Fwp%2Fv2%2Fcategories&post=24677"},{"taxonomy":"post_tag","embeddable":true,"href":"https:\/\/l21.mx\/index.php?rest_route=%2Fwp%2Fv2%2Ftags&post=24677"}],"curies":[{"name":"wp","href":"https:\/\/api.w.org\/{rel}","templated":true}]}}