{"id":24797,"date":"2017-03-10T12:52:31","date_gmt":"2017-03-10T18:52:31","guid":{"rendered":"http:\/\/innovatori.space\/lat21\/?p=24797"},"modified":"2019-09-27T13:37:21","modified_gmt":"2019-09-27T18:37:21","slug":"bitacora-xv-foro-nacional-de-turismo","status":"publish","type":"post","link":"https:\/\/l21.mx\/?p=24797","title":{"rendered":"Bit\u00e1cora: XV Foro Nacional de Turismo"},"content":{"rendered":"<p><span style=\"color: #993300; font-family: 'Helvetica Neue', Helvetica, Arial, sans-serif;\"><strong><a href=\"http:\/\/l21.mx\/wp-content\/uploads\/2017\/03\/XV-Foro-Nacional-de-Turismo.jpg\" data-rel=\"penci-gallery-image-content\" ><img fetchpriority=\"high\" decoding=\"async\" class=\"aligncenter size-large wp-image-24800\" title=\"XV-Foro-Nacional-de-Turismo\" src=\"http:\/\/l21.mx\/wp-content\/uploads\/2017\/03\/XV-Foro-Nacional-de-Turismo-1024x682.jpg\" alt=\"\" width=\"1024\" height=\"682\" \/><\/a><\/strong><\/span><\/p>\n<p><span style=\"color: #993300; font-family: 'Helvetica Neue', Helvetica, Arial, sans-serif;\"><strong><br \/>\n<\/strong><\/span><\/p>\n<ul>\n<li><strong><span style=\"color: #993300;\">D\u00f3nde:<\/span> Hotel Camino Real, Ciudad de M\u00e9xico<\/strong><\/li>\n<li><strong><span style=\"color: #993300;\">Cu\u00e1ndo:<\/span> Febrero 2017<\/strong><\/li>\n<\/ul>\n<p>El presidente del Consejo Nacional Empresarial Tur\u00edstico (CNET), Pablo Azc\u00e1rraga, convoc\u00f3 a aprovechar el momento hist\u00f3rico que vive el turismo, a no sentirse satisfechos y continuar los esfuerzos que detonen el pleno potencial tur\u00edstico de M\u00e9xico. Al participar en el XV Foro Nacional de Turismo destac\u00f3 la necesidad de establecer estrategias que hagan crecer las ventajas competitivas de los destinos, y trabajar en conjunto con el gobierno para hacer del turismo una prioridad nacional. El presidente de la Confederaci\u00f3n Nacional de C\u00e1maras de Comercio y Servicios Tur\u00edsticos (Concanaco-Servytur), Enrique Solana Sent\u00edes, afirm\u00f3 que \u201choy m\u00e1s que nunca tenemos que trabajar para que los mexicanos vacacionemos en nuestro pa\u00eds y, por supuesto, lograr que los turistas internacionales volteen a M\u00e9xico y nos vean como su mejor opci\u00f3n\u201d. El titular de la Secretar\u00eda de Turismo, Enrique de la Madrid, record\u00f3 que 2016 fue un a\u00f1o hist\u00f3rico para el turismo en M\u00e9xico al recibir a 35 millones de turistas internacionales y reportar 19 mil 571 mdd en divisas.<\/p>\n<div><\/div>\n","protected":false},"excerpt":{"rendered":"<p>D\u00f3nde: Hotel Camino Real, Ciudad de M\u00e9xico Cu\u00e1ndo: Febrero 2017 El presidente del Consejo Nacional Empresarial&hellip;<\/p>\n","protected":false},"author":2,"featured_media":24800,"comment_status":"open","ping_status":"open","sticky":false,"template":"","format":"standard","meta":{"_acf_changed":false,"_lmt_disableupdate":"","_lmt_disable":"","_mbp_gutenberg_autopost":false,"footnotes":""},"categories":[476,23],"tags":[],"class_list":["post-24797","post","type-post","status-publish","format-standard","has-post-thumbnail","hentry","category-agenda","category-noticias"],"acf":[],"_links":{"self":[{"href":"https:\/\/l21.mx\/index.php?rest_route=\/wp\/v2\/posts\/24797","targetHints":{"allow":["GET"]}}],"collection":[{"href":"https:\/\/l21.mx\/index.php?rest_route=\/wp\/v2\/posts"}],"about":[{"href":"https:\/\/l21.mx\/index.php?rest_route=\/wp\/v2\/types\/post"}],"author":[{"embeddable":true,"href":"https:\/\/l21.mx\/index.php?rest_route=\/wp\/v2\/users\/2"}],"replies":[{"embeddable":true,"href":"https:\/\/l21.mx\/index.php?rest_route=%2Fwp%2Fv2%2Fcomments&post=24797"}],"version-history":[{"count":0,"href":"https:\/\/l21.mx\/index.php?rest_route=\/wp\/v2\/posts\/24797\/revisions"}],"wp:featuredmedia":[{"embeddable":true,"href":"https:\/\/l21.mx\/index.php?rest_route=\/wp\/v2\/media\/24800"}],"wp:attachment":[{"href":"https:\/\/l21.mx\/index.php?rest_route=%2Fwp%2Fv2%2Fmedia&parent=24797"}],"wp:term":[{"taxonomy":"category","embeddable":true,"href":"https:\/\/l21.mx\/index.php?rest_route=%2Fwp%2Fv2%2Fcategories&post=24797"},{"taxonomy":"post_tag","embeddable":true,"href":"https:\/\/l21.mx\/index.php?rest_route=%2Fwp%2Fv2%2Ftags&post=24797"}],"curies":[{"name":"wp","href":"https:\/\/api.w.org\/{rel}","templated":true}]}}