{"id":25021,"date":"2017-03-28T11:20:03","date_gmt":"2017-03-28T17:20:03","guid":{"rendered":"http:\/\/innovatori.space\/lat21\/?p=25021"},"modified":"2017-05-31T12:05:30","modified_gmt":"2017-05-31T17:05:30","slug":"quintana-roo-impulsara-destinos-del-sur-en-el-tianguis-turistico-2017","status":"publish","type":"post","link":"https:\/\/l21.mx\/?p=25021","title":{"rendered":"Quintana Roo impulsar\u00e1 destinos del sur en el Tianguis Tur\u00edstico 2017"},"content":{"rendered":"<p><a href=\"http:\/\/l21.mx\/wp-content\/uploads\/2017\/03\/Cancun-beach-e1449694793965-1024x402.jpg\" data-rel=\"penci-gallery-image-content\" ><img fetchpriority=\"high\" decoding=\"async\" class=\"aligncenter size-full wp-image-25022\" title=\"Cancun-beach-e1449694793965-1024x402\" src=\"http:\/\/l21.mx\/wp-content\/uploads\/2017\/03\/Cancun-beach-e1449694793965-1024x402.jpg\" alt=\"\" width=\"1024\" height=\"402\" srcset=\"https:\/\/l21.mx\/wp-content\/uploads\/2017\/03\/Cancun-beach-e1449694793965-1024x402.jpg 1024w, https:\/\/l21.mx\/wp-content\/uploads\/2017\/03\/Cancun-beach-e1449694793965-1024x402-300x118.jpg 300w, https:\/\/l21.mx\/wp-content\/uploads\/2017\/03\/Cancun-beach-e1449694793965-1024x402-768x302.jpg 768w, https:\/\/l21.mx\/wp-content\/uploads\/2017\/03\/Cancun-beach-e1449694793965-1024x402-585x230.jpg 585w\" sizes=\"(max-width: 1024px) 100vw, 1024px\" \/><\/a><\/p>\n<p>El gobierno de Quintana Roo, a trav\u00e9s de la Secretar\u00eda Estatal de Turismo, se declara listo para la celebraci\u00f3n del 42 Tianguis Tur\u00edstico de M\u00e9xico, a realizarse del 27 al 30 de marzo en Acapulco, Guerrero, donde se espera la presencia de m\u00e1s de dos mil 650 empresas.<\/p>\n<p>La delegaci\u00f3n de Quintana Roo estar\u00e1 presidida por el gobernador Carlos Joaqu\u00edn Gonz\u00e1lez, y la secretaria de Turismo ESTATAL, Marisol Vanegas P\u00e9rez, as\u00ed como por los directores de los Fideicomisos de Promoci\u00f3n Tur\u00edstica de Canc\u00fan, Lizzie Cole; Cozumel Riviera Maya, Dar\u00edo Flota, y Grand Costa Maya, Jos\u00e9 Hadad.<\/p>\n<p>Tambi\u00e9n se inform\u00f3 que, con aproximadamente mil 100 metros cuadrados, 30 por ciento m\u00e1s que el a\u00f1o pasado, 36 suites de negocios y la presencia de 120 delegados, el pabell\u00f3n del Caribe Mexicano estar\u00e1 rodeado de tradici\u00f3n, modernidad y nuevos productos.<\/p>\n<p>\u00abEn el Tianguis Tur\u00edstico de Acapulco se presentar\u00e1 el nuevo circuito &#8216;Mundo Maya by Aeromar&#8217;, que conectar\u00e1 los cinco estados del sureste mexicano con presencia en cultura maya, Oaxaca y la Ciudad de M\u00e9xico.<\/p>\n<p>\u00abBajo la marca Caribe Mexicano vamos todos juntos con agenda llena. M\u00e1s de 200 empresarios, fideicomisos, la Secretar\u00eda de Turismo; todos iremos a mostrar el excelente producto que tenemos\u00bb, destac\u00f3 la titular del ramo, Marisol Vanegas P\u00e9rez.<\/p>\n<p>Asimismo, refiri\u00f3 que el Tianguis Tur\u00edstico M\u00e9xico 2017 fungir\u00e1 como escenario para el lanzamiento nacional del Sustainable &amp; Social Tourism Summit, primer evento que se realizar\u00e1 en Quintana Roo, enmarcado el la declaratoria del 2017 como A\u00f1o Internacional del Turismo Sostenible para el Desarrollo.<\/p>\n","protected":false},"excerpt":{"rendered":"<p>El gobierno de Quintana Roo, a trav\u00e9s de la Secretar\u00eda Estatal de Turismo, se declara listo&hellip;<\/p>\n","protected":false},"author":69,"featured_media":25022,"comment_status":"open","ping_status":"open","sticky":false,"template":"","format":"standard","meta":{"_acf_changed":false,"_lmt_disableupdate":"","_lmt_disable":"","_mbp_gutenberg_autopost":false,"footnotes":""},"categories":[23,8],"tags":[],"class_list":["post-25021","post","type-post","status-publish","format-standard","has-post-thumbnail","hentry","category-noticias","category-turismo"],"acf":[],"_links":{"self":[{"href":"https:\/\/l21.mx\/index.php?rest_route=\/wp\/v2\/posts\/25021","targetHints":{"allow":["GET"]}}],"collection":[{"href":"https:\/\/l21.mx\/index.php?rest_route=\/wp\/v2\/posts"}],"about":[{"href":"https:\/\/l21.mx\/index.php?rest_route=\/wp\/v2\/types\/post"}],"author":[{"embeddable":true,"href":"https:\/\/l21.mx\/index.php?rest_route=\/wp\/v2\/users\/69"}],"replies":[{"embeddable":true,"href":"https:\/\/l21.mx\/index.php?rest_route=%2Fwp%2Fv2%2Fcomments&post=25021"}],"version-history":[{"count":0,"href":"https:\/\/l21.mx\/index.php?rest_route=\/wp\/v2\/posts\/25021\/revisions"}],"wp:featuredmedia":[{"embeddable":true,"href":"https:\/\/l21.mx\/index.php?rest_route=\/wp\/v2\/media\/25022"}],"wp:attachment":[{"href":"https:\/\/l21.mx\/index.php?rest_route=%2Fwp%2Fv2%2Fmedia&parent=25021"}],"wp:term":[{"taxonomy":"category","embeddable":true,"href":"https:\/\/l21.mx\/index.php?rest_route=%2Fwp%2Fv2%2Fcategories&post=25021"},{"taxonomy":"post_tag","embeddable":true,"href":"https:\/\/l21.mx\/index.php?rest_route=%2Fwp%2Fv2%2Ftags&post=25021"}],"curies":[{"name":"wp","href":"https:\/\/api.w.org\/{rel}","templated":true}]}}