{"id":25090,"date":"2017-03-30T09:32:42","date_gmt":"2017-03-30T15:32:42","guid":{"rendered":"http:\/\/innovatori.space\/lat21\/?p=25090"},"modified":"2017-05-31T12:05:21","modified_gmt":"2017-05-31T17:05:21","slug":"arte-y-diseno-floreria-eventos","status":"publish","type":"post","link":"https:\/\/l21.mx\/?p=25090","title":{"rendered":"\u2191\u2191 Arte y Dise\u00f1o Florer\u00eda &#038; Eventos"},"content":{"rendered":"<p>&nbsp;<\/p>\n<p><a href=\"http:\/\/l21.mx\/wp-content\/uploads\/2017\/03\/Arte-y-Diseno-Floreria-y-Eventos.jpg\" data-rel=\"penci-gallery-image-content\" ><img fetchpriority=\"high\" decoding=\"async\" class=\"aligncenter size-full wp-image-25092\" title=\"Arte-y-Diseno-Floreria-y-Eventos\" src=\"http:\/\/l21.mx\/wp-content\/uploads\/2017\/03\/Arte-y-Diseno-Floreria-y-Eventos.jpg\" alt=\"\" width=\"800\" height=\"534\" srcset=\"https:\/\/l21.mx\/wp-content\/uploads\/2017\/03\/Arte-y-Diseno-Floreria-y-Eventos.jpg 800w, https:\/\/l21.mx\/wp-content\/uploads\/2017\/03\/Arte-y-Diseno-Floreria-y-Eventos-300x200.jpg 300w, https:\/\/l21.mx\/wp-content\/uploads\/2017\/03\/Arte-y-Diseno-Floreria-y-Eventos-768x513.jpg 768w, https:\/\/l21.mx\/wp-content\/uploads\/2017\/03\/Arte-y-Diseno-Floreria-y-Eventos-585x390.jpg 585w, https:\/\/l21.mx\/wp-content\/uploads\/2017\/03\/Arte-y-Diseno-Floreria-y-Eventos-263x175.jpg 263w\" sizes=\"(max-width: 800px) 100vw, 800px\" \/><\/a><\/p>\n<p>Una de las florer\u00edas m\u00e1s reconocidas del puerto de Acapulco inicia operaciones en Canc\u00fan. En una superficie de 50 m2 brinda servicios de arreglos y decoraci\u00f3n para\u00a0 eventos, tanto sociales como empresariales, y env\u00edos a domicilio a cualquier parte de M\u00e9xico, Estados Unidos, Canad\u00e1, y Latinoam\u00e9rica. Gener\u00f3 dos empleos directos. Av. Kabah, Plaza Sky &amp; Loft, SM 16, Mza. 01, Lte. 5-01. Tel. (998) 802-17-34, artedisenocancun@gmail.com, www.floreriaarteydiseno.com.<\/p>\n","protected":false},"excerpt":{"rendered":"<p>&nbsp; Una de las florer\u00edas m\u00e1s reconocidas del puerto de Acapulco inicia operaciones en Canc\u00fan. En&hellip;<\/p>\n","protected":false},"author":2,"featured_media":25092,"comment_status":"open","ping_status":"open","sticky":false,"template":"","format":"standard","meta":{"_acf_changed":false,"_lmt_disableupdate":"","_lmt_disable":"","_mbp_gutenberg_autopost":false,"footnotes":""},"categories":[10],"tags":[],"class_list":["post-25090","post","type-post","status-publish","format-standard","has-post-thumbnail","hentry","category-sube-y-baja"],"acf":[],"_links":{"self":[{"href":"https:\/\/l21.mx\/index.php?rest_route=\/wp\/v2\/posts\/25090","targetHints":{"allow":["GET"]}}],"collection":[{"href":"https:\/\/l21.mx\/index.php?rest_route=\/wp\/v2\/posts"}],"about":[{"href":"https:\/\/l21.mx\/index.php?rest_route=\/wp\/v2\/types\/post"}],"author":[{"embeddable":true,"href":"https:\/\/l21.mx\/index.php?rest_route=\/wp\/v2\/users\/2"}],"replies":[{"embeddable":true,"href":"https:\/\/l21.mx\/index.php?rest_route=%2Fwp%2Fv2%2Fcomments&post=25090"}],"version-history":[{"count":0,"href":"https:\/\/l21.mx\/index.php?rest_route=\/wp\/v2\/posts\/25090\/revisions"}],"wp:featuredmedia":[{"embeddable":true,"href":"https:\/\/l21.mx\/index.php?rest_route=\/wp\/v2\/media\/25092"}],"wp:attachment":[{"href":"https:\/\/l21.mx\/index.php?rest_route=%2Fwp%2Fv2%2Fmedia&parent=25090"}],"wp:term":[{"taxonomy":"category","embeddable":true,"href":"https:\/\/l21.mx\/index.php?rest_route=%2Fwp%2Fv2%2Fcategories&post=25090"},{"taxonomy":"post_tag","embeddable":true,"href":"https:\/\/l21.mx\/index.php?rest_route=%2Fwp%2Fv2%2Ftags&post=25090"}],"curies":[{"name":"wp","href":"https:\/\/api.w.org\/{rel}","templated":true}]}}