{"id":25101,"date":"2017-03-30T09:41:29","date_gmt":"2017-03-30T15:41:29","guid":{"rendered":"http:\/\/innovatori.space\/lat21\/?p=25101"},"modified":"2017-05-31T12:05:21","modified_gmt":"2017-05-31T17:05:21","slug":"la-alacena","status":"publish","type":"post","link":"https:\/\/l21.mx\/?p=25101","title":{"rendered":"\u2191 \u2191 La Alacena"},"content":{"rendered":"<p>&nbsp;<\/p>\n<p><a href=\"http:\/\/l21.mx\/wp-content\/uploads\/2017\/03\/La-Alacena.jpg\" data-rel=\"penci-gallery-image-content\" ><img fetchpriority=\"high\" decoding=\"async\" class=\"aligncenter size-full wp-image-25103\" title=\"La-Alacena\" src=\"http:\/\/l21.mx\/wp-content\/uploads\/2017\/03\/La-Alacena.jpg\" alt=\"\" width=\"800\" height=\"533\" srcset=\"https:\/\/l21.mx\/wp-content\/uploads\/2017\/03\/La-Alacena.jpg 800w, https:\/\/l21.mx\/wp-content\/uploads\/2017\/03\/La-Alacena-300x200.jpg 300w, https:\/\/l21.mx\/wp-content\/uploads\/2017\/03\/La-Alacena-768x512.jpg 768w, https:\/\/l21.mx\/wp-content\/uploads\/2017\/03\/La-Alacena-585x390.jpg 585w, https:\/\/l21.mx\/wp-content\/uploads\/2017\/03\/La-Alacena-263x175.jpg 263w\" sizes=\"(max-width: 800px) 100vw, 800px\" \/><\/a><\/p>\n<p>Este espacio incursiona en Canc\u00fan ofreciendo un men\u00fa de comida fresca, saludable y un toque gourmet, que incluye chapatas, bagels, crepas, s\u00e1ndwiches, ensaladas, smothies y caf\u00e9s. El recinto gastron\u00f3mico\u00a0 tiene capacidad para al menos 32 comensales y opera de lunes a s\u00e1bado. Superficie, 60m2. Gener\u00f3 seis empleos directos. Av. Kabah, Plaza Sky &amp; Loft, SM 16, Mza. 01, Lte. 5-01, local 10. Tel. (998) 688-66-07.\u00a0 mau_brito@laalacena.com, Instagram: La Alacena Deli, Facebook: La Alacena Deli.<\/p>\n","protected":false},"excerpt":{"rendered":"<p>&nbsp; Este espacio incursiona en Canc\u00fan ofreciendo un men\u00fa de comida fresca, saludable y un toque&hellip;<\/p>\n","protected":false},"author":2,"featured_media":25103,"comment_status":"open","ping_status":"open","sticky":false,"template":"","format":"standard","meta":{"_acf_changed":false,"_lmt_disableupdate":"","_lmt_disable":"","_mbp_gutenberg_autopost":false,"footnotes":""},"categories":[10],"tags":[],"class_list":["post-25101","post","type-post","status-publish","format-standard","has-post-thumbnail","hentry","category-sube-y-baja"],"acf":[],"_links":{"self":[{"href":"https:\/\/l21.mx\/index.php?rest_route=\/wp\/v2\/posts\/25101","targetHints":{"allow":["GET"]}}],"collection":[{"href":"https:\/\/l21.mx\/index.php?rest_route=\/wp\/v2\/posts"}],"about":[{"href":"https:\/\/l21.mx\/index.php?rest_route=\/wp\/v2\/types\/post"}],"author":[{"embeddable":true,"href":"https:\/\/l21.mx\/index.php?rest_route=\/wp\/v2\/users\/2"}],"replies":[{"embeddable":true,"href":"https:\/\/l21.mx\/index.php?rest_route=%2Fwp%2Fv2%2Fcomments&post=25101"}],"version-history":[{"count":0,"href":"https:\/\/l21.mx\/index.php?rest_route=\/wp\/v2\/posts\/25101\/revisions"}],"wp:featuredmedia":[{"embeddable":true,"href":"https:\/\/l21.mx\/index.php?rest_route=\/wp\/v2\/media\/25103"}],"wp:attachment":[{"href":"https:\/\/l21.mx\/index.php?rest_route=%2Fwp%2Fv2%2Fmedia&parent=25101"}],"wp:term":[{"taxonomy":"category","embeddable":true,"href":"https:\/\/l21.mx\/index.php?rest_route=%2Fwp%2Fv2%2Fcategories&post=25101"},{"taxonomy":"post_tag","embeddable":true,"href":"https:\/\/l21.mx\/index.php?rest_route=%2Fwp%2Fv2%2Ftags&post=25101"}],"curies":[{"name":"wp","href":"https:\/\/api.w.org\/{rel}","templated":true}]}}