{"id":25131,"date":"2017-03-30T10:43:13","date_gmt":"2017-03-30T16:43:13","guid":{"rendered":"http:\/\/innovatori.space\/lat21\/?p=25131"},"modified":"2019-09-27T13:37:20","modified_gmt":"2019-09-27T18:37:20","slug":"bitacora-itb-de-berlin","status":"publish","type":"post","link":"https:\/\/l21.mx\/?p=25131","title":{"rendered":"B\u00edtacora: ITB de Berl\u00edn"},"content":{"rendered":"<p><a href=\"http:\/\/l21.mx\/wp-content\/uploads\/2017\/03\/ITB-de-Berlin.jpg\" data-rel=\"penci-gallery-image-content\" ><img fetchpriority=\"high\" decoding=\"async\" class=\"aligncenter size-full wp-image-25133\" title=\"ITB-de-Berlin\" src=\"http:\/\/l21.mx\/wp-content\/uploads\/2017\/03\/ITB-de-Berlin.jpg\" alt=\"\" width=\"800\" height=\"450\" \/><\/a><\/p>\n<p><strong>Qu\u00e9: ITB de Berl\u00edn<\/strong><\/p>\n<p><strong><span style=\"color: #993300;\">D\u00f3nde:<\/span> Messe Berl\u00edn<\/strong><\/p>\n<p><strong><span style=\"color: #993300;\">Cu\u00e1ndo:<\/span> Marzo<\/strong><\/p>\n<p>La mayor feria de turismo del mundo, ITB de Berl\u00edn, que reuni\u00f3 a 10 mil expositores de 187 pa\u00edses y atrajo a 109 mil visitantes especializados, fue el marco para la presentaci\u00f3n del documental \u2018Cozumel, un para\u00edso en el Caribe maya\u2019, material que se exhibir\u00e1 en las pantallas de los aviones de la aerol\u00ednea Evelop! en la ruta Madrid-Canc\u00fan. El largometraje de 43 minutos en idioma espa\u00f1ol, subt\u00edtulos en ingl\u00e9s, alem\u00e1n e italiano, versa sobre la riqueza natural y cultural de la isla y su importancia para el buceo. La Secretar\u00eda de Turismo de Quintana Roo particip\u00f3 en la promoci\u00f3n de los destinos del Caribe mexicano y por primera vez integr\u00f3 los circuitos del sur del estado. M\u00e9xico representa para Alemania el tercer destino en Latinoam\u00e9rica, despu\u00e9s de Brasil y Rep\u00fablica Dominicana, al recibir el 12.9% de las llegadas de turistas de ese pa\u00eds. De los 240 mil alemanes que ingresaron a M\u00e9xico en 2016, 140 mil visitaron Canc\u00fan y Riviera Maya. Asimismo est\u00e1n en el sexto sitio del ranking de los mercados internacionales que recibe la entidad.<\/p>\n<div><\/div>\n","protected":false},"excerpt":{"rendered":"<p>Qu\u00e9: ITB de Berl\u00edn D\u00f3nde: Messe Berl\u00edn Cu\u00e1ndo: Marzo La mayor feria de turismo del mundo,&hellip;<\/p>\n","protected":false},"author":2,"featured_media":25132,"comment_status":"open","ping_status":"open","sticky":false,"template":"","format":"standard","meta":{"_acf_changed":false,"_lmt_disableupdate":"","_lmt_disable":"","_mbp_gutenberg_autopost":false,"footnotes":""},"categories":[476],"tags":[],"class_list":["post-25131","post","type-post","status-publish","format-standard","has-post-thumbnail","hentry","category-agenda"],"acf":[],"_links":{"self":[{"href":"https:\/\/l21.mx\/index.php?rest_route=\/wp\/v2\/posts\/25131","targetHints":{"allow":["GET"]}}],"collection":[{"href":"https:\/\/l21.mx\/index.php?rest_route=\/wp\/v2\/posts"}],"about":[{"href":"https:\/\/l21.mx\/index.php?rest_route=\/wp\/v2\/types\/post"}],"author":[{"embeddable":true,"href":"https:\/\/l21.mx\/index.php?rest_route=\/wp\/v2\/users\/2"}],"replies":[{"embeddable":true,"href":"https:\/\/l21.mx\/index.php?rest_route=%2Fwp%2Fv2%2Fcomments&post=25131"}],"version-history":[{"count":0,"href":"https:\/\/l21.mx\/index.php?rest_route=\/wp\/v2\/posts\/25131\/revisions"}],"wp:featuredmedia":[{"embeddable":true,"href":"https:\/\/l21.mx\/index.php?rest_route=\/wp\/v2\/media\/25132"}],"wp:attachment":[{"href":"https:\/\/l21.mx\/index.php?rest_route=%2Fwp%2Fv2%2Fmedia&parent=25131"}],"wp:term":[{"taxonomy":"category","embeddable":true,"href":"https:\/\/l21.mx\/index.php?rest_route=%2Fwp%2Fv2%2Fcategories&post=25131"},{"taxonomy":"post_tag","embeddable":true,"href":"https:\/\/l21.mx\/index.php?rest_route=%2Fwp%2Fv2%2Ftags&post=25131"}],"curies":[{"name":"wp","href":"https:\/\/api.w.org\/{rel}","templated":true}]}}