{"id":25139,"date":"2017-03-30T10:48:04","date_gmt":"2017-03-30T16:48:04","guid":{"rendered":"http:\/\/innovatori.space\/lat21\/?p=25139"},"modified":"2019-09-27T13:37:20","modified_gmt":"2019-09-27T18:37:20","slug":"bitacora-ix-congreso-turistico-ut","status":"publish","type":"post","link":"https:\/\/l21.mx\/?p=25139","title":{"rendered":"B\u00edtacora: IX Congreso Tur\u00edstico UT"},"content":{"rendered":"<p><a href=\"http:\/\/l21.mx\/wp-content\/uploads\/2017\/03\/IX-Congreso-Tur\u00edstico-UT.jpg\" data-rel=\"penci-gallery-image-content\" ><img decoding=\"async\" class=\"aligncenter size-full wp-image-25141\" title=\"IX-Congreso-Tur\u00edstico-UT\" src=\"http:\/\/l21.mx\/wp-content\/uploads\/2017\/03\/IX-Congreso-Tur\u00edstico-UT.jpg\" alt=\"\" width=\"218\" height=\"99\" \/><\/a><\/p>\n<p><strong>Qu\u00e9:<\/strong> IX Congreso Tur\u00edstico UT<\/p>\n<p><span style=\"color: #993300;\"><strong>D\u00f3nde:<\/strong><\/span> Hotel Presidente Intercontinental<\/p>\n<p><span style=\"color: #993300;\"><strong>Cu\u00e1ndo:<\/strong><\/span> Marzo<\/p>\n<p>Con la participaci\u00f3n de unos 300 alumnos de la divisi\u00f3n Turismo de la Universidad Tecnol\u00f3gica (UT), adem\u00e1s de invitados de otras casas de estudio\u00a0 y empresas del sector, se realiz\u00f3 el IX Congreso Tur\u00edstico con el lema \u2018Turismo para nuevos viajeros\u2019. Durante el encuentro se abordaron temas como: El Turismo en M\u00e9xico frente al Panorama Mundial, El Papel de M\u00e9xico en las Tendencias de Productos Tur\u00edsticos para Nuevos Segmentos, adem\u00e1s de Millenials y Generaci\u00f3n X, los Nuevos Viajeros en el Turismo, entre otros. La directora de la divisi\u00f3n de Turismo, Mariana Recio, coment\u00f3 que el evento lo organizan cada a\u00f1o estudiantes del quinto cuatrimestre de la carrera de Hoteler\u00eda, con diferentes tem\u00e1ticas que se enfocan a las tendencias actuales, con el inter\u00e9s de actualizar a los universitarios y fomentar el desarrollo de competencias en la materia Grupos y Convenciones. El alumno Edgar Sauri dijo que el congreso busca impulsar la formaci\u00f3n profesional de los universitarios, utilizando y aplicando los conocimientos adquiridos en el aula.<\/p>\n<div><\/div>\n","protected":false},"excerpt":{"rendered":"<p>Qu\u00e9: IX Congreso Tur\u00edstico UT D\u00f3nde: Hotel Presidente Intercontinental Cu\u00e1ndo: Marzo Con la participaci\u00f3n de unos&hellip;<\/p>\n","protected":false},"author":2,"featured_media":25141,"comment_status":"open","ping_status":"open","sticky":false,"template":"","format":"standard","meta":{"_acf_changed":false,"_lmt_disableupdate":"","_lmt_disable":"","_mbp_gutenberg_autopost":false,"footnotes":""},"categories":[476],"tags":[],"class_list":["post-25139","post","type-post","status-publish","format-standard","has-post-thumbnail","hentry","category-agenda"],"acf":[],"_links":{"self":[{"href":"https:\/\/l21.mx\/index.php?rest_route=\/wp\/v2\/posts\/25139","targetHints":{"allow":["GET"]}}],"collection":[{"href":"https:\/\/l21.mx\/index.php?rest_route=\/wp\/v2\/posts"}],"about":[{"href":"https:\/\/l21.mx\/index.php?rest_route=\/wp\/v2\/types\/post"}],"author":[{"embeddable":true,"href":"https:\/\/l21.mx\/index.php?rest_route=\/wp\/v2\/users\/2"}],"replies":[{"embeddable":true,"href":"https:\/\/l21.mx\/index.php?rest_route=%2Fwp%2Fv2%2Fcomments&post=25139"}],"version-history":[{"count":0,"href":"https:\/\/l21.mx\/index.php?rest_route=\/wp\/v2\/posts\/25139\/revisions"}],"wp:featuredmedia":[{"embeddable":true,"href":"https:\/\/l21.mx\/index.php?rest_route=\/wp\/v2\/media\/25141"}],"wp:attachment":[{"href":"https:\/\/l21.mx\/index.php?rest_route=%2Fwp%2Fv2%2Fmedia&parent=25139"}],"wp:term":[{"taxonomy":"category","embeddable":true,"href":"https:\/\/l21.mx\/index.php?rest_route=%2Fwp%2Fv2%2Fcategories&post=25139"},{"taxonomy":"post_tag","embeddable":true,"href":"https:\/\/l21.mx\/index.php?rest_route=%2Fwp%2Fv2%2Ftags&post=25139"}],"curies":[{"name":"wp","href":"https:\/\/api.w.org\/{rel}","templated":true}]}}