{"id":2537,"date":"2013-05-03T13:50:14","date_gmt":"2013-05-03T18:50:14","guid":{"rendered":"http:\/\/innovatori.space\/lat21\/?p=2537"},"modified":"2013-08-01T10:41:08","modified_gmt":"2013-08-01T15:41:08","slug":"latitud-21-2","status":"publish","type":"post","link":"https:\/\/l21.mx\/?p=2537","title":{"rendered":"DECIMO ANIVERSARIO \u2022 LATITUD 21"},"content":{"rendered":"<p><strong><a href=\" http:\/\/l21.mx\/1a-portada-\u2022-abril-2003\"><br \/>\n<\/a>Hace 10 a\u00f1os, con el impulso de socios visionarios, Latitud 21 sali\u00f3 a escena para disertar desde la letra impresa sobre los avatares de un Canc\u00fan en evoluci\u00f3n.\u00a0 Bajo su slogan, \u201cL\u00edderes y Negocios en el Caribe Mexicano\u201d, ha registrado la historia de quienes construyeron el destino, se\u00f1alando tanto los obst\u00e1culos como los avances. Ha reconocido el esfuerzo y las desavenencias, creando conciencia de qu\u00e9 somos y a d\u00f3nde vamos como ciudad tur\u00edstica.<\/strong><\/p>\n<p><strong>A una d\u00e9cada de nuestra primera edici\u00f3n presentamos el antes y el ahora de quienes ocuparon nuestras 10 primeras portadas, por ser referentes de ese mundo en transformaci\u00f3n. L\u00edderes y empresarios que apostaron a un proyecto personal e incidieron de forma determinante en la fisonom\u00eda econ\u00f3mica, social y tur\u00edstica de un proyecto llamado Canc\u00fan.<\/strong><\/p>\n<div style=\"width: 124px\" class=\"wp-caption alignleft\"><a title=\"1a portada \u2022 abril 2003\" href=\"http:\/\/l21.mx\/1a-portada-\u2022-abril-2003\/\"><img decoding=\"async\" title=\"1 portada abril\" src=\"http:\/\/l21.mx\/wp-content\/uploads\/2013\/05\/1-portada-abril.jpg\" alt=\"1 portada abril\" width=\"114\" height=\"170\" \/><\/a><p class=\"wp-caption-text\">1 portada abril<\/p><\/div>\n<div style=\"width: 123px\" class=\"wp-caption alignleft\"><a href=\"http:\/\/l21.mx\/2a-portada-\u2022-mayo-2003\"><img decoding=\"async\" title=\"2 portada mayo\" src=\"http:\/\/l21.mx\/wp-content\/uploads\/2013\/05\/2-portada-mayo.jpg\" alt=\"2 portada mayo\" width=\"113\" height=\"170\" \/><\/a><p class=\"wp-caption-text\">2 portada mayo<\/p><\/div>\n<div>\n<div id=\"attachment_2581\" style=\"width: 123px\" class=\"wp-caption alignleft\"><a href=\"http:\/\/l21.mx\/3a-portada-\u2022-junio-2003\"><img decoding=\"async\" aria-describedby=\"caption-attachment-2581\" class=\"size-full wp-image-2581  \" title=\"3 portada junio\" src=\"http:\/\/l21.mx\/wp-content\/uploads\/2013\/05\/3-portada-junio.jpg\" alt=\"3 portada junio\" width=\"113\" height=\"170\" srcset=\"https:\/\/l21.mx\/wp-content\/uploads\/2013\/05\/3-portada-junio.jpg 113w, https:\/\/l21.mx\/wp-content\/uploads\/2013\/05\/3-portada-junio-56x85.jpg 56w, https:\/\/l21.mx\/wp-content\/uploads\/2013\/05\/3-portada-junio-80x120.jpg 80w\" sizes=\"(max-width: 113px) 100vw, 113px\" \/><\/a><p id=\"caption-attachment-2581\" class=\"wp-caption-text\">3 portada junio<\/p><\/div>\n<p>&nbsp;<\/p>\n<div id=\"attachment_2583\" style=\"width: 124px\" class=\"wp-caption alignleft\"><a href=\"http:\/\/l21.mx\/4a-portada-\u2022-julio-2003\"><img loading=\"lazy\" decoding=\"async\" aria-describedby=\"caption-attachment-2583\" class=\"size-full wp-image-2583 \" title=\"4 portada julio\" src=\"http:\/\/l21.mx\/wp-content\/uploads\/2013\/05\/4-portada-julio1.jpg\" alt=\"4 portada julio\" width=\"114\" height=\"169\" srcset=\"https:\/\/l21.mx\/wp-content\/uploads\/2013\/05\/4-portada-julio1.jpg 114w, https:\/\/l21.mx\/wp-content\/uploads\/2013\/05\/4-portada-julio1-57x85.jpg 57w, https:\/\/l21.mx\/wp-content\/uploads\/2013\/05\/4-portada-julio1-80x118.jpg 80w\" sizes=\"(max-width: 114px) 100vw, 114px\" \/><\/a><p id=\"caption-attachment-2583\" class=\"wp-caption-text\">4 portada julio<\/p><\/div>\n<div id=\"attachment_2585\" style=\"width: 123px\" class=\"wp-caption alignleft\"><a href=\"http:\/\/l21.mx\/5a-portada-\u2022-agosto-2003\"><img loading=\"lazy\" decoding=\"async\" aria-describedby=\"caption-attachment-2585\" class=\"size-full wp-image-2585 \" title=\"5 portada agosto\" src=\"http:\/\/l21.mx\/wp-content\/uploads\/2013\/05\/5-portada-agosto1.jpg\" alt=\"5 portada agosto\" width=\"113\" height=\"169\" srcset=\"https:\/\/l21.mx\/wp-content\/uploads\/2013\/05\/5-portada-agosto1.jpg 113w, https:\/\/l21.mx\/wp-content\/uploads\/2013\/05\/5-portada-agosto1-56x85.jpg 56w, https:\/\/l21.mx\/wp-content\/uploads\/2013\/05\/5-portada-agosto1-80x119.jpg 80w\" sizes=\"(max-width: 113px) 100vw, 113px\" \/><\/a><p id=\"caption-attachment-2585\" class=\"wp-caption-text\">5 portada agosto<\/p><\/div>\n<div id=\"attachment_2586\" style=\"width: 123px\" class=\"wp-caption alignleft\"><a href=\"http:\/\/l21.mx\/6a-portada-\u2022-septiembre-2003\"><img loading=\"lazy\" decoding=\"async\" aria-describedby=\"caption-attachment-2586\" class=\"size-full wp-image-2586 \" title=\"6 portada septiembre\" src=\"http:\/\/l21.mx\/wp-content\/uploads\/2013\/05\/6-portada-septiembre.jpg\" alt=\"6 portada septiembre\" width=\"113\" height=\"169\" srcset=\"https:\/\/l21.mx\/wp-content\/uploads\/2013\/05\/6-portada-septiembre.jpg 113w, https:\/\/l21.mx\/wp-content\/uploads\/2013\/05\/6-portada-septiembre-56x85.jpg 56w, https:\/\/l21.mx\/wp-content\/uploads\/2013\/05\/6-portada-septiembre-80x119.jpg 80w\" sizes=\"(max-width: 113px) 100vw, 113px\" \/><\/a><p id=\"caption-attachment-2586\" class=\"wp-caption-text\">6 portada septiembre<\/p><\/div>\n<p>&nbsp;<\/p>\n<div id=\"attachment_2587\" style=\"width: 122px\" class=\"wp-caption alignleft\"><a href=\"http:\/\/l21.mx\/7a-portada-\u2022-octubre-2003\"><img loading=\"lazy\" decoding=\"async\" aria-describedby=\"caption-attachment-2587\" class=\"size-full wp-image-2587 \" title=\"7 portada octubre\" src=\"http:\/\/l21.mx\/wp-content\/uploads\/2013\/05\/7-portada-octubre.jpg\" alt=\"7 portada octubre\" width=\"112\" height=\"170\" srcset=\"https:\/\/l21.mx\/wp-content\/uploads\/2013\/05\/7-portada-octubre.jpg 112w, https:\/\/l21.mx\/wp-content\/uploads\/2013\/05\/7-portada-octubre-56x85.jpg 56w, https:\/\/l21.mx\/wp-content\/uploads\/2013\/05\/7-portada-octubre-80x121.jpg 80w\" sizes=\"(max-width: 112px) 100vw, 112px\" \/><\/a><p id=\"caption-attachment-2587\" class=\"wp-caption-text\">7 portada octubre<\/p><\/div>\n<div id=\"attachment_2588\" style=\"width: 123px\" class=\"wp-caption alignleft\"><a href=\"http:\/\/l21.mx\/8a-portada-\u2022-noviembre-2003\"><img loading=\"lazy\" decoding=\"async\" aria-describedby=\"caption-attachment-2588\" class=\"size-full wp-image-2588 \" title=\"8 portada noviembre\" src=\"http:\/\/l21.mx\/wp-content\/uploads\/2013\/05\/8-portada-noviembre.jpg\" alt=\"8 portada noviembre\" width=\"113\" height=\"171\" srcset=\"https:\/\/l21.mx\/wp-content\/uploads\/2013\/05\/8-portada-noviembre.jpg 113w, https:\/\/l21.mx\/wp-content\/uploads\/2013\/05\/8-portada-noviembre-56x85.jpg 56w, https:\/\/l21.mx\/wp-content\/uploads\/2013\/05\/8-portada-noviembre-80x121.jpg 80w\" sizes=\"(max-width: 113px) 100vw, 113px\" \/><\/a><p id=\"caption-attachment-2588\" class=\"wp-caption-text\">8 portada noviembre<\/p><\/div>\n<div id=\"attachment_2589\" style=\"width: 123px\" class=\"wp-caption alignleft\"><a href=\"http:\/\/l21.mx\/9a-portada-\u2022-diciembre-2003\"><img loading=\"lazy\" decoding=\"async\" aria-describedby=\"caption-attachment-2589\" class=\"size-full wp-image-2589 \" title=\"9 portada diciembre\" src=\"http:\/\/l21.mx\/wp-content\/uploads\/2013\/05\/9-portada-diciembre.jpg\" alt=\"9 portada diciembre\" width=\"113\" height=\"171\" srcset=\"https:\/\/l21.mx\/wp-content\/uploads\/2013\/05\/9-portada-diciembre.jpg 113w, https:\/\/l21.mx\/wp-content\/uploads\/2013\/05\/9-portada-diciembre-56x85.jpg 56w, https:\/\/l21.mx\/wp-content\/uploads\/2013\/05\/9-portada-diciembre-80x121.jpg 80w\" sizes=\"(max-width: 113px) 100vw, 113px\" \/><\/a><p id=\"caption-attachment-2589\" class=\"wp-caption-text\">9 portada diciembre<\/p><\/div>\n<p>&nbsp;<\/p>\n<div id=\"attachment_2590\" style=\"width: 123px\" class=\"wp-caption alignleft\"><a href=\"http:\/\/l21.mx\/10a-portada-\u2022-enero-2004\"><img loading=\"lazy\" decoding=\"async\" aria-describedby=\"caption-attachment-2590\" class=\"size-full wp-image-2590 \" title=\"10 portada enero\" src=\"http:\/\/l21.mx\/wp-content\/uploads\/2013\/05\/10-portada-enero.jpg\" alt=\"10 portada enero\" width=\"113\" height=\"169\" srcset=\"https:\/\/l21.mx\/wp-content\/uploads\/2013\/05\/10-portada-enero.jpg 113w, https:\/\/l21.mx\/wp-content\/uploads\/2013\/05\/10-portada-enero-56x85.jpg 56w, https:\/\/l21.mx\/wp-content\/uploads\/2013\/05\/10-portada-enero-80x119.jpg 80w\" sizes=\"(max-width: 113px) 100vw, 113px\" \/><\/a><p id=\"caption-attachment-2590\" class=\"wp-caption-text\">10 portada enero<\/p><\/div>\n<\/div>\n","protected":false},"excerpt":{"rendered":"<p>Hace 10 a\u00f1os, con el impulso de socios visionarios, Latitud 21 sali\u00f3 a escena para disertar&hellip;<\/p>\n","protected":false},"author":2,"featured_media":2640,"comment_status":"open","ping_status":"open","sticky":false,"template":"","format":"standard","meta":{"_acf_changed":false,"_lmt_disableupdate":"","_lmt_disable":"","_mbp_gutenberg_autopost":false,"footnotes":""},"categories":[19],"tags":[63,65,62,48,64,61],"class_list":["post-2537","post","type-post","status-publish","format-standard","has-post-thumbnail","hentry","category-portada","tag-caribe-mexicano","tag-grupo-editorial-latitud21","tag-revista-latitud21","tag-cancun","tag-latitud-21","tag-latitud21"],"acf":[],"_links":{"self":[{"href":"https:\/\/l21.mx\/index.php?rest_route=\/wp\/v2\/posts\/2537","targetHints":{"allow":["GET"]}}],"collection":[{"href":"https:\/\/l21.mx\/index.php?rest_route=\/wp\/v2\/posts"}],"about":[{"href":"https:\/\/l21.mx\/index.php?rest_route=\/wp\/v2\/types\/post"}],"author":[{"embeddable":true,"href":"https:\/\/l21.mx\/index.php?rest_route=\/wp\/v2\/users\/2"}],"replies":[{"embeddable":true,"href":"https:\/\/l21.mx\/index.php?rest_route=%2Fwp%2Fv2%2Fcomments&post=2537"}],"version-history":[{"count":0,"href":"https:\/\/l21.mx\/index.php?rest_route=\/wp\/v2\/posts\/2537\/revisions"}],"wp:featuredmedia":[{"embeddable":true,"href":"https:\/\/l21.mx\/index.php?rest_route=\/wp\/v2\/media\/2640"}],"wp:attachment":[{"href":"https:\/\/l21.mx\/index.php?rest_route=%2Fwp%2Fv2%2Fmedia&parent=2537"}],"wp:term":[{"taxonomy":"category","embeddable":true,"href":"https:\/\/l21.mx\/index.php?rest_route=%2Fwp%2Fv2%2Fcategories&post=2537"},{"taxonomy":"post_tag","embeddable":true,"href":"https:\/\/l21.mx\/index.php?rest_route=%2Fwp%2Fv2%2Ftags&post=2537"}],"curies":[{"name":"wp","href":"https:\/\/api.w.org\/{rel}","templated":true}]}}