{"id":2646,"date":"2013-05-06T11:59:25","date_gmt":"2013-05-06T16:59:25","guid":{"rendered":"http:\/\/innovatori.space\/lat21\/?p=2646"},"modified":"2013-06-06T13:19:10","modified_gmt":"2013-06-06T18:19:10","slug":"wok-in","status":"publish","type":"post","link":"https:\/\/l21.mx\/?p=2646","title":{"rendered":"Wok in  \u2193\u2193"},"content":{"rendered":"<p><a href=\"http:\/\/l21.mx\/wp-content\/uploads\/2013\/05\/WOK-IN-3.jpg\" data-rel=\"penci-gallery-image-content\" ><img fetchpriority=\"high\" decoding=\"async\" class=\"alignleft size-medium wp-image-2647\" title=\"WOK IN (3)\" src=\"http:\/\/l21.mx\/wp-content\/uploads\/2013\/05\/WOK-IN-3-300x199.jpg\" alt=\"\" width=\"300\" height=\"199\" srcset=\"https:\/\/l21.mx\/wp-content\/uploads\/2013\/05\/WOK-IN-3-300x199.jpg 300w, https:\/\/l21.mx\/wp-content\/uploads\/2013\/05\/WOK-IN-3-1024x679.jpg 1024w, https:\/\/l21.mx\/wp-content\/uploads\/2013\/05\/WOK-IN-3-128x85.jpg 128w, https:\/\/l21.mx\/wp-content\/uploads\/2013\/05\/WOK-IN-3-600x398.jpg 600w, https:\/\/l21.mx\/wp-content\/uploads\/2013\/05\/WOK-IN-3-167x110.jpg 167w, https:\/\/l21.mx\/wp-content\/uploads\/2013\/05\/WOK-IN-3-80x53.jpg 80w, https:\/\/l21.mx\/wp-content\/uploads\/2013\/05\/WOK-IN-3.jpg 1500w\" sizes=\"(max-width: 300px) 100vw, 300px\" \/><\/a>Ricardo Zubir\u00e1n cre\u00f3 en 2011 esta propuesta de comida gourmet asi\u00e1tica en versi\u00f3n fast. Tras dos a\u00f1os cerr\u00f3 sus puertas. Ten\u00eda su sede en Plaza Solare.<\/p>\n<div>\n<p>[editor]sube-y-baja[\/editor]<\/p>\n<div><\/div>\n<\/div>\n","protected":false},"excerpt":{"rendered":"<p>Ricardo Zubir\u00e1n cre\u00f3 en 2011 esta propuesta de comida gourmet asi\u00e1tica en versi\u00f3n fast. Tras dos&hellip;<\/p>\n","protected":false},"author":2,"featured_media":2648,"comment_status":"open","ping_status":"open","sticky":false,"template":"","format":"standard","meta":{"_acf_changed":false,"_lmt_disableupdate":"","_lmt_disable":"","_mbp_gutenberg_autopost":false,"footnotes":""},"categories":[10],"tags":[63,65,62,48,64,61],"class_list":["post-2646","post","type-post","status-publish","format-standard","has-post-thumbnail","hentry","category-sube-y-baja","tag-caribe-mexicano","tag-grupo-editorial-latitud21","tag-revista-latitud21","tag-cancun","tag-latitud-21","tag-latitud21"],"acf":[],"_links":{"self":[{"href":"https:\/\/l21.mx\/index.php?rest_route=\/wp\/v2\/posts\/2646","targetHints":{"allow":["GET"]}}],"collection":[{"href":"https:\/\/l21.mx\/index.php?rest_route=\/wp\/v2\/posts"}],"about":[{"href":"https:\/\/l21.mx\/index.php?rest_route=\/wp\/v2\/types\/post"}],"author":[{"embeddable":true,"href":"https:\/\/l21.mx\/index.php?rest_route=\/wp\/v2\/users\/2"}],"replies":[{"embeddable":true,"href":"https:\/\/l21.mx\/index.php?rest_route=%2Fwp%2Fv2%2Fcomments&post=2646"}],"version-history":[{"count":0,"href":"https:\/\/l21.mx\/index.php?rest_route=\/wp\/v2\/posts\/2646\/revisions"}],"wp:featuredmedia":[{"embeddable":true,"href":"https:\/\/l21.mx\/index.php?rest_route=\/wp\/v2\/media\/2648"}],"wp:attachment":[{"href":"https:\/\/l21.mx\/index.php?rest_route=%2Fwp%2Fv2%2Fmedia&parent=2646"}],"wp:term":[{"taxonomy":"category","embeddable":true,"href":"https:\/\/l21.mx\/index.php?rest_route=%2Fwp%2Fv2%2Fcategories&post=2646"},{"taxonomy":"post_tag","embeddable":true,"href":"https:\/\/l21.mx\/index.php?rest_route=%2Fwp%2Fv2%2Ftags&post=2646"}],"curies":[{"name":"wp","href":"https:\/\/api.w.org\/{rel}","templated":true}]}}