{"id":2653,"date":"2013-05-06T12:02:36","date_gmt":"2013-05-06T17:02:36","guid":{"rendered":"http:\/\/innovatori.space\/lat21\/?p=2653"},"modified":"2013-06-06T13:19:10","modified_gmt":"2013-06-06T18:19:10","slug":"che-almacen-%e2%86%91%e2%86%91","status":"publish","type":"post","link":"https:\/\/l21.mx\/?p=2653","title":{"rendered":"Che almac\u00e9n    \u2191\u2191"},"content":{"rendered":"<p><a href=\"http:\/\/l21.mx\/wp-content\/uploads\/2013\/05\/CHE-ALMACEN1.jpg\" data-rel=\"penci-gallery-image-content\" ><img decoding=\"async\" class=\"alignleft size-medium wp-image-2655\" title=\"CHE ALMACEN\" src=\"http:\/\/l21.mx\/wp-content\/uploads\/2013\/05\/CHE-ALMACEN1-300x154.jpg\" alt=\"\" width=\"300\" height=\"154\" srcset=\"https:\/\/l21.mx\/wp-content\/uploads\/2013\/05\/CHE-ALMACEN1-300x154.jpg 300w, https:\/\/l21.mx\/wp-content\/uploads\/2013\/05\/CHE-ALMACEN1-1024x528.jpg 1024w, https:\/\/l21.mx\/wp-content\/uploads\/2013\/05\/CHE-ALMACEN1-164x85.jpg 164w, https:\/\/l21.mx\/wp-content\/uploads\/2013\/05\/CHE-ALMACEN1-600x309.jpg 600w, https:\/\/l21.mx\/wp-content\/uploads\/2013\/05\/CHE-ALMACEN1-167x86.jpg 167w, https:\/\/l21.mx\/wp-content\/uploads\/2013\/05\/CHE-ALMACEN1-80x41.jpg 80w, https:\/\/l21.mx\/wp-content\/uploads\/2013\/05\/CHE-ALMACEN1.jpg 1500w\" sizes=\"(max-width: 300px) 100vw, 300px\" \/><\/a>El grupo inversionista Falta Envido, sociedad argentino- mexicana, cre\u00f3 este concepto de restaurante con almac\u00e9n, tienda y deli. Platillos t\u00edpicos argentinos adem\u00e1s de una oferta de sandwich gourmet. Cava con espacio para m\u00e1s de 500 botellas y carta de vinos con\u00a0 100 etiquetas. Capacidad para 120 personas en una superficie de 300 m2. Empleos directos 30, indirectos 40. Av. Xpuhil, SM 19, Mza. 2, lote 24. Tels. 998-884-42-38 y 870-27-26. gastonborda@chealmacen.com<\/p>\n<div>\n<p>[editor]sube-y-baja[\/editor]<\/p>\n<div><\/div>\n<\/div>\n","protected":false},"excerpt":{"rendered":"<p>El grupo inversionista Falta Envido, sociedad argentino- mexicana, cre\u00f3 este concepto de restaurante con almac\u00e9n, tienda&hellip;<\/p>\n","protected":false},"author":2,"featured_media":2655,"comment_status":"open","ping_status":"open","sticky":false,"template":"","format":"standard","meta":{"_acf_changed":false,"_lmt_disableupdate":"","_lmt_disable":"","_mbp_gutenberg_autopost":false,"footnotes":""},"categories":[10],"tags":[63,65,62,48,64,61],"class_list":["post-2653","post","type-post","status-publish","format-standard","has-post-thumbnail","hentry","category-sube-y-baja","tag-caribe-mexicano","tag-grupo-editorial-latitud21","tag-revista-latitud21","tag-cancun","tag-latitud-21","tag-latitud21"],"acf":[],"_links":{"self":[{"href":"https:\/\/l21.mx\/index.php?rest_route=\/wp\/v2\/posts\/2653","targetHints":{"allow":["GET"]}}],"collection":[{"href":"https:\/\/l21.mx\/index.php?rest_route=\/wp\/v2\/posts"}],"about":[{"href":"https:\/\/l21.mx\/index.php?rest_route=\/wp\/v2\/types\/post"}],"author":[{"embeddable":true,"href":"https:\/\/l21.mx\/index.php?rest_route=\/wp\/v2\/users\/2"}],"replies":[{"embeddable":true,"href":"https:\/\/l21.mx\/index.php?rest_route=%2Fwp%2Fv2%2Fcomments&post=2653"}],"version-history":[{"count":0,"href":"https:\/\/l21.mx\/index.php?rest_route=\/wp\/v2\/posts\/2653\/revisions"}],"wp:featuredmedia":[{"embeddable":true,"href":"https:\/\/l21.mx\/index.php?rest_route=\/wp\/v2\/media\/2655"}],"wp:attachment":[{"href":"https:\/\/l21.mx\/index.php?rest_route=%2Fwp%2Fv2%2Fmedia&parent=2653"}],"wp:term":[{"taxonomy":"category","embeddable":true,"href":"https:\/\/l21.mx\/index.php?rest_route=%2Fwp%2Fv2%2Fcategories&post=2653"},{"taxonomy":"post_tag","embeddable":true,"href":"https:\/\/l21.mx\/index.php?rest_route=%2Fwp%2Fv2%2Ftags&post=2653"}],"curies":[{"name":"wp","href":"https:\/\/api.w.org\/{rel}","templated":true}]}}