{"id":2676,"date":"2013-05-06T12:32:57","date_gmt":"2013-05-06T17:32:57","guid":{"rendered":"http:\/\/innovatori.space\/lat21\/?p=2676"},"modified":"2013-06-05T12:30:12","modified_gmt":"2013-06-05T17:30:12","slug":"4x4-custom-shop-%e2%86%91%e2%86%91","status":"publish","type":"post","link":"https:\/\/l21.mx\/?p=2676","title":{"rendered":"4X4 Custom shop  \u2191\u2191"},"content":{"rendered":"<p><a href=\"http:\/\/l21.mx\/wp-content\/uploads\/2013\/05\/CUSTOM-SHOP-4X4-1.jpg\" data-rel=\"penci-gallery-image-content\" ><img fetchpriority=\"high\" decoding=\"async\" class=\"aligncenter size-medium wp-image-2677\" title=\"CUSTOM SHOP 4X4 (1)\" src=\"http:\/\/l21.mx\/wp-content\/uploads\/2013\/05\/CUSTOM-SHOP-4X4-1-300x199.jpg\" alt=\"\" width=\"300\" height=\"199\" srcset=\"https:\/\/l21.mx\/wp-content\/uploads\/2013\/05\/CUSTOM-SHOP-4X4-1-300x199.jpg 300w, https:\/\/l21.mx\/wp-content\/uploads\/2013\/05\/CUSTOM-SHOP-4X4-1-1024x679.jpg 1024w, https:\/\/l21.mx\/wp-content\/uploads\/2013\/05\/CUSTOM-SHOP-4X4-1-128x85.jpg 128w, https:\/\/l21.mx\/wp-content\/uploads\/2013\/05\/CUSTOM-SHOP-4X4-1-600x398.jpg 600w, https:\/\/l21.mx\/wp-content\/uploads\/2013\/05\/CUSTOM-SHOP-4X4-1-167x110.jpg 167w, https:\/\/l21.mx\/wp-content\/uploads\/2013\/05\/CUSTOM-SHOP-4X4-1-80x53.jpg 80w, https:\/\/l21.mx\/wp-content\/uploads\/2013\/05\/CUSTOM-SHOP-4X4-1.jpg 1500w\" sizes=\"(max-width: 300px) 100vw, 300px\" \/><\/a><\/p>\n<p>Un grupo de inversionistas extranjeros trajeron a Canc\u00fan su r\u00fabrica asentada en Miami con la idea de expandirse en el pa\u00eds. Esta es su primera sucursal de venta, modificaci\u00f3n e instalaci\u00f3n de accesorios para veh\u00edculos 4X4 y de alto desempe\u00f1o. Productos \u00fanicos y especializados. Superficie: 20m2. Empleos directos, tres; indirectos, 12. Av. Kabah, SM 57, Mza.3, lote 12, local 4. Plaza Las Velas. S\/Tel.<\/p>\n<div>\n<p>[editor]sube-y-baja[\/editor]<\/p>\n<div><\/div>\n<\/div>\n","protected":false},"excerpt":{"rendered":"<p>Un grupo de inversionistas extranjeros trajeron a Canc\u00fan su r\u00fabrica asentada en Miami con la idea&hellip;<\/p>\n","protected":false},"author":2,"featured_media":2678,"comment_status":"open","ping_status":"open","sticky":false,"template":"","format":"standard","meta":{"_acf_changed":false,"_lmt_disableupdate":"","_lmt_disable":"","_mbp_gutenberg_autopost":false,"footnotes":""},"categories":[10],"tags":[63,65,62,48,64,61],"class_list":["post-2676","post","type-post","status-publish","format-standard","has-post-thumbnail","hentry","category-sube-y-baja","tag-caribe-mexicano","tag-grupo-editorial-latitud21","tag-revista-latitud21","tag-cancun","tag-latitud-21","tag-latitud21"],"acf":[],"_links":{"self":[{"href":"https:\/\/l21.mx\/index.php?rest_route=\/wp\/v2\/posts\/2676","targetHints":{"allow":["GET"]}}],"collection":[{"href":"https:\/\/l21.mx\/index.php?rest_route=\/wp\/v2\/posts"}],"about":[{"href":"https:\/\/l21.mx\/index.php?rest_route=\/wp\/v2\/types\/post"}],"author":[{"embeddable":true,"href":"https:\/\/l21.mx\/index.php?rest_route=\/wp\/v2\/users\/2"}],"replies":[{"embeddable":true,"href":"https:\/\/l21.mx\/index.php?rest_route=%2Fwp%2Fv2%2Fcomments&post=2676"}],"version-history":[{"count":0,"href":"https:\/\/l21.mx\/index.php?rest_route=\/wp\/v2\/posts\/2676\/revisions"}],"wp:featuredmedia":[{"embeddable":true,"href":"https:\/\/l21.mx\/index.php?rest_route=\/wp\/v2\/media\/2678"}],"wp:attachment":[{"href":"https:\/\/l21.mx\/index.php?rest_route=%2Fwp%2Fv2%2Fmedia&parent=2676"}],"wp:term":[{"taxonomy":"category","embeddable":true,"href":"https:\/\/l21.mx\/index.php?rest_route=%2Fwp%2Fv2%2Fcategories&post=2676"},{"taxonomy":"post_tag","embeddable":true,"href":"https:\/\/l21.mx\/index.php?rest_route=%2Fwp%2Fv2%2Ftags&post=2676"}],"curies":[{"name":"wp","href":"https:\/\/api.w.org\/{rel}","templated":true}]}}