{"id":26968,"date":"2017-06-01T17:32:28","date_gmt":"2017-06-01T22:32:28","guid":{"rendered":"http:\/\/innovatori.space\/lat21\/?p=26968"},"modified":"2018-10-01T16:48:52","modified_gmt":"2018-10-01T21:48:52","slug":"una-de-embajadores","status":"publish","type":"post","link":"https:\/\/l21.mx\/?p=26968","title":{"rendered":"Una de embajadores"},"content":{"rendered":"<p><a href=\"http:\/\/l21.mx\/wp-content\/uploads\/2016\/03\/colaboradores-para-redes-SERGIO.png\" data-rel=\"penci-gallery-image-content\" ><img decoding=\"async\" class=\"alignleft\" title=\"colaboradores-para-redes-SERGIO\" src=\"http:\/\/l21.mx\/wp-content\/uploads\/2016\/03\/colaboradores-para-redes-SERGIO-300x150.png\" alt=\"\" width=\"240\" height=\"120\" \/><\/a>La v\u00edspera de este art\u00edculo me preparo para asistir a la celebraci\u00f3n por el D\u00eda Nacional de Noruega en la embajada de ese querido pa\u00eds en M\u00e9xico, y al mismo tiempo la despedida de nuestra tambi\u00e9n querida embajadora <strong>Merethe Nergaard<\/strong><em>.<\/em><\/p>\n<p>Ha sido una magn\u00edfica experiencia ser c\u00f3nsul y representante al mismo tiempo en Quintana Roo de tan maravilloso y rico pa\u00eds.<\/p>\n<p>Noruega, siendo uno de los pa\u00edses m\u00e1s ricos y productivos del mundo, cuenta con ciudadanos que por el contrario son las personas m\u00e1s sencillas, c\u00e1lidas\u00a0 y amables que he conocido.<\/p>\n<p><strong>Merethe<\/strong>, como le decimos cari\u00f1osamente a tan excelsa diplom\u00e1tica, es un ejemplo de ello, quien desde que lleg\u00f3 a M\u00e9xico se ocup\u00f3 de estrechar relaciones de todo tipo con nuestro pa\u00eds, no solo en los niveles pol\u00edtico y diplom\u00e1tico propios de su tarea sino tambi\u00e9n del tipo social y cultural, con la calidez que le caracteriza a ella y a los noruegos, llevando una agenda din\u00e1mica que incluy\u00f3 reuniones por toda la Rep\u00fablica, estrechando relaciones entre nuestros pa\u00edses y fomentando como es debido el intercambio econ\u00f3mico, pol\u00edtico y cultural.<\/p>\n<p>La labor de esta amable embajadora quien me ha distinguido con su deferencia, me hace pensar en el enorme compromiso de aquellos que al ser embajadores destacados en determinado pa\u00eds o regi\u00f3n representan por tanto a la m\u00e1xima autoridad de sus pa\u00edses, y en tales condiciones llevan la enorme responsabilidad de ser diplom\u00e1ticos y al mismo tiempo estadistas a distancia.<\/p>\n<p>Ser plenipotenciarios les confiere la autoridad y responsabilidad m\u00e1xima para representar a sus pa\u00edses con todo lo que ello implica, y a tomar decisiones al nivel de primer ministro, lo que en pa\u00edses que viven conflictos internacionales de cualquier tipo convierte la asignaci\u00f3n en un verdadero y en ocasiones valiente reto.<\/p>\n<p>Los embajadores son un enorme y valioso v\u00ednculo con la cultura, la econom\u00eda y desde luego la pol\u00edtica de los pa\u00edses con los que interact\u00faan; construyen canales de comunicaci\u00f3n, estrechan relaciones y mantienen a toda costa no solo v\u00edas abiertas de informaci\u00f3n sino de amistad y buenas relaciones con todas las partes.<\/p>\n<p>Sin duda no es f\u00e1cil la labor diplom\u00e1tica para todos los embajadores; hay quienes tienen que sortear desde conflictos pol\u00edticos hasta militares, y quienes a lo largo de la historia han puesto en riesgo su vida y la de sus familias.<\/p>\n<p>El embajador se mimetiza, se vuelve local, se identifica con el pa\u00eds en el que habita, a veces, pero no olvida sus ra\u00edces, su pueblo y su familia.<\/p>\n<p>El embajador es el v\u00ednculo a veces poco reconocido entre dos pueblos; es interlocutor, traductor, pol\u00edtico, conciliador y es en ocasiones el presidente a distancia; incluso es a veces parte de la monarqu\u00eda con todo lo que eso conlleva para algunos pa\u00edses, reconocida, admirada, aplaudida y tambi\u00e9n criticada y soslayada.<\/p>\n<p>El embajador es pues, una figura notable de nuestras sociedades y de nuestras formas de gobierno que en el marco de un compromiso, de una asignaci\u00f3n respetable y digna, de un mandato gubernamental, se convierte en ciudadano del mundo, y su tarea puede ir de lo m\u00e1s cultural y emblem\u00e1tico a lo m\u00e1s sublime, rudo e incluso riesgoso y hasta impopular.<\/p>\n<p>Mi reconocimiento para los embajadores del mundo que cumplen con su labor a cabalidad.<\/p>\n<p>Es claro tambi\u00e9n que en pa\u00edses como los nuestros, con nuestras inacabadas democracias y nuestros entornos de impunidad y corrupci\u00f3n, las embajadas pueden convertirse, como lo han sido en ocasiones, en el escape f\u00e1cil o la puerta al olvido para malos y criticables gobernantes.<\/p>\n<p>A pesar de ello, los embajadores son los diplom\u00e1ticos que con o sin carrera representan y deben dignificar a sus pa\u00edses por el mundo.<\/p>\n<p>Aqu\u00ed mi reconocimiento a los distinguidos embajadores del mundo que tenemos en M\u00e9xico, y entre ellos reconozco por hoy a la muy querida<strong> Merethe Nergaard<\/strong>.<\/p>\n<p>Que Dios la proteja siempre embajadora, y gracias por su tiempo en M\u00e9xico.<\/p>\n<p>&nbsp;<\/p>\n<p>&nbsp;<\/p>\n<div><\/div>\n","protected":false},"excerpt":{"rendered":"<p>La v\u00edspera de este art\u00edculo me preparo para asistir a la celebraci\u00f3n por el D\u00eda Nacional&hellip;<\/p>\n","protected":false},"author":2,"featured_media":0,"comment_status":"open","ping_status":"open","sticky":false,"template":"","format":"standard","meta":{"_acf_changed":false,"_lmt_disableupdate":"","_lmt_disable":"","_mbp_gutenberg_autopost":false,"footnotes":""},"categories":[57,20],"tags":[],"class_list":["post-26968","post","type-post","status-publish","format-standard","hentry","category-sergio-gonzalez","category-columnas"],"acf":[],"_links":{"self":[{"href":"https:\/\/l21.mx\/index.php?rest_route=\/wp\/v2\/posts\/26968","targetHints":{"allow":["GET"]}}],"collection":[{"href":"https:\/\/l21.mx\/index.php?rest_route=\/wp\/v2\/posts"}],"about":[{"href":"https:\/\/l21.mx\/index.php?rest_route=\/wp\/v2\/types\/post"}],"author":[{"embeddable":true,"href":"https:\/\/l21.mx\/index.php?rest_route=\/wp\/v2\/users\/2"}],"replies":[{"embeddable":true,"href":"https:\/\/l21.mx\/index.php?rest_route=%2Fwp%2Fv2%2Fcomments&post=26968"}],"version-history":[{"count":0,"href":"https:\/\/l21.mx\/index.php?rest_route=\/wp\/v2\/posts\/26968\/revisions"}],"wp:attachment":[{"href":"https:\/\/l21.mx\/index.php?rest_route=%2Fwp%2Fv2%2Fmedia&parent=26968"}],"wp:term":[{"taxonomy":"category","embeddable":true,"href":"https:\/\/l21.mx\/index.php?rest_route=%2Fwp%2Fv2%2Fcategories&post=26968"},{"taxonomy":"post_tag","embeddable":true,"href":"https:\/\/l21.mx\/index.php?rest_route=%2Fwp%2Fv2%2Ftags&post=26968"}],"curies":[{"name":"wp","href":"https:\/\/api.w.org\/{rel}","templated":true}]}}