{"id":27023,"date":"2017-06-02T10:31:25","date_gmt":"2017-06-02T15:31:25","guid":{"rendered":"http:\/\/innovatori.space\/lat21\/?p=27023"},"modified":"2017-08-07T12:03:49","modified_gmt":"2017-08-07T17:03:49","slug":"verde-mar-boutique","status":"publish","type":"post","link":"https:\/\/l21.mx\/?p=27023","title":{"rendered":"\u2191\u2191 Verde Mar Boutique"},"content":{"rendered":"<p><span style=\"font-weight: 300;\"><a href=\"http:\/\/l21.mx\/wp-content\/uploads\/2017\/04\/Verde-Mar-Boutique.jpg\" data-rel=\"penci-gallery-image-content\" ><img fetchpriority=\"high\" decoding=\"async\" class=\"aligncenter size-large wp-image-25603\" title=\"Verde-Mar-Boutique\" src=\"http:\/\/l21.mx\/wp-content\/uploads\/2017\/04\/Verde-Mar-Boutique-1024x680.jpg\" alt=\"\" width=\"1024\" height=\"680\" srcset=\"https:\/\/l21.mx\/wp-content\/uploads\/2017\/04\/Verde-Mar-Boutique-1024x680.jpg 1024w, https:\/\/l21.mx\/wp-content\/uploads\/2017\/04\/Verde-Mar-Boutique-300x199.jpg 300w, https:\/\/l21.mx\/wp-content\/uploads\/2017\/04\/Verde-Mar-Boutique-768x510.jpg 768w, https:\/\/l21.mx\/wp-content\/uploads\/2017\/04\/Verde-Mar-Boutique-585x389.jpg 585w, https:\/\/l21.mx\/wp-content\/uploads\/2017\/04\/Verde-Mar-Boutique-263x175.jpg 263w, https:\/\/l21.mx\/wp-content\/uploads\/2017\/04\/Verde-Mar-Boutique.jpg 1079w\" sizes=\"(max-width: 1024px) 100vw, 1024px\" \/><\/a>Especializada en la comercializaci\u00f3n de trajes de ba\u00f1o, ropa deportiva, lencer\u00eda y pijamas de dise\u00f1adores colombianos, adem\u00e1s de productos naturales y recomendaciones para tener una vida saludable, Verde Mar Boutique llega al mercado de Canc\u00fan y Riviera Maya con la primera y hasta ahora \u00fanica boutique m\u00f3vil, con la idea de expandirse en la plaza para cubrir de manera flexible y programada puntos estrat\u00e9gicos de la zona y brindar un servicio personalizado. Gener\u00f3 dos empleos directos. La camioneta que alberga la boutique mide 4.20 x 2 m. Tel. (998) 197- 09-90. E-mail: info@verdemarboutique.com, Facebook: Verde Mar.<\/span><\/p>\n","protected":false},"excerpt":{"rendered":"<p>Especializada en la comercializaci\u00f3n de trajes de ba\u00f1o, ropa deportiva, lencer\u00eda y pijamas de dise\u00f1adores colombianos,&hellip;<\/p>\n","protected":false},"author":2,"featured_media":25603,"comment_status":"open","ping_status":"open","sticky":false,"template":"","format":"standard","meta":{"_acf_changed":false,"_lmt_disableupdate":"","_lmt_disable":"","_mbp_gutenberg_autopost":false,"footnotes":""},"categories":[10],"tags":[],"class_list":["post-27023","post","type-post","status-publish","format-standard","has-post-thumbnail","hentry","category-sube-y-baja"],"acf":[],"_links":{"self":[{"href":"https:\/\/l21.mx\/index.php?rest_route=\/wp\/v2\/posts\/27023","targetHints":{"allow":["GET"]}}],"collection":[{"href":"https:\/\/l21.mx\/index.php?rest_route=\/wp\/v2\/posts"}],"about":[{"href":"https:\/\/l21.mx\/index.php?rest_route=\/wp\/v2\/types\/post"}],"author":[{"embeddable":true,"href":"https:\/\/l21.mx\/index.php?rest_route=\/wp\/v2\/users\/2"}],"replies":[{"embeddable":true,"href":"https:\/\/l21.mx\/index.php?rest_route=%2Fwp%2Fv2%2Fcomments&post=27023"}],"version-history":[{"count":0,"href":"https:\/\/l21.mx\/index.php?rest_route=\/wp\/v2\/posts\/27023\/revisions"}],"wp:featuredmedia":[{"embeddable":true,"href":"https:\/\/l21.mx\/index.php?rest_route=\/wp\/v2\/media\/25603"}],"wp:attachment":[{"href":"https:\/\/l21.mx\/index.php?rest_route=%2Fwp%2Fv2%2Fmedia&parent=27023"}],"wp:term":[{"taxonomy":"category","embeddable":true,"href":"https:\/\/l21.mx\/index.php?rest_route=%2Fwp%2Fv2%2Fcategories&post=27023"},{"taxonomy":"post_tag","embeddable":true,"href":"https:\/\/l21.mx\/index.php?rest_route=%2Fwp%2Fv2%2Ftags&post=27023"}],"curies":[{"name":"wp","href":"https:\/\/api.w.org\/{rel}","templated":true}]}}