{"id":27097,"date":"2017-06-02T11:14:35","date_gmt":"2017-06-02T16:14:35","guid":{"rendered":"http:\/\/innovatori.space\/lat21\/?p=27097"},"modified":"2017-08-07T12:02:23","modified_gmt":"2017-08-07T17:02:23","slug":"nueva-planta-cervecera","status":"publish","type":"post","link":"https:\/\/l21.mx\/?p=27097","title":{"rendered":"Nueva planta cervecera"},"content":{"rendered":"<p><em><a href=\"http:\/\/l21.mx\/wp-content\/uploads\/2017\/06\/Nueva-planta-cervecera.jpg\" data-rel=\"penci-gallery-image-content\" ><img fetchpriority=\"high\" decoding=\"async\" class=\"alignleft size-medium wp-image-27099\" title=\"Nueva-planta-cervecera\" src=\"http:\/\/l21.mx\/wp-content\/uploads\/2017\/06\/Nueva-planta-cervecera-300x222.jpg\" alt=\"\" width=\"300\" height=\"222\" \/><\/a>\u00a1Cha\u00b4an!<\/em><\/p>\n<p>Con inversi\u00f3n de m\u00e1s ocho mil 500 millones de pesos, Grupo Modelo AB InBev inaugur\u00f3 su s\u00e9ptima planta en el pa\u00eds, en Hunucm\u00e1, Yucat\u00e1n, misma que en una primera etapa elaborar\u00e1 cinco millones de hectolitros de cerveza y exportar\u00e1 el 40% de la producci\u00f3n a Centroam\u00e9rica, Sudam\u00e9rica, el Caribe y \u00c1frica, adem\u00e1s de atender el sureste de M\u00e9xico.<\/p>\n<p>Asimismo, el complejo cervecero contar\u00e1 con la f\u00e1brica de Envases Universales, propiedad del grupo y de la compa\u00f1\u00eda europea Anheuser-Busch Inbev (AB Inbev), cuya inversi\u00f3n lleg\u00f3 a los dos mil 800 millones de pesos. La manufactura suministrar\u00e1 botes a las plantas de la empresa en M\u00e9xico y a otras que forman parte del corporativo ABI en el mundo.<\/p>\n<p>En el marco del evento, encabezado por el presidente Enrique Pe\u00f1a Nieto, el mandatario mencion\u00f3 que M\u00e9xico es ya el cuarto pa\u00eds productor de cerveza del mundo, por arriba de Alemania.<\/p>\n<p>Mauricio Leyva, director general de Grupo Modelo, se\u00f1al\u00f3 que en la etapa de construcci\u00f3n de la planta cervecera se generaron tres mil 500 empleos y se proyecta la creaci\u00f3n de 600 fuentes de trabajo directas m\u00e1s y seis mil indirectas.<\/p>\n<p>Con el inicio de operaciones de la nueva planta, el grupo prev\u00e9 una producci\u00f3n global nacional al a\u00f1o de 75 millones de hectolitros de cerveza para atender los mercados de Centroam\u00e9rica, Sudam\u00e9rica, el Caribe, Europa y \u00c1frica, adem\u00e1s del propio sureste mexicano.<\/p>\n<p>En la planta se producen cervezas Corona, Modelo, Victoria, Montejo y Le\u00f3n negra, las cuales se importan a pa\u00edses como Canad\u00e1, Guatemala, Belice, Chile y B\u00e9lgica.<\/p>\n<div><\/div>\n","protected":false},"excerpt":{"rendered":"<p>\u00a1Cha\u00b4an! Con inversi\u00f3n de m\u00e1s ocho mil 500 millones de pesos, Grupo Modelo AB InBev inaugur\u00f3&hellip;<\/p>\n","protected":false},"author":2,"featured_media":27099,"comment_status":"open","ping_status":"open","sticky":false,"template":"","format":"standard","meta":{"_acf_changed":false,"_lmt_disableupdate":"","_lmt_disable":"","_mbp_gutenberg_autopost":false,"footnotes":""},"categories":[223,1],"tags":[],"class_list":["post-27097","post","type-post","status-publish","format-standard","has-post-thumbnail","hentry","category-meridiano-87","category-sin-categoria"],"acf":[],"_links":{"self":[{"href":"https:\/\/l21.mx\/index.php?rest_route=\/wp\/v2\/posts\/27097","targetHints":{"allow":["GET"]}}],"collection":[{"href":"https:\/\/l21.mx\/index.php?rest_route=\/wp\/v2\/posts"}],"about":[{"href":"https:\/\/l21.mx\/index.php?rest_route=\/wp\/v2\/types\/post"}],"author":[{"embeddable":true,"href":"https:\/\/l21.mx\/index.php?rest_route=\/wp\/v2\/users\/2"}],"replies":[{"embeddable":true,"href":"https:\/\/l21.mx\/index.php?rest_route=%2Fwp%2Fv2%2Fcomments&post=27097"}],"version-history":[{"count":0,"href":"https:\/\/l21.mx\/index.php?rest_route=\/wp\/v2\/posts\/27097\/revisions"}],"wp:featuredmedia":[{"embeddable":true,"href":"https:\/\/l21.mx\/index.php?rest_route=\/wp\/v2\/media\/27099"}],"wp:attachment":[{"href":"https:\/\/l21.mx\/index.php?rest_route=%2Fwp%2Fv2%2Fmedia&parent=27097"}],"wp:term":[{"taxonomy":"category","embeddable":true,"href":"https:\/\/l21.mx\/index.php?rest_route=%2Fwp%2Fv2%2Fcategories&post=27097"},{"taxonomy":"post_tag","embeddable":true,"href":"https:\/\/l21.mx\/index.php?rest_route=%2Fwp%2Fv2%2Ftags&post=27097"}],"curies":[{"name":"wp","href":"https:\/\/api.w.org\/{rel}","templated":true}]}}