{"id":27141,"date":"2017-06-02T12:06:34","date_gmt":"2017-06-02T17:06:34","guid":{"rendered":"http:\/\/innovatori.space\/lat21\/?p=27141"},"modified":"2017-08-07T12:02:08","modified_gmt":"2017-08-07T17:02:08","slug":"le-ekel","status":"publish","type":"post","link":"https:\/\/l21.mx\/?p=27141","title":{"rendered":"\u00a1L\u00e9 ekel!"},"content":{"rendered":"<p style=\"text-align: center;\"><strong>Nueva opci\u00f3n para recorrer el Mundo Maya<\/strong><\/p>\n<p style=\"text-align: left;\"><a href=\"http:\/\/l21.mx\/wp-content\/uploads\/2017\/06\/Aeromar.jpg\" data-rel=\"penci-gallery-image-content\" ><img fetchpriority=\"high\" decoding=\"async\" class=\"aligncenter size-large wp-image-27143\" title=\"Aeromar\" src=\"http:\/\/l21.mx\/wp-content\/uploads\/2017\/06\/Aeromar-1024x692.jpg\" alt=\"\" width=\"1024\" height=\"692\" srcset=\"https:\/\/l21.mx\/wp-content\/uploads\/2017\/06\/Aeromar-1024x692.jpg 1024w, https:\/\/l21.mx\/wp-content\/uploads\/2017\/06\/Aeromar-300x203.jpg 300w, https:\/\/l21.mx\/wp-content\/uploads\/2017\/06\/Aeromar-768x519.jpg 768w, https:\/\/l21.mx\/wp-content\/uploads\/2017\/06\/Aeromar-1170x791.jpg 1170w, https:\/\/l21.mx\/wp-content\/uploads\/2017\/06\/Aeromar-585x395.jpg 585w, https:\/\/l21.mx\/wp-content\/uploads\/2017\/06\/Aeromar.jpg 1200w\" sizes=\"(max-width: 1024px) 100vw, 1024px\" \/><\/a>A partir de junio pr\u00f3ximo Aeromar iniciar\u00e1 el vuelo directo Canc\u00fan-M\u00e9rida como parte del circuito maya, en el que actualmente moviliza a m\u00e1s de 11 mil pasajeros mensuales con ocho vuelos diarios, anunci\u00f3 Andr\u00e9s Fabre, director general de Aeromar, quien a\u00f1adi\u00f3 que adem\u00e1s detonar\u00e1 en m\u00e1s de 50% el mercado de turistas que combinan tours culturales o arqueol\u00f3gicos y de playa.<br \/>\nEn Yucat\u00e1n tambi\u00e9n operan las aerol\u00edneas TAR, que permite enlaces con Tuxtla Guti\u00e9rrez, Chiapas; Veracruz, Villahermosa, Tabasco, y Toluca, adem\u00e1s de Mayan Air, con traslados a Cozumel, Canc\u00fan, Villahermosa y Veracruz, e Interjet, que conecta a la capital yucateca con La Habana.<br \/>\nEn el marco del Tianguis Tur\u00edstico M\u00e9xico 2017, el gobernador de Yucat\u00e1n, Orlando Zapata, afirm\u00f3 que las entidades que conforman el Mundo Maya y Oaxaca estar\u00e1n m\u00e1s unidas por aire para una mayor y mejor movilidad de visitantes por los sitios tur\u00edsticos de la regi\u00f3n, e impulsar la ruta como uno de los principales destinos a nivel internacional.<br \/>\nDestac\u00f3 que los estados que conforman la ruta del Mundo Maya, Oaxaca y la Ciudad de M\u00e9xico tendr\u00e1n una mayor conectividad a\u00e9rea con la apertura de las nuevas rutas de Aeromar y a precios accesibles.<br \/>\nEl mandatario se\u00f1al\u00f3 que la ruta del Mundo Maya contar\u00e1 con una cuponera llamada Mayan Pass y constar\u00e1 de cinco trayectos a\u00e9reos; el turista podr\u00e1 escoger tres de ellos para moverse por la zona con mayor facilidad, y adelant\u00f3 que este paquete comenzar\u00e1 a venderse en el extranjero.<\/p>\n","protected":false},"excerpt":{"rendered":"<p>Nueva opci\u00f3n para recorrer el Mundo Maya A partir de junio pr\u00f3ximo Aeromar iniciar\u00e1 el vuelo&hellip;<\/p>\n","protected":false},"author":2,"featured_media":27143,"comment_status":"open","ping_status":"open","sticky":false,"template":"","format":"standard","meta":{"_acf_changed":false,"_lmt_disableupdate":"","_lmt_disable":"","_mbp_gutenberg_autopost":false,"footnotes":""},"categories":[223,23],"tags":[],"class_list":["post-27141","post","type-post","status-publish","format-standard","has-post-thumbnail","hentry","category-meridiano-87","category-noticias"],"acf":[],"_links":{"self":[{"href":"https:\/\/l21.mx\/index.php?rest_route=\/wp\/v2\/posts\/27141","targetHints":{"allow":["GET"]}}],"collection":[{"href":"https:\/\/l21.mx\/index.php?rest_route=\/wp\/v2\/posts"}],"about":[{"href":"https:\/\/l21.mx\/index.php?rest_route=\/wp\/v2\/types\/post"}],"author":[{"embeddable":true,"href":"https:\/\/l21.mx\/index.php?rest_route=\/wp\/v2\/users\/2"}],"replies":[{"embeddable":true,"href":"https:\/\/l21.mx\/index.php?rest_route=%2Fwp%2Fv2%2Fcomments&post=27141"}],"version-history":[{"count":0,"href":"https:\/\/l21.mx\/index.php?rest_route=\/wp\/v2\/posts\/27141\/revisions"}],"wp:featuredmedia":[{"embeddable":true,"href":"https:\/\/l21.mx\/index.php?rest_route=\/wp\/v2\/media\/27143"}],"wp:attachment":[{"href":"https:\/\/l21.mx\/index.php?rest_route=%2Fwp%2Fv2%2Fmedia&parent=27141"}],"wp:term":[{"taxonomy":"category","embeddable":true,"href":"https:\/\/l21.mx\/index.php?rest_route=%2Fwp%2Fv2%2Fcategories&post=27141"},{"taxonomy":"post_tag","embeddable":true,"href":"https:\/\/l21.mx\/index.php?rest_route=%2Fwp%2Fv2%2Ftags&post=27141"}],"curies":[{"name":"wp","href":"https:\/\/api.w.org\/{rel}","templated":true}]}}