{"id":27158,"date":"2017-06-02T12:28:21","date_gmt":"2017-06-02T17:28:21","guid":{"rendered":"http:\/\/innovatori.space\/lat21\/?p=27158"},"modified":"2017-08-07T12:02:02","modified_gmt":"2017-08-07T17:02:02","slug":"arrasa-xcaret-en-el-festival-de-cine-del-boston-college","status":"publish","type":"post","link":"https:\/\/l21.mx\/?p=27158","title":{"rendered":"Arrasa Xcaret en el Festival  de Cine del Boston College"},"content":{"rendered":"<p><a href=\"http:\/\/l21.mx\/wp-content\/uploads\/2017\/06\/Arrasa-Xcaret.jpg\" data-rel=\"penci-gallery-image-content\" ><img fetchpriority=\"high\" decoding=\"async\" class=\"aligncenter size-full wp-image-27160\" title=\"Arrasa-Xcaret\" src=\"http:\/\/l21.mx\/wp-content\/uploads\/2017\/06\/Arrasa-Xcaret.jpg\" alt=\"\" width=\"680\" height=\"374\" srcset=\"https:\/\/l21.mx\/wp-content\/uploads\/2017\/06\/Arrasa-Xcaret.jpg 680w, https:\/\/l21.mx\/wp-content\/uploads\/2017\/06\/Arrasa-Xcaret-300x165.jpg 300w, https:\/\/l21.mx\/wp-content\/uploads\/2017\/06\/Arrasa-Xcaret-585x322.jpg 585w\" sizes=\"(max-width: 680px) 100vw, 680px\" \/><\/a>El video \u2018Volando a Casa\u2019, que refleja el esfuerzo por la conservaci\u00f3n de la guacamaya roja en M\u00e9xico, arras\u00f3 por partida triple en el 2017 Corporate Citizenship Film Festival, del Boston College, en Estados Unidos, con el reconocimiento al \u2018Mejor Video por Votaci\u00f3n del P\u00fablico\u2019, \u2018Mejor Video en la Categor\u00eda de Peque\u00f1as Empresas\u2019 y \u2018Mejor Video de Todas las Categor\u00edas\u2019. El galard\u00f3n lo recibieron, en nombre de Grupo Experiencias Xcaret, Rodolfo Raigoza, director de Conservaci\u00f3n, y Emilio \u00c1lvarez, director del film. Experiencias Xcaret fue la \u00fanica empresa mexicana que particip\u00f3 en el festival y la \u00fanica que present\u00f3 un programa de conservaci\u00f3n de una especie en peligro de extinci\u00f3n. \u2018Volando a Casa, El Retorno de la Guacamaya Roja, es un extracto del documental que realiz\u00f3 la empresa en sociedad con la productora mexicana Bicho Studio sobre la exitosa reintroducci\u00f3n de la especie en selvas del sureste mexicano. El programa de reintroducci\u00f3n se realiza en coordinaci\u00f3n con autoridades, organizaciones de la sociedad civil e instituciones de educaci\u00f3n e investigaci\u00f3n.<\/p>\n","protected":false},"excerpt":{"rendered":"<p>El video \u2018Volando a Casa\u2019, que refleja el esfuerzo por la conservaci\u00f3n de la guacamaya roja&hellip;<\/p>\n","protected":false},"author":2,"featured_media":27160,"comment_status":"open","ping_status":"open","sticky":false,"template":"","format":"standard","meta":{"_acf_changed":false,"_lmt_disableupdate":"","_lmt_disable":"","_mbp_gutenberg_autopost":false,"footnotes":""},"categories":[1],"tags":[],"class_list":["post-27158","post","type-post","status-publish","format-standard","has-post-thumbnail","hentry","category-sin-categoria"],"acf":[],"_links":{"self":[{"href":"https:\/\/l21.mx\/index.php?rest_route=\/wp\/v2\/posts\/27158","targetHints":{"allow":["GET"]}}],"collection":[{"href":"https:\/\/l21.mx\/index.php?rest_route=\/wp\/v2\/posts"}],"about":[{"href":"https:\/\/l21.mx\/index.php?rest_route=\/wp\/v2\/types\/post"}],"author":[{"embeddable":true,"href":"https:\/\/l21.mx\/index.php?rest_route=\/wp\/v2\/users\/2"}],"replies":[{"embeddable":true,"href":"https:\/\/l21.mx\/index.php?rest_route=%2Fwp%2Fv2%2Fcomments&post=27158"}],"version-history":[{"count":0,"href":"https:\/\/l21.mx\/index.php?rest_route=\/wp\/v2\/posts\/27158\/revisions"}],"wp:featuredmedia":[{"embeddable":true,"href":"https:\/\/l21.mx\/index.php?rest_route=\/wp\/v2\/media\/27160"}],"wp:attachment":[{"href":"https:\/\/l21.mx\/index.php?rest_route=%2Fwp%2Fv2%2Fmedia&parent=27158"}],"wp:term":[{"taxonomy":"category","embeddable":true,"href":"https:\/\/l21.mx\/index.php?rest_route=%2Fwp%2Fv2%2Fcategories&post=27158"},{"taxonomy":"post_tag","embeddable":true,"href":"https:\/\/l21.mx\/index.php?rest_route=%2Fwp%2Fv2%2Ftags&post=27158"}],"curies":[{"name":"wp","href":"https:\/\/api.w.org\/{rel}","templated":true}]}}