{"id":27321,"date":"2017-06-05T18:56:01","date_gmt":"2017-06-05T23:56:01","guid":{"rendered":"http:\/\/innovatori.space\/lat21\/?p=27321"},"modified":"2017-08-07T12:00:00","modified_gmt":"2017-08-07T17:00:00","slug":"inauguran-en-cancun-la-73-reunion-general-anual-world-air-transport-summit-de-la-iata","status":"publish","type":"post","link":"https:\/\/l21.mx\/?p=27321","title":{"rendered":"Inauguran en Canc\u00fan la 73 Reuni\u00f3n General Anual World Air Transport Summit de la IATA"},"content":{"rendered":"<p><span style=\"font-family: Calibri;\"><a href=\"http:\/\/l21.mx\/wp-content\/uploads\/2017\/06\/iata.jpg\" data-rel=\"penci-gallery-image-content\" ><img fetchpriority=\"high\" decoding=\"async\" class=\"alignleft size-medium wp-image-27322\" title=\"iata\" src=\"http:\/\/l21.mx\/wp-content\/uploads\/2017\/06\/iata-200x300.jpg\" alt=\"\" width=\"200\" height=\"300\" srcset=\"https:\/\/l21.mx\/wp-content\/uploads\/2017\/06\/iata-200x300.jpg 200w, https:\/\/l21.mx\/wp-content\/uploads\/2017\/06\/iata-683x1024.jpg 683w, https:\/\/l21.mx\/wp-content\/uploads\/2017\/06\/iata-768x1152.jpg 768w, https:\/\/l21.mx\/wp-content\/uploads\/2017\/06\/iata-1024x1536.jpg 1024w, https:\/\/l21.mx\/wp-content\/uploads\/2017\/06\/iata-1170x1755.jpg 1170w, https:\/\/l21.mx\/wp-content\/uploads\/2017\/06\/iata-585x878.jpg 585w, https:\/\/l21.mx\/wp-content\/uploads\/2017\/06\/iata.jpg 1200w\" sizes=\"(max-width: 200px) 100vw, 200px\" \/><\/a>Al inaugurar la 73 Reuni\u00f3n General Anual World Air Transport Summit, de la Asociaci\u00f3n de Internacional de Transporte A\u00e9reo (IATA por sus siglas en ingl\u00e9s), el secretario de Comunicaciones y Transportes, Gerardo Ruiz Esparza se\u00f1al\u00f3 que m\u00e1s de 28 aeropuertos en el pa\u00eds est\u00e1n en proceso de modernizaci\u00f3n y ampliaci\u00f3n para respaldar la operatividad de la red nacional.<\/span><\/p>\n<p><span style=\"font-family: Calibri;\">Se refiri\u00f3 en primera instancia al proyecto del nuevo aeropuerto internacional de la ciudad de M\u00e9xico, dise\u00f1ado por Norman Foster, que significar\u00e1 una inversi\u00f3n de nueve billones de d\u00f3lares y convertir\u00e1 a M\u00e9xico en el\u00a0<em>hob<\/em>\u00a0m\u00e1s importante de Am\u00e9rica Latina y ser\u00e1 uno de los aeropuertos m\u00e1s grandes del mundo.<\/span>\u00a0<span style=\"font-family: Calibri;\">En su primera etapa atender\u00e1 a 70 millones de pasajeros al a\u00f1o y en su m\u00e1xima capacidad a 120 millones.<\/span><\/p>\n<p><span style=\"font-family: Calibri;\">Mencion\u00f3 la terminal internacional de Canc\u00fan, a cargo de Aeropuertos del Sureste (Asur), que realiza mejoras y construcci\u00f3n de las terminales 3 y 4, \u00e9sta \u00faltima en proceso de conclusi\u00f3n y que dar\u00e1 capacidad al recinto para recibir a 32 millones de pasajeros al a\u00f1o; a la nueva sala 75 del aeropuerto de la capital y la adecuaci\u00f3n para\u00a0\u00a0recibir al Airbus 380, el avi\u00f3n m\u00e1s grande del mundo, adem\u00e1s de las ampliaciones y remodelaciones en las terminales de Guadalajara, Monterrey, Acapulco, Los Cabos, Veracruz y M\u00e9rida entre otras.<\/span><\/p>\n<p><span style=\"font-family: Calibri;\">Ante unos 800 representantes de la industria que se dieron cita en el hotel Grand Fiesta Americana Coral Beach Canc\u00fan, encabezados por el director general y CEO de la IATA, Alexandre de Juniac, y Andr\u00e9s Conesa, CEO de Aerom\u00e9xico y presidente de la reuni\u00f3n, asegur\u00f3 que uno de los grandes retos que enfrenta la industria a nivel global es el desarrollo de capacidad, de crecimiento a futuro tanto en\u00a0\u00a0el espacio a\u00e9reo como en la superficie terrestre.<\/span><\/p>\n<p><span style=\"font-family: Calibri;\">Precis\u00f3 que el 54% de los turistas internacionales viajan por aire y en 2017 ser\u00e1n transportados por este medio tres mil 700 millones de pasajeros, lo que destaca la relevancia del sector para el desarrollo de las naciones, la econom\u00eda y el bienestar mundial.<\/span><\/p>\n<p><span style=\"font-family: Calibri;\">Reiter\u00f3 que en M\u00e9xico se ha logrado crecimiento en el sector aeron\u00e1utico, la consolidaci\u00f3n del sector y el desarrollo de importantes proyectos de talla internacional como el aeropuerto internacional de la ciudad de M\u00e9xico.\u00a0<\/span><\/p>\n<p><span style=\"font-family: Calibri;\">Detall\u00f3 que hay avances, pues el sector paso de hace seis a\u00f1os, que sufri\u00f3 el cierre de 10 aerol\u00edneas, a uno que en la actualidad registra crecimiento hist\u00f3rico. En los \u00faltimos cuatro a\u00f1os el volumen de pasajeros en el pa\u00eds se increment\u00f3 un 46%, en tanto que el de vuelos aument\u00f3 un 25%; los precios se mantienen sin variaci\u00f3n y la flota pas\u00f3 de una edad de 18 a\u00f1os de antig\u00fcedad a solo seis en promedio.<\/span><\/p>\n<p><span style=\"font-family: Calibri;\">El funcionario federal destac\u00f3 el tema cuidado y protecci\u00f3n del medio ambiente, donde M\u00e9xico sigue pol\u00edticas de la OASI y el desarrollo de esquema de reducci\u00f3n y compensaci\u00f3n de emisiones de carbono para la aviaci\u00f3n civil internacional, \u201cel reto ahora es desarrollar el\u00a0\u00a0concepto pueda introducirse exitosamente\u00a0\u00a0a partir del 2021\u201d.<\/span><\/p>\n<p><span style=\"font-family: Calibri;\">Indic\u00f3 que el otro retro es la seguridad, \u201cuna preocupaci\u00f3n muy seria para todos debido a los eventos que lamentablemente han ocurrido en algunas regiones del mundo. La implementaci\u00f3n de medidas propias y efectivas que permitan afrontar el reto requiere de la participaci\u00f3n conjunta de gobiernos, aeropuertos y aerol\u00edneas y considerar su aplicaci\u00f3n bajo premisas de provocar lo menores inconvenientes posibles para los pasajeros\u201d.<\/span><\/p>\n<p><span style=\"font-family: Calibri;\">Ruiz Esparza reconoci\u00f3, en otra parte de su discurso, la importancia de la IATA, debido a que concentra 275 aerol\u00edneas en m\u00e1s de 117 pa\u00edses, que son responsables del 83% del tr\u00e1fico a\u00e9reo mundial de pasajeros y de carga.<\/span><\/p>\n<p><span style=\"font-family: Calibri;\">Argument\u00f3 que se reconoce la importancia de este organismo internacional, ya que el sector aeron\u00e1utico transporta el 35% del valor del comercio mundial, 18 mil 600 millones de d\u00f3lares diariamente; 3.5% de la econom\u00eda mundial depende de \u00e9l; genera 63 millones de empleos directos e indirectos; el 54% de los turistas internacionales viajan\u00a0por aire y que en 2017 ser\u00e1n transportados por este medio tres mil 700 millones de pasajeros.<\/span><\/p>\n","protected":false},"excerpt":{"rendered":"<p>Al inaugurar la 73 Reuni\u00f3n General Anual World Air Transport Summit, de la Asociaci\u00f3n de Internacional&hellip;<\/p>\n","protected":false},"author":2,"featured_media":27322,"comment_status":"open","ping_status":"open","sticky":false,"template":"","format":"standard","meta":{"_acf_changed":false,"_lmt_disableupdate":"","_lmt_disable":"","_mbp_gutenberg_autopost":false,"footnotes":""},"categories":[4,23],"tags":[],"class_list":["post-27321","post","type-post","status-publish","format-standard","has-post-thumbnail","hentry","category-empresas-y-negocios","category-noticias"],"acf":[],"_links":{"self":[{"href":"https:\/\/l21.mx\/index.php?rest_route=\/wp\/v2\/posts\/27321","targetHints":{"allow":["GET"]}}],"collection":[{"href":"https:\/\/l21.mx\/index.php?rest_route=\/wp\/v2\/posts"}],"about":[{"href":"https:\/\/l21.mx\/index.php?rest_route=\/wp\/v2\/types\/post"}],"author":[{"embeddable":true,"href":"https:\/\/l21.mx\/index.php?rest_route=\/wp\/v2\/users\/2"}],"replies":[{"embeddable":true,"href":"https:\/\/l21.mx\/index.php?rest_route=%2Fwp%2Fv2%2Fcomments&post=27321"}],"version-history":[{"count":0,"href":"https:\/\/l21.mx\/index.php?rest_route=\/wp\/v2\/posts\/27321\/revisions"}],"wp:featuredmedia":[{"embeddable":true,"href":"https:\/\/l21.mx\/index.php?rest_route=\/wp\/v2\/media\/27322"}],"wp:attachment":[{"href":"https:\/\/l21.mx\/index.php?rest_route=%2Fwp%2Fv2%2Fmedia&parent=27321"}],"wp:term":[{"taxonomy":"category","embeddable":true,"href":"https:\/\/l21.mx\/index.php?rest_route=%2Fwp%2Fv2%2Fcategories&post=27321"},{"taxonomy":"post_tag","embeddable":true,"href":"https:\/\/l21.mx\/index.php?rest_route=%2Fwp%2Fv2%2Ftags&post=27321"}],"curies":[{"name":"wp","href":"https:\/\/api.w.org\/{rel}","templated":true}]}}