{"id":27412,"date":"2017-05-04T10:53:45","date_gmt":"2017-05-04T15:53:45","guid":{"rendered":"http:\/\/innovatori.space\/lat21\/?p=27412"},"modified":"2017-08-07T12:05:36","modified_gmt":"2017-08-07T17:05:36","slug":"promueven-turismo-deportivo-con-v-copa-cancun-de-basquetbol-2017","status":"publish","type":"post","link":"https:\/\/l21.mx\/?p=27412","title":{"rendered":"PROMUEVEN TURISMO DEPORTIVO CON V COPA CANCUN DE BASQUETBOL 2017"},"content":{"rendered":"<p style=\"text-align: center;\"><strong>*El evento se celebrar\u00e1 del 20 al 23 de julio pr\u00f3ximo con la presencia de equipos nacionales e internacionales\u00a0<\/strong><\/p>\n<p style=\"text-align: center;\"><a href=\"http:\/\/l21.mx\/wp-content\/uploads\/2017\/05\/La-conferencia-de-prensa-para-presentar-la-V-Copa-Canc\u00fan-de-Basquetbol.jpg\" data-rel=\"penci-gallery-image-content\" ><img fetchpriority=\"high\" decoding=\"async\" class=\"aligncenter size-large wp-image-25861\" title=\"La-conferencia-de-prensa-para-presentar-la-V-Copa-Canc\u00fan-de-Basquetbol\" src=\"http:\/\/l21.mx\/wp-content\/uploads\/2017\/05\/La-conferencia-de-prensa-para-presentar-la-V-Copa-Canc\u00fan-de-Basquetbol-1024x768.jpg\" alt=\"\" width=\"1024\" height=\"768\" srcset=\"https:\/\/l21.mx\/wp-content\/uploads\/2017\/05\/La-conferencia-de-prensa-para-presentar-la-V-Copa-Canc\u00fan-de-Basquetbol-1024x768.jpg 1024w, https:\/\/l21.mx\/wp-content\/uploads\/2017\/05\/La-conferencia-de-prensa-para-presentar-la-V-Copa-Canc\u00fan-de-Basquetbol-300x225.jpg 300w, https:\/\/l21.mx\/wp-content\/uploads\/2017\/05\/La-conferencia-de-prensa-para-presentar-la-V-Copa-Canc\u00fan-de-Basquetbol-768x576.jpg 768w, https:\/\/l21.mx\/wp-content\/uploads\/2017\/05\/La-conferencia-de-prensa-para-presentar-la-V-Copa-Canc\u00fan-de-Basquetbol-1170x878.jpg 1170w, https:\/\/l21.mx\/wp-content\/uploads\/2017\/05\/La-conferencia-de-prensa-para-presentar-la-V-Copa-Canc\u00fan-de-Basquetbol-585x439.jpg 585w, https:\/\/l21.mx\/wp-content\/uploads\/2017\/05\/La-conferencia-de-prensa-para-presentar-la-V-Copa-Canc\u00fan-de-Basquetbol.jpg 1200w\" sizes=\"(max-width: 1024px) 100vw, 1024px\" \/><\/a><\/p>\n<p><em>Canc\u00fan, Q. Roo (Mayo, 2017)<\/em> Para consolidar a Canc\u00fan como un destino atractivo para el turismo deportivo, la empresa Motion Events organiza la V Copa Canc\u00fan de Basquetbol 2017, del 20 al 23 de julio pr\u00f3ximo, con la participaci\u00f3n de equipos nacionales e internacionales del deporte r\u00e1faga.<\/p>\n<p>El magno Festival Internacional de Basquetbol infantil y juvenil se celebra con el apoyo de la Oficina de Visitantes y Convenciones de Canc\u00fan (OVC), la Federaci\u00f3n Internacional de Basquetbol (FIBA), la Comisi\u00f3n para la Juventud y el Deporte, el Instituto del Deporte de Benito Ju\u00e1rez y la Asociaci\u00f3n Estatal de Basquetbol de Quintana Roo.<\/p>\n<p>La empresa Motion Events invita a los equipos a nivel local, nacional e internacional a sumarse a esta justa deportiva que se disputar\u00e1 en la rama varonil y femenil en siete categor\u00edas: pre infantil, infantil, pasarela, cadetes, juvenil, elite y sub 22. Se contar\u00e1 con ocho sedes como son el Gimnasio Kuchil Baxal, Poliforum Benito Ju\u00e1rez, Complejo Jacinto Canek, y los domos del Toro Valenzuela y de las regiones 64, 91, 510 y 93. Los encuentros se jugar\u00e1n a partir de las 8:00 am desde del jueves 20 al domingo 23 de julio.<\/p>\n<p>Los equipos podr\u00e1n inscribirse con 8 jugadores como m\u00ednimo y 12 como m\u00e1ximo, con un entrenador y un asistente. La inscripci\u00f3n tendr\u00e1 un costo de 2 mil 500 pesos que cubren arbitraje y dem\u00e1s servicios que se prestar\u00e1n. El cierre de inscripciones ser\u00e1 el 9 de julio o hasta completar ocho equipos por categor\u00eda y rama. Los equipos podr\u00e1n registrarse a trav\u00e9s de la p\u00e1gina de internet www.motionevents.mx<\/p>\n<p>El comit\u00e9 organizador estima que la V Copa Canc\u00fan de Basquetbol generar\u00e1 una importante derrama econ\u00f3mica al destino ya que cada equipo cubrir\u00e1 sus gastos de transportaci\u00f3n, alimentaci\u00f3n y hospedaje, adem\u00e1s de tours y compras que puedan realizar durante su estancia.<\/p>\n","protected":false},"excerpt":{"rendered":"<p>*El evento se celebrar\u00e1 del 20 al 23 de julio pr\u00f3ximo con la presencia de equipos&hellip;<\/p>\n","protected":false},"author":2,"featured_media":25861,"comment_status":"open","ping_status":"open","sticky":false,"template":"","format":"standard","meta":{"_acf_changed":false,"_lmt_disableupdate":"","_lmt_disable":"","_mbp_gutenberg_autopost":false,"footnotes":""},"categories":[4,23],"tags":[],"class_list":["post-27412","post","type-post","status-publish","format-standard","has-post-thumbnail","hentry","category-empresas-y-negocios","category-noticias"],"acf":[],"_links":{"self":[{"href":"https:\/\/l21.mx\/index.php?rest_route=\/wp\/v2\/posts\/27412","targetHints":{"allow":["GET"]}}],"collection":[{"href":"https:\/\/l21.mx\/index.php?rest_route=\/wp\/v2\/posts"}],"about":[{"href":"https:\/\/l21.mx\/index.php?rest_route=\/wp\/v2\/types\/post"}],"author":[{"embeddable":true,"href":"https:\/\/l21.mx\/index.php?rest_route=\/wp\/v2\/users\/2"}],"replies":[{"embeddable":true,"href":"https:\/\/l21.mx\/index.php?rest_route=%2Fwp%2Fv2%2Fcomments&post=27412"}],"version-history":[{"count":0,"href":"https:\/\/l21.mx\/index.php?rest_route=\/wp\/v2\/posts\/27412\/revisions"}],"wp:featuredmedia":[{"embeddable":true,"href":"https:\/\/l21.mx\/index.php?rest_route=\/wp\/v2\/media\/25861"}],"wp:attachment":[{"href":"https:\/\/l21.mx\/index.php?rest_route=%2Fwp%2Fv2%2Fmedia&parent=27412"}],"wp:term":[{"taxonomy":"category","embeddable":true,"href":"https:\/\/l21.mx\/index.php?rest_route=%2Fwp%2Fv2%2Fcategories&post=27412"},{"taxonomy":"post_tag","embeddable":true,"href":"https:\/\/l21.mx\/index.php?rest_route=%2Fwp%2Fv2%2Ftags&post=27412"}],"curies":[{"name":"wp","href":"https:\/\/api.w.org\/{rel}","templated":true}]}}