{"id":27496,"date":"2017-05-09T17:03:14","date_gmt":"2017-05-09T22:03:14","guid":{"rendered":"http:\/\/innovatori.space\/lat21\/?p=27496"},"modified":"2017-08-07T12:05:23","modified_gmt":"2017-08-07T17:05:23","slug":"nombramientos-mayo-2017","status":"publish","type":"post","link":"https:\/\/l21.mx\/?p=27496","title":{"rendered":"Nombramientos Mayo 2017"},"content":{"rendered":"<p><a href=\"http:\/\/l21.mx\/wp-content\/uploads\/2017\/05\/nombramientos-mayo-2017.jpg\" data-rel=\"penci-gallery-image-content\" ><img fetchpriority=\"high\" decoding=\"async\" class=\"aligncenter size-large wp-image-25844\" title=\"nombramientos mayo 2017\" src=\"http:\/\/l21.mx\/wp-content\/uploads\/2017\/05\/nombramientos-mayo-2017-692x1024.jpg\" alt=\"\" width=\"692\" height=\"1024\" \/><\/a><\/p>\n<p style=\"text-align: center;\"><strong><a href=\"http:\/\/l21.mx\/wp-content\/uploads\/2017\/05\/Marcos-Martinez-mayo-2017.jpg\" data-rel=\"penci-gallery-image-content\" ><img decoding=\"async\" class=\"alignleft size-thumbnail wp-image-25833\" title=\"Marcos-Martinez-mayo-2017\" src=\"http:\/\/l21.mx\/wp-content\/uploads\/2017\/05\/Marcos-Martinez-mayo-2017-150x150.jpg\" alt=\"\" width=\"150\" height=\"150\" \/><\/a>ASOCIACIONES<\/strong><\/p>\n<p style=\"text-align: center;\"><span style=\"color: #993300;\"><strong>Marcos Mart\u00ednez<\/strong><\/span><\/p>\n<ul>\n<li>Es el nuevo presidente de la Asociaci\u00f3n de Bancos de M\u00e9xico<\/li>\n<li>en sustituci\u00f3n de Luis Robles.<\/li>\n<li>Lugar de origen: Ciudad de M\u00e9xico.<\/li>\n<li>Estudios: Ingeniero Qu\u00edmico, Universidad Iberoamericana; maestr\u00eda en<\/li>\n<li>Administraci\u00f3n de Empresas, IPADE.<\/li>\n<li>Desarrollo profesional: Grupo Financiero Santander M\u00e9xico, Asociaci\u00f3n de Bancos de M\u00e9xico, Banamex, Accival.<\/li>\n<\/ul>\n<div><\/div>\n<p style=\"text-align: center;\"><strong><a href=\"http:\/\/l21.mx\/wp-content\/uploads\/2017\/05\/Mara-Lezama-mayo-2017.jpg\" data-rel=\"penci-gallery-image-content\" ><img decoding=\"async\" class=\"alignleft size-thumbnail wp-image-25834\" title=\"Mara-Lezama-mayo-2017\" src=\"http:\/\/l21.mx\/wp-content\/uploads\/2017\/05\/Mara-Lezama-mayo-2017-150x150.jpg\" alt=\"\" width=\"150\" height=\"150\" \/><\/a>EMPRESAS<\/strong><\/p>\n<p style=\"text-align: center;\"><span style=\"color: #993300;\"><strong>Mara Lezama<\/strong><\/span><\/p>\n<ul>\n<li>Ocupa la direcci\u00f3n general de Grupo Editorial Latitud 21 en sustituci\u00f3n de Mariana Orea.<\/li>\n<li>Lugar de origen: Ciudad de M\u00e9xico.<\/li>\n<li>Arribo a Canc\u00fan: 1992<\/li>\n<li>Estudios: Licenciatura en Ciencias de la<\/li>\n<li>Comunicaci\u00f3n, Universidad An\u00e1huac.<\/li>\n<li>Desarrollo profesional: Televisa, Grupo Sipse, Radio Turquesa.<\/li>\n<\/ul>\n<div><\/div>\n<p style=\"text-align: center;\"><strong><a href=\"http:\/\/l21.mx\/wp-content\/uploads\/2017\/05\/Antonio-Sanchez-mayo-2017.jpg\" data-rel=\"penci-gallery-image-content\" ><img loading=\"lazy\" decoding=\"async\" class=\"alignleft size-thumbnail wp-image-25835\" title=\"Antonio-Sanchez-mayo-2017\" src=\"http:\/\/l21.mx\/wp-content\/uploads\/2017\/05\/Antonio-Sanchez-mayo-2017-150x150.jpg\" alt=\"\" width=\"150\" height=\"150\" \/><\/a>HOTELES<\/strong><\/p>\n<p style=\"text-align: center;\"><strong><span style=\"color: #993300;\">Antonio S\u00e1nchez<\/span><\/strong><\/p>\n<ul>\n<li>Es nombrado director del hotel Krystal Grand Canc\u00fan en sustituci\u00f3n de Michel Thenot.<\/li>\n<li>Lugar de origen: Guadalajara, Jalisco.<\/li>\n<li>Arribo a Canc\u00fan: 2003<\/li>\n<li>Estudios: Licenciatura en Administraci\u00f3n de Empresas Tur\u00edsticas, Universidad Aut\u00f3noma de Guadalajara; maestr\u00eda en Administraci\u00f3n, Food &amp; Beverage Management, Cornell University.<\/li>\n<li>Desarrollo profesional: Krystal Grand Punta Canc\u00fan, Santa Fe Grupo Hotelero, Hyatt Regency, Grupo Vidanta, Grupo Xcaret.<\/li>\n<\/ul>\n<div><\/div>\n<p style=\"text-align: center;\"><strong><a href=\"http:\/\/l21.mx\/wp-content\/uploads\/2017\/05\/Margarita-Carbajal-mayo-2017.jpg\" data-rel=\"penci-gallery-image-content\" ><img loading=\"lazy\" decoding=\"async\" class=\"alignleft size-thumbnail wp-image-25836\" title=\"Margarita-Carbajal-mayo-2017\" src=\"http:\/\/l21.mx\/wp-content\/uploads\/2017\/05\/Margarita-Carbajal-mayo-2017-150x150.jpg\" alt=\"\" width=\"150\" height=\"150\" \/><\/a>ASOCIACIONES<\/strong><\/p>\n<p style=\"text-align: center;\"><strong><span style=\"color: #993300;\">Margarita Carbajal<\/span><\/strong><\/p>\n<ul>\n<li>Asume la presidencia de la Federaci\u00f3n Mexicana de Asociaciones Tur\u00edsticas (Fematur) en Q. Roo en sustituci\u00f3n de Pedro Joaqu\u00edn Delbouis.<\/li>\n<li>Lugar de origen: Ciudad de M\u00e9xico.<\/li>\n<li>Arribo a Cozumel: 1995<\/li>\n<li>Estudios: Diplomados en Alta Direcci\u00f3n, Planeaci\u00f3n Estrat\u00e9gica y Desarrollo de Negocios, Liderazgo, Universidad del Valle de M\u00e9xico y Tecnol\u00f3gico de Monterrey.<\/li>\n<li>Desarrollo profesional: Watche Joyer\u00eda, Martom Tour Operadora, Cozumel Bar Hop, Bachelorette Party, Cozumel Kids Hop, Beach Hopping.<\/li>\n<\/ul>\n<div><\/div>\n<p><img loading=\"lazy\" decoding=\"async\" class=\"alignleft size-thumbnail wp-image-25837\" title=\"Mara-Isabel-Barba-mayo-2017\" src=\"http:\/\/l21.mx\/wp-content\/uploads\/2017\/05\/Mara-Isabel-Barba-mayo-2017-150x150.jpg\" alt=\"\" width=\"150\" height=\"150\" \/><\/p>\n<p style=\"text-align: center;\"><strong>HOTELES<\/strong><\/p>\n<p style=\"text-align: center;\"><span style=\"color: #993300;\"><strong>Mara Isabel Barba<\/strong><\/span><\/p>\n<ul>\n<li>Ocupa el cargo de chef del Centro <span style=\"font-weight: 300;\">Culinario del hotel The Ritz-Carlton Canc\u00fan en sustituci\u00f3n de Ryan Manning.<\/span><\/li>\n<li>Lugar de origen: <span style=\"font-weight: 300;\">Ciudad Obreg\u00f3n, Sonora.<\/span><\/li>\n<li>Arribo a Canc\u00fan: <span style=\"font-weight: 300;\">2017<\/span><\/li>\n<li>Estudios: <span style=\"font-weight: 300;\">Culinary Degree, Instituto Culinario de M\u00e9xico; diplomado en Enolog\u00eda y Viticultura, Universidad Aut\u00f3noma de Baja California.\u00a0<\/span><\/li>\n<li>Desarrollo profesional: The Ritz-Carlton Dubai y South Beach, La Lomita Vin\u00edcola Mexicana, restaurantes Quique Dacosta y Novecento, Grand Velas.<\/li>\n<\/ul>\n<div><\/div>\n<div><\/div>\n<p style=\"text-align: center;\"><strong><a href=\"http:\/\/l21.mx\/wp-content\/uploads\/2017\/05\/Rita-Hernandez-mayo-2017.jpg\" data-rel=\"penci-gallery-image-content\" ><img loading=\"lazy\" decoding=\"async\" class=\"alignleft size-thumbnail wp-image-25838\" title=\"Rita-Hernandez-mayo-2017\" src=\"http:\/\/l21.mx\/wp-content\/uploads\/2017\/05\/Rita-Hernandez-mayo-2017-150x150.jpg\" alt=\"\" width=\"150\" height=\"150\" \/><\/a>HOTELES<\/strong><\/p>\n<p style=\"text-align: center;\"><span style=\"color: #993300;\"><strong>Rita Hern\u00e1ndez<\/strong><\/span><\/p>\n<ul>\n<li>Asume el cargo de directora corporativa de Marketing de Unico 20\u00ba 87\u00ba Hotel Riviera Maya. (Puesto de nueva creaci\u00f3n).<\/li>\n<li>Lugar de origen: Ciudad de M\u00e9xico.<\/li>\n<li>Arribo a Canc\u00fan: 1996<\/li>\n<li>Estudios: Licenciada en Administraci\u00f3n de Empresas Tur\u00edsticas, Universidad La Salle Canc\u00fan.<\/li>\n<li>Desarrollo profesional: Mera Corporation, parque Xel-H\u00e1, Experiencias Xcaret, Hard Rock Hotels\/All Inclusive Collection.<\/li>\n<\/ul>\n<div><\/div>\n<div><\/div>\n<div><\/div>\n<p style=\"text-align: center;\"><strong><a href=\"http:\/\/l21.mx\/wp-content\/uploads\/2017\/05\/Silivia-Cruz-mayo-2017.jpg\" data-rel=\"penci-gallery-image-content\" ><img loading=\"lazy\" decoding=\"async\" class=\"alignleft size-thumbnail wp-image-25839\" title=\"Silivia-Cruz-mayo-2017\" src=\"http:\/\/l21.mx\/wp-content\/uploads\/2017\/05\/Silivia-Cruz-mayo-2017-150x150.jpg\" alt=\"\" width=\"150\" height=\"150\" \/><\/a>HOTELES<\/strong><\/p>\n<p style=\"text-align: center;\"><span style=\"color: #993300;\"><strong>Silvia Cruz<\/strong><\/span><\/p>\n<ul>\n<li>Recibe el cargo de directora de Ventas del hotel Real Inn Canc\u00fan en sustituci\u00f3n de F\u00e9lix S\u00e1nchez.<\/li>\n<li>Lugar de origen: Orizaba, Veracruz.<\/li>\n<li>Arribo a Canc\u00fan: 1989<\/li>\n<li>Estudios: Administraci\u00f3n de Empresas Tur\u00edsticas con especialidad y diplomados en Marketing, Universidad La Salle y Tecnol\u00f3gico de Monterrey.<\/li>\n<li>Desarrollo profesional: Hotel Marriott Casa Magna, JW Marriott, Grupo Posadas, Hyatt y Corporativo Grupo Hotelero Santa Fe.<\/li>\n<\/ul>\n<div><\/div>\n<div><\/div>\n<div><\/div>\n<p style=\"text-align: center;\"><strong><a href=\"http:\/\/l21.mx\/wp-content\/uploads\/2017\/05\/Maricruz-Alfaro-mayo-2017.jpg\" data-rel=\"penci-gallery-image-content\" ><img loading=\"lazy\" decoding=\"async\" class=\"alignleft size-thumbnail wp-image-25840\" title=\"Maricruz-Alfaro-mayo-2017\" src=\"http:\/\/l21.mx\/wp-content\/uploads\/2017\/05\/Maricruz-Alfaro-mayo-2017-150x150.jpg\" alt=\"\" width=\"150\" height=\"150\" \/><\/a>EMPRESAS<\/strong><\/p>\n<p style=\"text-align: center;\"><span style=\"color: #993300;\"><strong>Maricruz Alfaro<\/strong><\/span><\/p>\n<ul>\n<li>Ocupa el cargo de gerente <span style=\"font-weight: 300;\">de Relaciones P\u00fablicas <\/span><span style=\"font-weight: 300;\">de Dolphin Discovery.\u00a0<\/span><\/li>\n<li>Lugar de origen: <span style=\"font-weight: 300;\">Ciudad de M\u00e9xico.<\/span><\/li>\n<li>Arribo a Canc\u00fan: <span style=\"font-weight: 300;\">2001<\/span><\/li>\n<li>Estudios: <span style=\"font-weight: 300;\">Licenciada en Comunicaci\u00f3n, <\/span><span style=\"font-weight: 300;\">Universidad Nuevo Mundo.<\/span><\/li>\n<li>Desarrollo profesional: <span style=\"font-weight: 300;\">McCann Erickson, Xcaret, <\/span><span style=\"font-weight: 300;\">Dolphin Discovery, Canc\u00fan Messe, <\/span><span style=\"font-weight: 300;\">Agencia Integra 360.<\/span><\/li>\n<\/ul>\n","protected":false},"excerpt":{"rendered":"<p>ASOCIACIONES Marcos Mart\u00ednez Es el nuevo presidente de la Asociaci\u00f3n de Bancos de M\u00e9xico en sustituci\u00f3n&hellip;<\/p>\n","protected":false},"author":2,"featured_media":25844,"comment_status":"open","ping_status":"open","sticky":false,"template":"","format":"standard","meta":{"_acf_changed":false,"_lmt_disableupdate":"","_lmt_disable":"","_mbp_gutenberg_autopost":false,"footnotes":""},"categories":[9,23],"tags":[],"class_list":["post-27496","post","type-post","status-publish","format-standard","has-post-thumbnail","hentry","category-nombramientos","category-noticias"],"acf":[],"_links":{"self":[{"href":"https:\/\/l21.mx\/index.php?rest_route=\/wp\/v2\/posts\/27496","targetHints":{"allow":["GET"]}}],"collection":[{"href":"https:\/\/l21.mx\/index.php?rest_route=\/wp\/v2\/posts"}],"about":[{"href":"https:\/\/l21.mx\/index.php?rest_route=\/wp\/v2\/types\/post"}],"author":[{"embeddable":true,"href":"https:\/\/l21.mx\/index.php?rest_route=\/wp\/v2\/users\/2"}],"replies":[{"embeddable":true,"href":"https:\/\/l21.mx\/index.php?rest_route=%2Fwp%2Fv2%2Fcomments&post=27496"}],"version-history":[{"count":0,"href":"https:\/\/l21.mx\/index.php?rest_route=\/wp\/v2\/posts\/27496\/revisions"}],"wp:featuredmedia":[{"embeddable":true,"href":"https:\/\/l21.mx\/index.php?rest_route=\/wp\/v2\/media\/25844"}],"wp:attachment":[{"href":"https:\/\/l21.mx\/index.php?rest_route=%2Fwp%2Fv2%2Fmedia&parent=27496"}],"wp:term":[{"taxonomy":"category","embeddable":true,"href":"https:\/\/l21.mx\/index.php?rest_route=%2Fwp%2Fv2%2Fcategories&post=27496"},{"taxonomy":"post_tag","embeddable":true,"href":"https:\/\/l21.mx\/index.php?rest_route=%2Fwp%2Fv2%2Ftags&post=27496"}],"curies":[{"name":"wp","href":"https:\/\/api.w.org\/{rel}","templated":true}]}}