{"id":27689,"date":"2017-06-26T17:03:52","date_gmt":"2017-06-26T22:03:52","guid":{"rendered":"http:\/\/innovatori.space\/lat21\/?p=27689"},"modified":"2017-08-07T11:58:35","modified_gmt":"2017-08-07T16:58:35","slug":"promueven-turismo-deportivo-con-v-copa-cancun-de-basquetbol-2017-2","status":"publish","type":"post","link":"https:\/\/l21.mx\/?p=27689","title":{"rendered":"PROMUEVEN TURISMO DEPORTIVO CON V COPA CANCUN DE BASQUETBOL 2017"},"content":{"rendered":"<p align=\"center\"><strong>*El evento se celebrar\u00e1 del 20 al 23 de julio pr\u00f3ximo con la presencia de equipos nacionales e internacionales<\/strong><\/p>\n<p align=\"center\">\n<a href=\"http:\/\/l21.mx\/wp-content\/uploads\/2017\/06\/Poliforum-de-Canc\u00fan-500x333.jpg\" data-rel=\"penci-gallery-image-content\" ><img fetchpriority=\"high\" decoding=\"async\" title=\"Poliforum-de-Canc\u00fan-500x333\" src=\"http:\/\/l21.mx\/wp-content\/uploads\/2017\/06\/Poliforum-de-Canc\u00fan-500x333.jpg\" alt=\"\" width=\"500\" height=\"333\" \/><\/a><\/p>\n<p>Para consolidar a Canc\u00fan como un destino atractivo para el turismo deportivo, la empresa Motion Events organiza la V Copa Canc\u00fan de Basquetbol 2017, del 20 al 23 de julio pr\u00f3ximo, con la participaci\u00f3n de equipos nacionales e internacionales del deporte r\u00e1faga.<\/p>\n<p>El magno Festival Internacional de Basquetbol infantil y juvenil se celebra con el apoyo de la Oficina de Visitantes y Convenciones de Canc\u00fan (OVC), la Federaci\u00f3n Internacional de Basquetbol (FIBA), la Comisi\u00f3n para la Juventud y el Deporte, el Instituto del Deporte de Benito Ju\u00e1rez y la Asociaci\u00f3n Estatal de Basquetbol de Quintana Roo.<\/p>\n<p>La empresa Motion Events invita a los equipos a nivel local, nacional e internacional a sumarse a esta justa deportiva que se disputar\u00e1 en la rama varonil y femenil en siete categor\u00edas: pre infantil, infantil, pasarela, cadetes, juvenil, elite y sub 22. Se contar\u00e1 con ocho sedes como son el Gimnasio Kuchil Baxal, Poliforum Benito Ju\u00e1rez, Complejo Jacinto Canek, y los domos del\u00a0 Toro Valenzuela y de las regiones 64, 91, 510 y 93. Los encuentros se jugar\u00e1n a partir de las 8:00 am desde del jueves 20 al domingo 23 de julio.<\/p>\n<p>Los equipos podr\u00e1n inscribirse con 8 jugadores como m\u00ednimo y 12 como m\u00e1ximo, con un entrenador y un asistente. La inscripci\u00f3n tendr\u00e1 un costo de 2 mil 500 pesos que cubren arbitraje y dem\u00e1s servicios que se prestar\u00e1n. El cierre de inscripciones ser\u00e1 el 9 de julio o hasta completar ocho equipos por categor\u00eda y rama. Los equipos podr\u00e1n registrarse a trav\u00e9s de la p\u00e1gina de internet <a href=\"http:\/\/www.motionevents.mx\" target=\"_blank\" rel=\"noopener\">www.motionevents.mx<\/a><a href=\"http:\/\/l21.mx\/wp-content\/uploads\/2017\/06\/Poliforum-de-Canc\u00fan-500x333.jpg\"><br \/>\n<\/a><\/p>\n<p>El comit\u00e9 organizador estima que la V Copa Canc\u00fan de Basquetbol generar\u00e1 una importante derrama econ\u00f3mica al destino ya que cada equipo cubrir\u00e1 sus gastos de transportaci\u00f3n, alimentaci\u00f3n y hospedaje, adem\u00e1s de tours y compras que puedan realizar durante su estancia.<\/p>\n","protected":false},"excerpt":{"rendered":"<p>*El evento se celebrar\u00e1 del 20 al 23 de julio pr\u00f3ximo con la presencia de equipos&hellip;<\/p>\n","protected":false},"author":2,"featured_media":27690,"comment_status":"open","ping_status":"open","sticky":false,"template":"","format":"standard","meta":{"_acf_changed":false,"_lmt_disableupdate":"","_lmt_disable":"","_mbp_gutenberg_autopost":false,"footnotes":""},"categories":[23,8],"tags":[],"class_list":["post-27689","post","type-post","status-publish","format-standard","has-post-thumbnail","hentry","category-noticias","category-turismo"],"acf":[],"_links":{"self":[{"href":"https:\/\/l21.mx\/index.php?rest_route=\/wp\/v2\/posts\/27689","targetHints":{"allow":["GET"]}}],"collection":[{"href":"https:\/\/l21.mx\/index.php?rest_route=\/wp\/v2\/posts"}],"about":[{"href":"https:\/\/l21.mx\/index.php?rest_route=\/wp\/v2\/types\/post"}],"author":[{"embeddable":true,"href":"https:\/\/l21.mx\/index.php?rest_route=\/wp\/v2\/users\/2"}],"replies":[{"embeddable":true,"href":"https:\/\/l21.mx\/index.php?rest_route=%2Fwp%2Fv2%2Fcomments&post=27689"}],"version-history":[{"count":0,"href":"https:\/\/l21.mx\/index.php?rest_route=\/wp\/v2\/posts\/27689\/revisions"}],"wp:featuredmedia":[{"embeddable":true,"href":"https:\/\/l21.mx\/index.php?rest_route=\/wp\/v2\/media\/27690"}],"wp:attachment":[{"href":"https:\/\/l21.mx\/index.php?rest_route=%2Fwp%2Fv2%2Fmedia&parent=27689"}],"wp:term":[{"taxonomy":"category","embeddable":true,"href":"https:\/\/l21.mx\/index.php?rest_route=%2Fwp%2Fv2%2Fcategories&post=27689"},{"taxonomy":"post_tag","embeddable":true,"href":"https:\/\/l21.mx\/index.php?rest_route=%2Fwp%2Fv2%2Ftags&post=27689"}],"curies":[{"name":"wp","href":"https:\/\/api.w.org\/{rel}","templated":true}]}}