{"id":27719,"date":"2017-06-28T10:54:01","date_gmt":"2017-06-28T15:54:01","guid":{"rendered":"http:\/\/innovatori.space\/lat21\/?p=27719"},"modified":"2017-08-07T11:58:23","modified_gmt":"2017-08-07T16:58:23","slug":"estos-son-tus-nuevos-derechos-al-viajar-en-avion","status":"publish","type":"post","link":"https:\/\/l21.mx\/?p=27719","title":{"rendered":"Estos son tus nuevos derechos al viajar en avi\u00f3n"},"content":{"rendered":"<p>Los pasajeros de avi\u00f3n en M\u00e9xico ser\u00e1n recompensados. La nueva ley, que entr\u00f3 en vigencia apoyar\u00e1 en aspectos b\u00e1sicos, como los da\u00f1os o perdidas en las maletas, las demoras y cancelaciones de vuelos.<\/p>\n<p><a href=\"http:\/\/l21.mx\/wp-content\/uploads\/2017\/06\/nueva-ley-de-aviacion-en-mexico.jpg\" data-rel=\"penci-gallery-image-content\" ><img fetchpriority=\"high\" decoding=\"async\" class=\"aligncenter size-full wp-image-27720\" title=\"nueva ley de aviacion en mexico\" src=\"http:\/\/l21.mx\/wp-content\/uploads\/2017\/06\/nueva-ley-de-aviacion-en-mexico.jpg\" alt=\"\" width=\"768\" height=\"960\" srcset=\"https:\/\/l21.mx\/wp-content\/uploads\/2017\/06\/nueva-ley-de-aviacion-en-mexico.jpg 768w, https:\/\/l21.mx\/wp-content\/uploads\/2017\/06\/nueva-ley-de-aviacion-en-mexico-240x300.jpg 240w, https:\/\/l21.mx\/wp-content\/uploads\/2017\/06\/nueva-ley-de-aviacion-en-mexico-585x731.jpg 585w\" sizes=\"(max-width: 768px) 100vw, 768px\" \/><\/a><\/p>\n<p>Conoce la ley publicada en el siguiente enlace:<\/p>\n<p><a href=\"http:\/\/dof.gob.mx\/nota_detalle.php?codigo=5488028&amp;fecha=26\/06\/2017\" target=\"_blank\" rel=\"noopener\">http:\/\/dof.gob.mx\/nota_detalle.php?codigo=5488028&amp;fecha=26\/06\/2017<\/a><\/p>\n","protected":false},"excerpt":{"rendered":"<p>Los pasajeros de avi\u00f3n en M\u00e9xico ser\u00e1n recompensados. La nueva ley, que entr\u00f3 en vigencia apoyar\u00e1&hellip;<\/p>\n","protected":false},"author":2,"featured_media":27720,"comment_status":"open","ping_status":"open","sticky":false,"template":"","format":"standard","meta":{"_acf_changed":false,"_lmt_disableupdate":"","_lmt_disable":"","_mbp_gutenberg_autopost":false,"footnotes":""},"categories":[23,8],"tags":[],"class_list":["post-27719","post","type-post","status-publish","format-standard","has-post-thumbnail","hentry","category-noticias","category-turismo"],"acf":[],"_links":{"self":[{"href":"https:\/\/l21.mx\/index.php?rest_route=\/wp\/v2\/posts\/27719","targetHints":{"allow":["GET"]}}],"collection":[{"href":"https:\/\/l21.mx\/index.php?rest_route=\/wp\/v2\/posts"}],"about":[{"href":"https:\/\/l21.mx\/index.php?rest_route=\/wp\/v2\/types\/post"}],"author":[{"embeddable":true,"href":"https:\/\/l21.mx\/index.php?rest_route=\/wp\/v2\/users\/2"}],"replies":[{"embeddable":true,"href":"https:\/\/l21.mx\/index.php?rest_route=%2Fwp%2Fv2%2Fcomments&post=27719"}],"version-history":[{"count":0,"href":"https:\/\/l21.mx\/index.php?rest_route=\/wp\/v2\/posts\/27719\/revisions"}],"wp:featuredmedia":[{"embeddable":true,"href":"https:\/\/l21.mx\/index.php?rest_route=\/wp\/v2\/media\/27720"}],"wp:attachment":[{"href":"https:\/\/l21.mx\/index.php?rest_route=%2Fwp%2Fv2%2Fmedia&parent=27719"}],"wp:term":[{"taxonomy":"category","embeddable":true,"href":"https:\/\/l21.mx\/index.php?rest_route=%2Fwp%2Fv2%2Fcategories&post=27719"},{"taxonomy":"post_tag","embeddable":true,"href":"https:\/\/l21.mx\/index.php?rest_route=%2Fwp%2Fv2%2Ftags&post=27719"}],"curies":[{"name":"wp","href":"https:\/\/api.w.org\/{rel}","templated":true}]}}