{"id":27747,"date":"2017-06-30T11:45:11","date_gmt":"2017-06-30T16:45:11","guid":{"rendered":"http:\/\/innovatori.space\/lat21\/?p=27747"},"modified":"2017-08-07T11:55:36","modified_gmt":"2017-08-07T16:55:36","slug":"espacio-42-2","status":"publish","type":"post","link":"https:\/\/l21.mx\/?p=27747","title":{"rendered":"\u2b07\u2b07 Espacio 42"},"content":{"rendered":"<p><a href=\"http:\/\/l21.mx\/wp-content\/uploads\/2017\/06\/Espacio-42-.jpg\" data-rel=\"penci-gallery-image-content\" ><img fetchpriority=\"high\" decoding=\"async\" class=\"aligncenter size-full wp-image-27749\" title=\"Espacio-42-\" src=\"http:\/\/l21.mx\/wp-content\/uploads\/2017\/06\/Espacio-42-.jpg\" alt=\"\" width=\"836\" height=\"557\" srcset=\"https:\/\/l21.mx\/wp-content\/uploads\/2017\/06\/Espacio-42-.jpg 836w, https:\/\/l21.mx\/wp-content\/uploads\/2017\/06\/Espacio-42--300x200.jpg 300w, https:\/\/l21.mx\/wp-content\/uploads\/2017\/06\/Espacio-42--768x512.jpg 768w, https:\/\/l21.mx\/wp-content\/uploads\/2017\/06\/Espacio-42--585x390.jpg 585w, https:\/\/l21.mx\/wp-content\/uploads\/2017\/06\/Espacio-42--263x175.jpg 263w\" sizes=\"(max-width: 836px) 100vw, 836px\" \/><\/a><\/p>\n<p>Tras inversi\u00f3n de cinco millones de pesos para incursionar en el mercado gastron\u00f3mico de Canc\u00fan, y a solo un a\u00f1o de operaciones, concluy\u00f3 actividades el restaurante bar Espacio 42, ubicado frente a Plaza Solare. Ten\u00eda capacidad para 175 personas y generaba 40 empleos directos y 40 indirectos.<\/p>\n<div><\/div>\n","protected":false},"excerpt":{"rendered":"<p>Tras inversi\u00f3n de cinco millones de pesos para incursionar en el mercado gastron\u00f3mico de Canc\u00fan, y&hellip;<\/p>\n","protected":false},"author":2,"featured_media":27749,"comment_status":"open","ping_status":"open","sticky":false,"template":"","format":"standard","meta":{"_acf_changed":false,"_lmt_disableupdate":"","_lmt_disable":"","_mbp_gutenberg_autopost":false,"footnotes":""},"categories":[10],"tags":[],"class_list":["post-27747","post","type-post","status-publish","format-standard","has-post-thumbnail","hentry","category-sube-y-baja"],"acf":[],"_links":{"self":[{"href":"https:\/\/l21.mx\/index.php?rest_route=\/wp\/v2\/posts\/27747","targetHints":{"allow":["GET"]}}],"collection":[{"href":"https:\/\/l21.mx\/index.php?rest_route=\/wp\/v2\/posts"}],"about":[{"href":"https:\/\/l21.mx\/index.php?rest_route=\/wp\/v2\/types\/post"}],"author":[{"embeddable":true,"href":"https:\/\/l21.mx\/index.php?rest_route=\/wp\/v2\/users\/2"}],"replies":[{"embeddable":true,"href":"https:\/\/l21.mx\/index.php?rest_route=%2Fwp%2Fv2%2Fcomments&post=27747"}],"version-history":[{"count":0,"href":"https:\/\/l21.mx\/index.php?rest_route=\/wp\/v2\/posts\/27747\/revisions"}],"wp:featuredmedia":[{"embeddable":true,"href":"https:\/\/l21.mx\/index.php?rest_route=\/wp\/v2\/media\/27749"}],"wp:attachment":[{"href":"https:\/\/l21.mx\/index.php?rest_route=%2Fwp%2Fv2%2Fmedia&parent=27747"}],"wp:term":[{"taxonomy":"category","embeddable":true,"href":"https:\/\/l21.mx\/index.php?rest_route=%2Fwp%2Fv2%2Fcategories&post=27747"},{"taxonomy":"post_tag","embeddable":true,"href":"https:\/\/l21.mx\/index.php?rest_route=%2Fwp%2Fv2%2Ftags&post=27747"}],"curies":[{"name":"wp","href":"https:\/\/api.w.org\/{rel}","templated":true}]}}