{"id":27823,"date":"2017-06-30T11:12:14","date_gmt":"2017-06-30T16:12:14","guid":{"rendered":"http:\/\/innovatori.space\/lat21\/?p=27823"},"modified":"2017-08-07T11:55:41","modified_gmt":"2017-08-07T16:55:41","slug":"holbox-en-peligro-de-extincion","status":"publish","type":"post","link":"https:\/\/l21.mx\/?p=27823","title":{"rendered":"Holbox, en peligro de extinci\u00f3n"},"content":{"rendered":"<p><a href=\"http:\/\/l21.mx\/wp-content\/uploads\/2016\/07\/vicente-ferreyra-n.jpg\" data-rel=\"penci-gallery-image-content\" ><img decoding=\"async\" class=\"alignleft\" title=\"vicente-ferreyra-n\" src=\"http:\/\/l21.mx\/wp-content\/uploads\/2016\/07\/vicente-ferreyra-n.jpg\" alt=\"\" width=\"167\" height=\"108\" \/><\/a>Empiezo titulando as\u00ed este articulo porque pareciese que es la \u00fanica forma de llamar la atenci\u00f3n de los problemas ambientales en este pa\u00eds; si no, veamos el caso de la Vaquita Marina, cuyas acciones se vuelven visibles hasta que el riesgo de extinci\u00f3n es inminente (y bueno, s\u00ed, con el apoyo de <strong>DiCaprio <\/strong>para hacer presi\u00f3n y conseguir atenci\u00f3n medi\u00e1tica), a pesar de que llevan a\u00f1os haci\u00e9ndose las denuncias, exigi\u00e9ndose resultados de investigaciones y dem\u00e1s.<\/p>\n<p>Y as\u00ed en Holbox: yo llevo en la zona 13 a\u00f1os y desde ese mismo per\u00edodo de tiempo he\u00a0 escuchado a organizaciones de la sociedad civil, investigadores, acad\u00e9micos, personas de la comunidad clamando por la publicaci\u00f3n del Programa de Manejo, que la Ley General del Equilibrio Ecol\u00f3gico y Protecci\u00f3n al Ambiente (LGEEPA) define como el \u201cinstrumento rector de planeaci\u00f3n y regulaci\u00f3n que establece actividades, acciones y lineamientos b\u00e1sicos para el manejo y la administraci\u00f3n del \u00c1rea Natural Protegida\u201d.<\/p>\n<p>Adem\u00e1s, dicho Programa de Manejo debe publicarse m\u00e1ximo un a\u00f1o despu\u00e9s del decreto como \u00c1rea Natural Protegida (LGEEPA, Art. 65), y el \u00c1rea de Protecci\u00f3n de Flora y Fauna Yum Balam (donde se localiza Holbox) fue declarada como tal en 1994; en pocas palabras, llevamos 22 a\u00f1os sin programa de manejo, sin regulaci\u00f3n, sin lineamientos b\u00e1sicos. \u00bfSe imaginan eso en un pa\u00eds, en una empresa, o en sus propias casas? \u00bfLlevar 22 a\u00f1os sin reglas? Lo que provoca es la anarqu\u00eda total.<\/p>\n<p>Y es que hace algunos a\u00f1os el tema no era tan relevante porque el inter\u00e9s tur\u00edstico e inmobiliario no hab\u00eda volteado los ojos hacia all\u00e1, pero hoy el riesgo es inminente y si no tomamos acci\u00f3n ya, Holbox terminar\u00e1 siendo uno de esos sitios del \u201chubi\u00e9ramos hecho\u201d.<\/p>\n<p>Debemos ser claros: no necesitamos otro Canc\u00fan all\u00e1, ni otro Riviera Maya, ni otro Tulum; a lo que voy es que estos modelos funcionan en un contexto diferente, tanto geogr\u00e1fica como hist\u00f3ricamente, que en Holbox, y lo que Quintana Roo necesita es diversificar, encontrar nuevos modelos, redise\u00f1ar sus destinos, aprovechar la vocaci\u00f3n natural de los sitios.<\/p>\n<p>Y la vocaci\u00f3n de Holbox no es, ni cerca, una vocaci\u00f3n de segundas residencias ni de turismo de masas; por supuesto que el tema de su desarrollo y protecci\u00f3n pasa por las autoridades ambientales, en especial por la Comisi\u00f3n Nacional de \u00c1reas Naturales Protegidas (Conanp), pero hay muchas otras instancias p\u00fablicas federales y estatales que deber\u00edan estar con lupa en la zona: Turismo, Desarrollo Urbano, Desarrollo Social, etc. Y las veo poco.<\/p>\n<p>Es urgente una intervenci\u00f3n en la zona, que hoy es presa de la corrupci\u00f3n y de un crecimiento sin orden, un crecimiento que empuja al subdesarrollo, un crecimiento que empuja a la contaminaci\u00f3n, un crecimiento que empuja a la sobredensificaci\u00f3n, un crecimiento que no necesita Quintana Roo.<\/p>\n<p>Ojal\u00e1 no tengamos que esperar que, en cinco a\u00f1os, venga otra celebridad a presionar al gobierno para tratar de evitar la extinci\u00f3n de Holbox, o tomar medidas urgentes para proteger lo poco que nos quede.<\/p>\n<p>&nbsp;<\/p>\n<p><em>*Director general de Sustentur, con m\u00e1s de 15 a\u00f1os de experiencia en el dise\u00f1o de estrategias de turismo sustentable para destinos, empresas y organizaciones en M\u00e9xico y Latinoam\u00e9rica.<\/em><\/p>\n","protected":false},"excerpt":{"rendered":"<p>Empiezo titulando as\u00ed este articulo porque pareciese que es la \u00fanica forma de llamar la atenci\u00f3n&hellip;<\/p>\n","protected":false},"author":2,"featured_media":0,"comment_status":"open","ping_status":"open","sticky":false,"template":"","format":"standard","meta":{"_acf_changed":false,"_lmt_disableupdate":"","_lmt_disable":"","_mbp_gutenberg_autopost":false,"footnotes":""},"categories":[222,20],"tags":[],"class_list":["post-27823","post","type-post","status-publish","format-standard","hentry","category-vicente-ferreyra-acosta","category-columnas"],"acf":[],"_links":{"self":[{"href":"https:\/\/l21.mx\/index.php?rest_route=\/wp\/v2\/posts\/27823","targetHints":{"allow":["GET"]}}],"collection":[{"href":"https:\/\/l21.mx\/index.php?rest_route=\/wp\/v2\/posts"}],"about":[{"href":"https:\/\/l21.mx\/index.php?rest_route=\/wp\/v2\/types\/post"}],"author":[{"embeddable":true,"href":"https:\/\/l21.mx\/index.php?rest_route=\/wp\/v2\/users\/2"}],"replies":[{"embeddable":true,"href":"https:\/\/l21.mx\/index.php?rest_route=%2Fwp%2Fv2%2Fcomments&post=27823"}],"version-history":[{"count":0,"href":"https:\/\/l21.mx\/index.php?rest_route=\/wp\/v2\/posts\/27823\/revisions"}],"wp:attachment":[{"href":"https:\/\/l21.mx\/index.php?rest_route=%2Fwp%2Fv2%2Fmedia&parent=27823"}],"wp:term":[{"taxonomy":"category","embeddable":true,"href":"https:\/\/l21.mx\/index.php?rest_route=%2Fwp%2Fv2%2Fcategories&post=27823"},{"taxonomy":"post_tag","embeddable":true,"href":"https:\/\/l21.mx\/index.php?rest_route=%2Fwp%2Fv2%2Ftags&post=27823"}],"curies":[{"name":"wp","href":"https:\/\/api.w.org\/{rel}","templated":true}]}}