{"id":28039,"date":"2017-07-12T09:56:45","date_gmt":"2017-07-12T14:56:45","guid":{"rendered":"http:\/\/innovatori.space\/lat21\/?p=28039"},"modified":"2017-08-07T11:54:15","modified_gmt":"2017-08-07T16:54:15","slug":"verano-al-fin","status":"publish","type":"post","link":"https:\/\/l21.mx\/?p=28039","title":{"rendered":"\u201cVerano al fin\u201d"},"content":{"rendered":"<p><a href=\"http:\/\/l21.mx\/wp-content\/uploads\/2017\/07\/verano_2017-1.jpg\" data-rel=\"penci-gallery-image-content\" ><img fetchpriority=\"high\" decoding=\"async\" class=\"aligncenter size-large wp-image-28047\" src=\"http:\/\/l21.mx\/wp-content\/uploads\/2017\/07\/verano_2017-1-590x1024.jpg\" alt=\"\" width=\"590\" height=\"1024\" srcset=\"https:\/\/l21.mx\/wp-content\/uploads\/2017\/07\/verano_2017-1-590x1024.jpg 590w, https:\/\/l21.mx\/wp-content\/uploads\/2017\/07\/verano_2017-1-173x300.jpg 173w, https:\/\/l21.mx\/wp-content\/uploads\/2017\/07\/verano_2017-1-585x1016.jpg 585w, https:\/\/l21.mx\/wp-content\/uploads\/2017\/07\/verano_2017-1.jpg 691w\" sizes=\"(max-width: 590px) 100vw, 590px\" \/><\/a><br \/>\n<strong>Best Day Travel Group,<\/strong>corporativo de las agencias de viajes receptiva y en l\u00ednea m\u00e1s importante de M\u00e9xico y una de las principales en Latinoam\u00e9rica, comparte su\u00a0<strong>Business Intelligence Report,\u00a0<\/strong>correspondiente al mes de julio.<br \/>\nEste reporte es generado por la\u00a0<strong>Direcci\u00f3n de Business Intelligence de Best Day Travel Group<\/strong>\u00a0la cual, entre otras acciones estrat\u00e9gicas emite, cada mes, este reporte en formato de infograf\u00eda.<br \/>\nEn este mes de julio, destaca la siguiente informaci\u00f3n:<\/p>\n<p><strong>Razones para comprar en l\u00ednea:\u00a0<\/strong><\/p>\n<ul>\n<li>34% Ahorrar tiempo<\/li>\n<li>24% Encontrar mejores ofertas<\/li>\n<li>18% Comprar productos de todo el mundo<\/li>\n<li>18% Comparar precios<\/li>\n<li>\u00a0\u00a06% Tener f\u00e1cil acceso con diferentes dispositivos<\/li>\n<\/ul>\n<p><strong>Fuente:\u00a0<\/strong><strong>Merca 2.0<\/strong><\/p>\n<p><strong>Creaciones que innovaron la forma de viajar<\/strong><\/p>\n<ul>\n<li>En 1994, se realiza la primera\u00a0<strong>reservaci\u00f3n en l\u00ednea<\/strong>\u00a0de un cuatro noche, en\u00a0<strong><a href=\"http:\/\/bestday.com\/\">Bestday.com<\/a><\/strong><\/li>\n<li>Las\u00a0<strong>tarjetas de cr\u00e9dito\u00a0<\/strong>agilizaron las compras vacacionales en los a\u00f1os 50\u00b4s<\/li>\n<li>En los 70\u2019s, Briggs &amp; Riley patenta la primera\u00a0<strong>maleta con ruedas<\/strong><\/li>\n<li>Las\u00a0<strong>aerol\u00edneas de bajo costo<\/strong>\u00a0iniciaron operaciones en 1985, en Europa<\/li>\n<\/ul>\n<p><strong>Destinos de Sudam\u00e9rica m\u00e1s visitados por los mexicanos en verano<\/strong><br \/>\n\u00b7\u00a0\u00a0\u00a0\u00a0\u00a0\u00a0\u00a0\u00a0Bogot\u00e1, Colombia<br \/>\n\u00b7\u00a0\u00a0\u00a0\u00a0\u00a0\u00a0\u00a0\u00a0Cartagena, Colombia<br \/>\n\u00b7\u00a0\u00a0\u00a0\u00a0\u00a0\u00a0\u00a0 Buenos Aires, Argentina<br \/>\n\u00b7\u00a0\u00a0\u00a0\u00a0\u00a0\u00a0\u00a0 Lima, Per\u00fa<\/p>\n<ul>\n<li>R\u00edo de Janeiro, Brasil<\/li>\n<\/ul>\n<p><strong>Fuente:\u00a0<\/strong><strong>Business Intelligence de Best Day Travel Group<\/strong><\/p>\n<p><strong>3 Lugares m\u00e1gicos para visitar en verano en las costas de M\u00e9xico\u00a0<\/strong><\/p>\n<ul>\n<li>Loreto, Baja California Sur: la belleza del mar destaca entre desierto y monta\u00f1as \u00a0\u00a0\u00a0\u00a0\u00a0\u00a0rocosas<\/li>\n<li>Isla Mujeres, Quintana Roo, un pueblito cosmopolita con esencia pesquera, historias de piratas y leyendas mayas<\/li>\n<li>Costa Careyes, Jalisco, la arquitectura y colorido de sus casas adornan el paisaje de la Bah\u00eda<\/li>\n<\/ul>\n<p><strong>Spas recomendados para el verano<\/strong><br \/>\n\u00b7\u00a0\u00a0\u00a0\u00a0\u00a0\u00a0\u00a0\u00a0\u00a0 Hotel Matilda (San Miguel de Allende)<br \/>\n\u00b7\u00a0\u00a0\u00a0\u00a0\u00a0\u00a0\u00a0\u00a0 Grand Hyatt Playa del Carmen (Playa del Carmen)<br \/>\n\u00b7\u00a0\u00a0\u00a0\u00a0\u00a0\u00a0\u00a0\u00a0 Grand Velas (Riviera Maya, Riviera Nayarit y Los Cabos)<br \/>\n\u00b7\u00a0\u00a0\u00a0\u00a0\u00a0\u00a0\u00a0\u00a0 Fiesta Americana Grand Coral Beach (Canc\u00fan)<br \/>\n\u00b7\u00a0\u00a0\u00a0\u00a0\u00a0\u00a0\u00a0\u00a0 JW Marriott, Hotel M\u00e9xico City Santa F\u00e9 (Ciudad de M\u00e9xico)<br \/>\n\u00b7\u00a0\u00a0\u00a0\u00a0\u00a0\u00a0\u00a0\u00a0 Live Aqua (Canc\u00fan)<\/p>\n<p><strong>4 Tips para hacer tus maletas \u00a0<\/strong><br \/>\n\u00b7\u00a0\u00a0\u00a0\u00a0\u00a0\u00a0\u00a0\u00a0 Aseg\u00farate que la maleta est\u00e9 en buen estado y que sea del tama\u00f1o apropiado<br \/>\n\u00b7\u00a0\u00a0\u00a0\u00a0\u00a0\u00a0\u00a0\u00a0 Cuando cierres la maleta, verifica el peso \u00a1No te pases del l\u00edmite permitido!<br \/>\n\u00b7\u00a0\u00a0\u00a0\u00a0\u00a0\u00a0\u00a0\u00a0 Antes de viajar, revisa cierres, asas y broches. Evita imprevistos<br \/>\n\u00b7\u00a0\u00a0\u00a0\u00a0\u00a0\u00a0\u00a0\u00a0 Col\u00f3cale un identificador vistoso. Actualmente existen identificadores con GPS<\/p>\n<p><strong>Fuente:\u00a0<\/strong><strong>Business Intelligence Area de Best Day Travel Group<\/strong><\/p>\n","protected":false},"excerpt":{"rendered":"<p>Best Day Travel Group,corporativo de las agencias de viajes receptiva y en l\u00ednea m\u00e1s importante de&hellip;<\/p>\n","protected":false},"author":2,"featured_media":28049,"comment_status":"open","ping_status":"open","sticky":false,"template":"","format":"standard","meta":{"_acf_changed":false,"_lmt_disableupdate":"","_lmt_disable":"","_mbp_gutenberg_autopost":false,"footnotes":""},"categories":[23,1,8],"tags":[],"class_list":["post-28039","post","type-post","status-publish","format-standard","has-post-thumbnail","hentry","category-noticias","category-sin-categoria","category-turismo"],"acf":[],"yoast_head":"<!-- This site is optimized with the Yoast SEO plugin v27.5 - https:\/\/yoast.com\/product\/yoast-seo-wordpress\/ -->\n<title>\u201cVerano al fin\u201d | Revista Latitud 21<\/title>\n<meta name=\"description\" content=\"L21, Emprendedores y Negocios en el Caribe Mexicano, es la revista l\u00edder entre el Sector Empresarial y Tur\u00edstico del Caribe Mexicano.\" \/>\n<meta name=\"robots\" content=\"index, follow, max-snippet:-1, max-image-preview:large, max-video-preview:-1\" \/>\n<link rel=\"canonical\" href=\"https:\/\/l21.mx\/?p=28039\" \/>\n<meta name=\"twitter:card\" content=\"summary_large_image\" \/>\n<meta name=\"twitter:title\" content=\"\u201cVerano al fin\u201d | Revista Latitud 21\" \/>\n<meta name=\"twitter:description\" content=\"L21, Emprendedores y Negocios en el Caribe Mexicano, es la revista l\u00edder entre el Sector Empresarial y Tur\u00edstico del Caribe Mexicano.\" \/>\n<meta name=\"twitter:image\" content=\"https:\/\/l21.mx\/wp-content\/uploads\/2017\/07\/verano.jpg\" \/>\n<meta name=\"twitter:creator\" content=\"@Latitud21mx\" \/>\n<meta name=\"twitter:site\" content=\"@Latitud21mx\" \/>\n<meta name=\"twitter:label1\" content=\"Escrito por\" \/>\n\t<meta name=\"twitter:data1\" content=\"Latitud21 Redacci\u00f3n\" \/>\n\t<meta name=\"twitter:label2\" content=\"Tiempo de lectura\" \/>\n\t<meta name=\"twitter:data2\" content=\"2 minutos\" \/>\n<script type=\"application\/ld+json\" class=\"yoast-schema-graph\">{\"@context\":\"https:\\\/\\\/schema.org\",\"@graph\":[{\"@type\":\"Article\",\"@id\":\"https:\\\/\\\/l21.mx\\\/?p=28039#article\",\"isPartOf\":{\"@id\":\"https:\\\/\\\/l21.mx\\\/?p=28039\"},\"author\":{\"name\":\"Latitud21 Redacci\u00f3n\",\"@id\":\"https:\\\/\\\/l21.mx\\\/#\\\/schema\\\/person\\\/4b571cc212089f95579f3b66253728f1\"},\"headline\":\"\u201cVerano al fin\u201d\",\"datePublished\":\"2017-07-12T14:56:45+00:00\",\"dateModified\":\"2017-08-07T16:54:15+00:00\",\"mainEntityOfPage\":{\"@id\":\"https:\\\/\\\/l21.mx\\\/?p=28039\"},\"wordCount\":384,\"commentCount\":0,\"publisher\":{\"@id\":\"https:\\\/\\\/l21.mx\\\/#organization\"},\"image\":{\"@id\":\"https:\\\/\\\/l21.mx\\\/?p=28039#primaryimage\"},\"thumbnailUrl\":\"https:\\\/\\\/l21.mx\\\/wp-content\\\/uploads\\\/2017\\\/07\\\/verano.jpg\",\"articleSection\":{\"0\":\"Noticias\",\"2\":\"Turismo\"},\"inLanguage\":\"es\",\"potentialAction\":[{\"@type\":\"CommentAction\",\"name\":\"Comment\",\"target\":[\"https:\\\/\\\/l21.mx\\\/?p=28039#respond\"]}]},{\"@type\":\"WebPage\",\"@id\":\"https:\\\/\\\/l21.mx\\\/?p=28039\",\"url\":\"https:\\\/\\\/l21.mx\\\/?p=28039\",\"name\":\"\u201cVerano al fin\u201d | Revista Latitud 21\",\"isPartOf\":{\"@id\":\"https:\\\/\\\/l21.mx\\\/#website\"},\"primaryImageOfPage\":{\"@id\":\"https:\\\/\\\/l21.mx\\\/?p=28039#primaryimage\"},\"image\":{\"@id\":\"https:\\\/\\\/l21.mx\\\/?p=28039#primaryimage\"},\"thumbnailUrl\":\"https:\\\/\\\/l21.mx\\\/wp-content\\\/uploads\\\/2017\\\/07\\\/verano.jpg\",\"datePublished\":\"2017-07-12T14:56:45+00:00\",\"dateModified\":\"2017-08-07T16:54:15+00:00\",\"description\":\"L21, Emprendedores y Negocios en el Caribe Mexicano, es la revista l\u00edder entre el Sector Empresarial y Tur\u00edstico del Caribe Mexicano.\",\"breadcrumb\":{\"@id\":\"https:\\\/\\\/l21.mx\\\/?p=28039#breadcrumb\"},\"inLanguage\":\"es\",\"potentialAction\":[{\"@type\":\"ReadAction\",\"target\":[\"https:\\\/\\\/l21.mx\\\/?p=28039\"]}]},{\"@type\":\"ImageObject\",\"inLanguage\":\"es\",\"@id\":\"https:\\\/\\\/l21.mx\\\/?p=28039#primaryimage\",\"url\":\"https:\\\/\\\/l21.mx\\\/wp-content\\\/uploads\\\/2017\\\/07\\\/verano.jpg\",\"contentUrl\":\"https:\\\/\\\/l21.mx\\\/wp-content\\\/uploads\\\/2017\\\/07\\\/verano.jpg\",\"width\":1008,\"height\":683},{\"@type\":\"BreadcrumbList\",\"@id\":\"https:\\\/\\\/l21.mx\\\/?p=28039#breadcrumb\",\"itemListElement\":[{\"@type\":\"ListItem\",\"position\":1,\"name\":\"Portada\",\"item\":\"https:\\\/\\\/l21.mx\\\/\"},{\"@type\":\"ListItem\",\"position\":2,\"name\":\"\u201cVerano al fin\u201d\"}]},{\"@type\":\"WebSite\",\"@id\":\"https:\\\/\\\/l21.mx\\\/#website\",\"url\":\"https:\\\/\\\/l21.mx\\\/\",\"name\":\"Revista Latitud 21\",\"description\":\"Emprendedores  y negocios en el Caribe Mexicano\",\"publisher\":{\"@id\":\"https:\\\/\\\/l21.mx\\\/#organization\"},\"potentialAction\":[{\"@type\":\"SearchAction\",\"target\":{\"@type\":\"EntryPoint\",\"urlTemplate\":\"https:\\\/\\\/l21.mx\\\/?s={search_term_string}\"},\"query-input\":{\"@type\":\"PropertyValueSpecification\",\"valueRequired\":true,\"valueName\":\"search_term_string\"}}],\"inLanguage\":\"es\"},{\"@type\":\"Organization\",\"@id\":\"https:\\\/\\\/l21.mx\\\/#organization\",\"name\":\"Grupo Editorial Latitud 21 SA de CV\",\"url\":\"https:\\\/\\\/l21.mx\\\/\",\"logo\":{\"@type\":\"ImageObject\",\"inLanguage\":\"es\",\"@id\":\"https:\\\/\\\/l21.mx\\\/#\\\/schema\\\/logo\\\/image\\\/\",\"url\":\"https:\\\/\\\/l21.mx\\\/wp-content\\\/uploads\\\/2020\\\/10\\\/logo-l21-baja.jpg\",\"contentUrl\":\"https:\\\/\\\/l21.mx\\\/wp-content\\\/uploads\\\/2020\\\/10\\\/logo-l21-baja.jpg\",\"width\":250,\"height\":250,\"caption\":\"Grupo Editorial Latitud 21 SA de CV\"},\"image\":{\"@id\":\"https:\\\/\\\/l21.mx\\\/#\\\/schema\\\/logo\\\/image\\\/\"},\"sameAs\":[\"https:\\\/\\\/www.facebook.com\\\/RevistaLatitud21\\\/\",\"https:\\\/\\\/x.com\\\/Latitud21mx\"]},{\"@type\":\"Person\",\"@id\":\"https:\\\/\\\/l21.mx\\\/#\\\/schema\\\/person\\\/4b571cc212089f95579f3b66253728f1\",\"name\":\"Latitud21 Redacci\u00f3n\",\"url\":\"https:\\\/\\\/l21.mx\\\/?author=2\"}]}<\/script>\n<!-- \/ Yoast SEO plugin. -->","yoast_head_json":{"title":"\u201cVerano al fin\u201d | Revista Latitud 21","description":"L21, Emprendedores y Negocios en el Caribe Mexicano, es la revista l\u00edder entre el Sector Empresarial y Tur\u00edstico del Caribe Mexicano.","robots":{"index":"index","follow":"follow","max-snippet":"max-snippet:-1","max-image-preview":"max-image-preview:large","max-video-preview":"max-video-preview:-1"},"canonical":"https:\/\/l21.mx\/?p=28039","twitter_card":"summary_large_image","twitter_title":"\u201cVerano al fin\u201d | Revista Latitud 21","twitter_description":"L21, Emprendedores y Negocios en el Caribe Mexicano, es la revista l\u00edder entre el Sector Empresarial y Tur\u00edstico del Caribe Mexicano.","twitter_image":"https:\/\/l21.mx\/wp-content\/uploads\/2017\/07\/verano.jpg","twitter_creator":"@Latitud21mx","twitter_site":"@Latitud21mx","twitter_misc":{"Escrito por":"Latitud21 Redacci\u00f3n","Tiempo de lectura":"2 minutos"},"schema":{"@context":"https:\/\/schema.org","@graph":[{"@type":"Article","@id":"https:\/\/l21.mx\/?p=28039#article","isPartOf":{"@id":"https:\/\/l21.mx\/?p=28039"},"author":{"name":"Latitud21 Redacci\u00f3n","@id":"https:\/\/l21.mx\/#\/schema\/person\/4b571cc212089f95579f3b66253728f1"},"headline":"\u201cVerano al fin\u201d","datePublished":"2017-07-12T14:56:45+00:00","dateModified":"2017-08-07T16:54:15+00:00","mainEntityOfPage":{"@id":"https:\/\/l21.mx\/?p=28039"},"wordCount":384,"commentCount":0,"publisher":{"@id":"https:\/\/l21.mx\/#organization"},"image":{"@id":"https:\/\/l21.mx\/?p=28039#primaryimage"},"thumbnailUrl":"https:\/\/l21.mx\/wp-content\/uploads\/2017\/07\/verano.jpg","articleSection":{"0":"Noticias","2":"Turismo"},"inLanguage":"es","potentialAction":[{"@type":"CommentAction","name":"Comment","target":["https:\/\/l21.mx\/?p=28039#respond"]}]},{"@type":"WebPage","@id":"https:\/\/l21.mx\/?p=28039","url":"https:\/\/l21.mx\/?p=28039","name":"\u201cVerano al fin\u201d | Revista Latitud 21","isPartOf":{"@id":"https:\/\/l21.mx\/#website"},"primaryImageOfPage":{"@id":"https:\/\/l21.mx\/?p=28039#primaryimage"},"image":{"@id":"https:\/\/l21.mx\/?p=28039#primaryimage"},"thumbnailUrl":"https:\/\/l21.mx\/wp-content\/uploads\/2017\/07\/verano.jpg","datePublished":"2017-07-12T14:56:45+00:00","dateModified":"2017-08-07T16:54:15+00:00","description":"L21, Emprendedores y Negocios en el Caribe Mexicano, es la revista l\u00edder entre el Sector Empresarial y Tur\u00edstico del Caribe Mexicano.","breadcrumb":{"@id":"https:\/\/l21.mx\/?p=28039#breadcrumb"},"inLanguage":"es","potentialAction":[{"@type":"ReadAction","target":["https:\/\/l21.mx\/?p=28039"]}]},{"@type":"ImageObject","inLanguage":"es","@id":"https:\/\/l21.mx\/?p=28039#primaryimage","url":"https:\/\/l21.mx\/wp-content\/uploads\/2017\/07\/verano.jpg","contentUrl":"https:\/\/l21.mx\/wp-content\/uploads\/2017\/07\/verano.jpg","width":1008,"height":683},{"@type":"BreadcrumbList","@id":"https:\/\/l21.mx\/?p=28039#breadcrumb","itemListElement":[{"@type":"ListItem","position":1,"name":"Portada","item":"https:\/\/l21.mx\/"},{"@type":"ListItem","position":2,"name":"\u201cVerano al fin\u201d"}]},{"@type":"WebSite","@id":"https:\/\/l21.mx\/#website","url":"https:\/\/l21.mx\/","name":"Revista Latitud 21","description":"Emprendedores  y negocios en el Caribe Mexicano","publisher":{"@id":"https:\/\/l21.mx\/#organization"},"potentialAction":[{"@type":"SearchAction","target":{"@type":"EntryPoint","urlTemplate":"https:\/\/l21.mx\/?s={search_term_string}"},"query-input":{"@type":"PropertyValueSpecification","valueRequired":true,"valueName":"search_term_string"}}],"inLanguage":"es"},{"@type":"Organization","@id":"https:\/\/l21.mx\/#organization","name":"Grupo Editorial Latitud 21 SA de CV","url":"https:\/\/l21.mx\/","logo":{"@type":"ImageObject","inLanguage":"es","@id":"https:\/\/l21.mx\/#\/schema\/logo\/image\/","url":"https:\/\/l21.mx\/wp-content\/uploads\/2020\/10\/logo-l21-baja.jpg","contentUrl":"https:\/\/l21.mx\/wp-content\/uploads\/2020\/10\/logo-l21-baja.jpg","width":250,"height":250,"caption":"Grupo Editorial Latitud 21 SA de CV"},"image":{"@id":"https:\/\/l21.mx\/#\/schema\/logo\/image\/"},"sameAs":["https:\/\/www.facebook.com\/RevistaLatitud21\/","https:\/\/x.com\/Latitud21mx"]},{"@type":"Person","@id":"https:\/\/l21.mx\/#\/schema\/person\/4b571cc212089f95579f3b66253728f1","name":"Latitud21 Redacci\u00f3n","url":"https:\/\/l21.mx\/?author=2"}]}},"amp_enabled":true,"_links":{"self":[{"href":"https:\/\/l21.mx\/index.php?rest_route=\/wp\/v2\/posts\/28039","targetHints":{"allow":["GET"]}}],"collection":[{"href":"https:\/\/l21.mx\/index.php?rest_route=\/wp\/v2\/posts"}],"about":[{"href":"https:\/\/l21.mx\/index.php?rest_route=\/wp\/v2\/types\/post"}],"author":[{"embeddable":true,"href":"https:\/\/l21.mx\/index.php?rest_route=\/wp\/v2\/users\/2"}],"replies":[{"embeddable":true,"href":"https:\/\/l21.mx\/index.php?rest_route=%2Fwp%2Fv2%2Fcomments&post=28039"}],"version-history":[{"count":0,"href":"https:\/\/l21.mx\/index.php?rest_route=\/wp\/v2\/posts\/28039\/revisions"}],"wp:featuredmedia":[{"embeddable":true,"href":"https:\/\/l21.mx\/index.php?rest_route=\/wp\/v2\/media\/28049"}],"wp:attachment":[{"href":"https:\/\/l21.mx\/index.php?rest_route=%2Fwp%2Fv2%2Fmedia&parent=28039"}],"wp:term":[{"taxonomy":"category","embeddable":true,"href":"https:\/\/l21.mx\/index.php?rest_route=%2Fwp%2Fv2%2Fcategories&post=28039"},{"taxonomy":"post_tag","embeddable":true,"href":"https:\/\/l21.mx\/index.php?rest_route=%2Fwp%2Fv2%2Ftags&post=28039"}],"curies":[{"name":"wp","href":"https:\/\/api.w.org\/{rel}","templated":true}]}}