{"id":28123,"date":"2017-07-24T11:44:34","date_gmt":"2017-07-24T16:44:34","guid":{"rendered":"http:\/\/innovatori.space\/lat21\/?p=28123"},"modified":"2017-08-07T11:53:37","modified_gmt":"2017-08-07T16:53:37","slug":"primer-foro-internacional-de-turismo-sustentable-en-islas-fitsi-2017","status":"publish","type":"post","link":"https:\/\/l21.mx\/?p=28123","title":{"rendered":"Primer Foro Internacional de Turismo Sustentable en Islas FITSI 2017"},"content":{"rendered":"<div class=\"pcrstb-wrap\"><table border=\"0\" width=\"352\" cellspacing=\"0\" cellpadding=\"0\" align=\"left\">\n<tbody>\n<tr>\n<td valign=\"top\">\n<div>\n<p><strong><img fetchpriority=\"high\" decoding=\"async\" class=\"alignnone size-large\" src=\"https:\/\/scontent.fcjs3-1.fna.fbcdn.net\/v\/t31.0-8\/19390569_1212437218883957_4504705538991253872_o.jpg?oh=dd70306035a4fc5dcab0744f03ffbaef&amp;oe=59F0D9BF\" width=\"1181\" height=\"591\" \/><\/strong><\/p>\n<p>Del 06 al 09 de Septiembre de 2017, el Foro Internacional de Turismo Sustentable en Islas (FITSI) ser\u00e1 una oportunidad para que actores clave que habitan en islas alrededor del mundo debatan y compartan acerca de los retos, oportunidades y modelos exitosos de desarrollo sustentable de la actividad tur\u00edstica en los ejes de: Econom\u00eda, Seguridad Protecci\u00f3n, Transparencia, Calidad de Vida y Ambiente<\/p>\n<\/div>\n<div><a href=\"http:\/\/rivieramaya.us11.list-manage.com\/track\/click?u=0815a39864988027357468699&amp;id=2dbb115501&amp;e=2ac7467566\" target=\"_blank\" rel=\"noopener\">M\u00e1s informaci\u00f3n<\/a><\/div>\n<\/td>\n<\/tr>\n<\/tbody>\n<\/table><\/div>\n","protected":false},"excerpt":{"rendered":"<p>Del 06 al 09 de Septiembre de 2017, el Foro Internacional de Turismo Sustentable en Islas&hellip;<\/p>\n","protected":false},"author":2,"featured_media":0,"comment_status":"open","ping_status":"open","sticky":false,"template":"","format":"standard","meta":{"_acf_changed":false,"_lmt_disableupdate":"","_lmt_disable":"","_mbp_gutenberg_autopost":false,"footnotes":""},"categories":[23,8],"tags":[],"class_list":["post-28123","post","type-post","status-publish","format-standard","hentry","category-noticias","category-turismo"],"acf":[],"yoast_head":"<!-- This site is optimized with the Yoast SEO plugin v27.3 - https:\/\/yoast.com\/product\/yoast-seo-wordpress\/ -->\n<title>Primer Foro Internacional de Turismo Sustentable en Islas FITSI 2017 | Revista Latitud 21<\/title>\n<meta name=\"description\" content=\"L21, Emprendedores y Negocios en el Caribe Mexicano, es la revista l\u00edder entre el Sector Empresarial y Tur\u00edstico del Caribe Mexicano.\" \/>\n<meta name=\"robots\" content=\"index, follow, max-snippet:-1, max-image-preview:large, max-video-preview:-1\" \/>\n<link rel=\"canonical\" href=\"https:\/\/l21.mx\/?p=28123\" \/>\n<meta name=\"twitter:card\" content=\"summary_large_image\" \/>\n<meta name=\"twitter:title\" content=\"Primer Foro Internacional de Turismo Sustentable en Islas FITSI 2017 | Revista Latitud 21\" \/>\n<meta name=\"twitter:description\" content=\"L21, Emprendedores y Negocios en el Caribe Mexicano, es la revista l\u00edder entre el Sector Empresarial y Tur\u00edstico del Caribe Mexicano.\" \/>\n<meta name=\"twitter:image\" content=\"https:\/\/scontent.fcjs3-1.fna.fbcdn.net\/v\/t31.0-8\/19390569_1212437218883957_4504705538991253872_o.jpg?oh=dd70306035a4fc5dcab0744f03ffbaef&amp;oe=59F0D9BF\" \/>\n<meta name=\"twitter:creator\" content=\"@Latitud21mx\" \/>\n<meta name=\"twitter:site\" content=\"@Latitud21mx\" \/>\n<meta name=\"twitter:label1\" content=\"Escrito por\" \/>\n\t<meta name=\"twitter:data1\" content=\"Latitud21 Redacci\u00f3n\" \/>\n<script type=\"application\/ld+json\" class=\"yoast-schema-graph\">{\"@context\":\"https:\\\/\\\/schema.org\",\"@graph\":[{\"@type\":\"Article\",\"@id\":\"https:\\\/\\\/l21.mx\\\/?p=28123#article\",\"isPartOf\":{\"@id\":\"https:\\\/\\\/l21.mx\\\/?p=28123\"},\"author\":{\"name\":\"Latitud21 Redacci\u00f3n\",\"@id\":\"https:\\\/\\\/l21.mx\\\/#\\\/schema\\\/person\\\/4b571cc212089f95579f3b66253728f1\"},\"headline\":\"Primer Foro Internacional de Turismo Sustentable en Islas FITSI 2017\",\"datePublished\":\"2017-07-24T16:44:34+00:00\",\"dateModified\":\"2017-08-07T16:53:37+00:00\",\"mainEntityOfPage\":{\"@id\":\"https:\\\/\\\/l21.mx\\\/?p=28123\"},\"wordCount\":75,\"commentCount\":0,\"publisher\":{\"@id\":\"https:\\\/\\\/l21.mx\\\/#organization\"},\"image\":{\"@id\":\"https:\\\/\\\/l21.mx\\\/?p=28123#primaryimage\"},\"thumbnailUrl\":\"https:\\\/\\\/scontent.fcjs3-1.fna.fbcdn.net\\\/v\\\/t31.0-8\\\/19390569_1212437218883957_4504705538991253872_o.jpg?oh=dd70306035a4fc5dcab0744f03ffbaef&amp;oe=59F0D9BF\",\"articleSection\":[\"Noticias\",\"Turismo\"],\"inLanguage\":\"es\",\"potentialAction\":[{\"@type\":\"CommentAction\",\"name\":\"Comment\",\"target\":[\"https:\\\/\\\/l21.mx\\\/?p=28123#respond\"]}]},{\"@type\":\"WebPage\",\"@id\":\"https:\\\/\\\/l21.mx\\\/?p=28123\",\"url\":\"https:\\\/\\\/l21.mx\\\/?p=28123\",\"name\":\"Primer Foro Internacional de Turismo Sustentable en Islas FITSI 2017 | Revista Latitud 21\",\"isPartOf\":{\"@id\":\"https:\\\/\\\/l21.mx\\\/#website\"},\"primaryImageOfPage\":{\"@id\":\"https:\\\/\\\/l21.mx\\\/?p=28123#primaryimage\"},\"image\":{\"@id\":\"https:\\\/\\\/l21.mx\\\/?p=28123#primaryimage\"},\"thumbnailUrl\":\"https:\\\/\\\/scontent.fcjs3-1.fna.fbcdn.net\\\/v\\\/t31.0-8\\\/19390569_1212437218883957_4504705538991253872_o.jpg?oh=dd70306035a4fc5dcab0744f03ffbaef&amp;oe=59F0D9BF\",\"datePublished\":\"2017-07-24T16:44:34+00:00\",\"dateModified\":\"2017-08-07T16:53:37+00:00\",\"description\":\"L21, Emprendedores y Negocios en el Caribe Mexicano, es la revista l\u00edder entre el Sector Empresarial y Tur\u00edstico del Caribe Mexicano.\",\"breadcrumb\":{\"@id\":\"https:\\\/\\\/l21.mx\\\/?p=28123#breadcrumb\"},\"inLanguage\":\"es\",\"potentialAction\":[{\"@type\":\"ReadAction\",\"target\":[\"https:\\\/\\\/l21.mx\\\/?p=28123\"]}]},{\"@type\":\"ImageObject\",\"inLanguage\":\"es\",\"@id\":\"https:\\\/\\\/l21.mx\\\/?p=28123#primaryimage\",\"url\":\"https:\\\/\\\/scontent.fcjs3-1.fna.fbcdn.net\\\/v\\\/t31.0-8\\\/19390569_1212437218883957_4504705538991253872_o.jpg?oh=dd70306035a4fc5dcab0744f03ffbaef&amp;oe=59F0D9BF\",\"contentUrl\":\"https:\\\/\\\/scontent.fcjs3-1.fna.fbcdn.net\\\/v\\\/t31.0-8\\\/19390569_1212437218883957_4504705538991253872_o.jpg?oh=dd70306035a4fc5dcab0744f03ffbaef&amp;oe=59F0D9BF\"},{\"@type\":\"BreadcrumbList\",\"@id\":\"https:\\\/\\\/l21.mx\\\/?p=28123#breadcrumb\",\"itemListElement\":[{\"@type\":\"ListItem\",\"position\":1,\"name\":\"Portada\",\"item\":\"https:\\\/\\\/l21.mx\\\/\"},{\"@type\":\"ListItem\",\"position\":2,\"name\":\"Primer Foro Internacional de Turismo Sustentable en Islas FITSI 2017\"}]},{\"@type\":\"WebSite\",\"@id\":\"https:\\\/\\\/l21.mx\\\/#website\",\"url\":\"https:\\\/\\\/l21.mx\\\/\",\"name\":\"Revista Latitud 21\",\"description\":\"Emprendedores  y negocios en el Caribe Mexicano\",\"publisher\":{\"@id\":\"https:\\\/\\\/l21.mx\\\/#organization\"},\"potentialAction\":[{\"@type\":\"SearchAction\",\"target\":{\"@type\":\"EntryPoint\",\"urlTemplate\":\"https:\\\/\\\/l21.mx\\\/?s={search_term_string}\"},\"query-input\":{\"@type\":\"PropertyValueSpecification\",\"valueRequired\":true,\"valueName\":\"search_term_string\"}}],\"inLanguage\":\"es\"},{\"@type\":\"Organization\",\"@id\":\"https:\\\/\\\/l21.mx\\\/#organization\",\"name\":\"Grupo Editorial Latitud 21 SA de CV\",\"url\":\"https:\\\/\\\/l21.mx\\\/\",\"logo\":{\"@type\":\"ImageObject\",\"inLanguage\":\"es\",\"@id\":\"https:\\\/\\\/l21.mx\\\/#\\\/schema\\\/logo\\\/image\\\/\",\"url\":\"https:\\\/\\\/l21.mx\\\/wp-content\\\/uploads\\\/2020\\\/10\\\/logo-l21-baja.jpg\",\"contentUrl\":\"https:\\\/\\\/l21.mx\\\/wp-content\\\/uploads\\\/2020\\\/10\\\/logo-l21-baja.jpg\",\"width\":250,\"height\":250,\"caption\":\"Grupo Editorial Latitud 21 SA de CV\"},\"image\":{\"@id\":\"https:\\\/\\\/l21.mx\\\/#\\\/schema\\\/logo\\\/image\\\/\"},\"sameAs\":[\"https:\\\/\\\/www.facebook.com\\\/RevistaLatitud21\\\/\",\"https:\\\/\\\/x.com\\\/Latitud21mx\"]},{\"@type\":\"Person\",\"@id\":\"https:\\\/\\\/l21.mx\\\/#\\\/schema\\\/person\\\/4b571cc212089f95579f3b66253728f1\",\"name\":\"Latitud21 Redacci\u00f3n\",\"url\":\"https:\\\/\\\/l21.mx\\\/?author=2\"}]}<\/script>\n<!-- \/ Yoast SEO plugin. -->","yoast_head_json":{"title":"Primer Foro Internacional de Turismo Sustentable en Islas FITSI 2017 | Revista Latitud 21","description":"L21, Emprendedores y Negocios en el Caribe Mexicano, es la revista l\u00edder entre el Sector Empresarial y Tur\u00edstico del Caribe Mexicano.","robots":{"index":"index","follow":"follow","max-snippet":"max-snippet:-1","max-image-preview":"max-image-preview:large","max-video-preview":"max-video-preview:-1"},"canonical":"https:\/\/l21.mx\/?p=28123","twitter_card":"summary_large_image","twitter_title":"Primer Foro Internacional de Turismo Sustentable en Islas FITSI 2017 | Revista Latitud 21","twitter_description":"L21, Emprendedores y Negocios en el Caribe Mexicano, es la revista l\u00edder entre el Sector Empresarial y Tur\u00edstico del Caribe Mexicano.","twitter_image":"https:\/\/scontent.fcjs3-1.fna.fbcdn.net\/v\/t31.0-8\/19390569_1212437218883957_4504705538991253872_o.jpg?oh=dd70306035a4fc5dcab0744f03ffbaef&amp;oe=59F0D9BF","twitter_creator":"@Latitud21mx","twitter_site":"@Latitud21mx","twitter_misc":{"Escrito por":"Latitud21 Redacci\u00f3n"},"schema":{"@context":"https:\/\/schema.org","@graph":[{"@type":"Article","@id":"https:\/\/l21.mx\/?p=28123#article","isPartOf":{"@id":"https:\/\/l21.mx\/?p=28123"},"author":{"name":"Latitud21 Redacci\u00f3n","@id":"https:\/\/l21.mx\/#\/schema\/person\/4b571cc212089f95579f3b66253728f1"},"headline":"Primer Foro Internacional de Turismo Sustentable en Islas FITSI 2017","datePublished":"2017-07-24T16:44:34+00:00","dateModified":"2017-08-07T16:53:37+00:00","mainEntityOfPage":{"@id":"https:\/\/l21.mx\/?p=28123"},"wordCount":75,"commentCount":0,"publisher":{"@id":"https:\/\/l21.mx\/#organization"},"image":{"@id":"https:\/\/l21.mx\/?p=28123#primaryimage"},"thumbnailUrl":"https:\/\/scontent.fcjs3-1.fna.fbcdn.net\/v\/t31.0-8\/19390569_1212437218883957_4504705538991253872_o.jpg?oh=dd70306035a4fc5dcab0744f03ffbaef&amp;oe=59F0D9BF","articleSection":["Noticias","Turismo"],"inLanguage":"es","potentialAction":[{"@type":"CommentAction","name":"Comment","target":["https:\/\/l21.mx\/?p=28123#respond"]}]},{"@type":"WebPage","@id":"https:\/\/l21.mx\/?p=28123","url":"https:\/\/l21.mx\/?p=28123","name":"Primer Foro Internacional de Turismo Sustentable en Islas FITSI 2017 | Revista Latitud 21","isPartOf":{"@id":"https:\/\/l21.mx\/#website"},"primaryImageOfPage":{"@id":"https:\/\/l21.mx\/?p=28123#primaryimage"},"image":{"@id":"https:\/\/l21.mx\/?p=28123#primaryimage"},"thumbnailUrl":"https:\/\/scontent.fcjs3-1.fna.fbcdn.net\/v\/t31.0-8\/19390569_1212437218883957_4504705538991253872_o.jpg?oh=dd70306035a4fc5dcab0744f03ffbaef&amp;oe=59F0D9BF","datePublished":"2017-07-24T16:44:34+00:00","dateModified":"2017-08-07T16:53:37+00:00","description":"L21, Emprendedores y Negocios en el Caribe Mexicano, es la revista l\u00edder entre el Sector Empresarial y Tur\u00edstico del Caribe Mexicano.","breadcrumb":{"@id":"https:\/\/l21.mx\/?p=28123#breadcrumb"},"inLanguage":"es","potentialAction":[{"@type":"ReadAction","target":["https:\/\/l21.mx\/?p=28123"]}]},{"@type":"ImageObject","inLanguage":"es","@id":"https:\/\/l21.mx\/?p=28123#primaryimage","url":"https:\/\/scontent.fcjs3-1.fna.fbcdn.net\/v\/t31.0-8\/19390569_1212437218883957_4504705538991253872_o.jpg?oh=dd70306035a4fc5dcab0744f03ffbaef&amp;oe=59F0D9BF","contentUrl":"https:\/\/scontent.fcjs3-1.fna.fbcdn.net\/v\/t31.0-8\/19390569_1212437218883957_4504705538991253872_o.jpg?oh=dd70306035a4fc5dcab0744f03ffbaef&amp;oe=59F0D9BF"},{"@type":"BreadcrumbList","@id":"https:\/\/l21.mx\/?p=28123#breadcrumb","itemListElement":[{"@type":"ListItem","position":1,"name":"Portada","item":"https:\/\/l21.mx\/"},{"@type":"ListItem","position":2,"name":"Primer Foro Internacional de Turismo Sustentable en Islas FITSI 2017"}]},{"@type":"WebSite","@id":"https:\/\/l21.mx\/#website","url":"https:\/\/l21.mx\/","name":"Revista Latitud 21","description":"Emprendedores  y negocios en el Caribe Mexicano","publisher":{"@id":"https:\/\/l21.mx\/#organization"},"potentialAction":[{"@type":"SearchAction","target":{"@type":"EntryPoint","urlTemplate":"https:\/\/l21.mx\/?s={search_term_string}"},"query-input":{"@type":"PropertyValueSpecification","valueRequired":true,"valueName":"search_term_string"}}],"inLanguage":"es"},{"@type":"Organization","@id":"https:\/\/l21.mx\/#organization","name":"Grupo Editorial Latitud 21 SA de CV","url":"https:\/\/l21.mx\/","logo":{"@type":"ImageObject","inLanguage":"es","@id":"https:\/\/l21.mx\/#\/schema\/logo\/image\/","url":"https:\/\/l21.mx\/wp-content\/uploads\/2020\/10\/logo-l21-baja.jpg","contentUrl":"https:\/\/l21.mx\/wp-content\/uploads\/2020\/10\/logo-l21-baja.jpg","width":250,"height":250,"caption":"Grupo Editorial Latitud 21 SA de CV"},"image":{"@id":"https:\/\/l21.mx\/#\/schema\/logo\/image\/"},"sameAs":["https:\/\/www.facebook.com\/RevistaLatitud21\/","https:\/\/x.com\/Latitud21mx"]},{"@type":"Person","@id":"https:\/\/l21.mx\/#\/schema\/person\/4b571cc212089f95579f3b66253728f1","name":"Latitud21 Redacci\u00f3n","url":"https:\/\/l21.mx\/?author=2"}]}},"amp_enabled":true,"_links":{"self":[{"href":"https:\/\/l21.mx\/index.php?rest_route=\/wp\/v2\/posts\/28123","targetHints":{"allow":["GET"]}}],"collection":[{"href":"https:\/\/l21.mx\/index.php?rest_route=\/wp\/v2\/posts"}],"about":[{"href":"https:\/\/l21.mx\/index.php?rest_route=\/wp\/v2\/types\/post"}],"author":[{"embeddable":true,"href":"https:\/\/l21.mx\/index.php?rest_route=\/wp\/v2\/users\/2"}],"replies":[{"embeddable":true,"href":"https:\/\/l21.mx\/index.php?rest_route=%2Fwp%2Fv2%2Fcomments&post=28123"}],"version-history":[{"count":0,"href":"https:\/\/l21.mx\/index.php?rest_route=\/wp\/v2\/posts\/28123\/revisions"}],"wp:attachment":[{"href":"https:\/\/l21.mx\/index.php?rest_route=%2Fwp%2Fv2%2Fmedia&parent=28123"}],"wp:term":[{"taxonomy":"category","embeddable":true,"href":"https:\/\/l21.mx\/index.php?rest_route=%2Fwp%2Fv2%2Fcategories&post=28123"},{"taxonomy":"post_tag","embeddable":true,"href":"https:\/\/l21.mx\/index.php?rest_route=%2Fwp%2Fv2%2Ftags&post=28123"}],"curies":[{"name":"wp","href":"https:\/\/api.w.org\/{rel}","templated":true}]}}