{"id":28180,"date":"2017-07-31T09:44:14","date_gmt":"2017-07-31T14:44:14","guid":{"rendered":"http:\/\/innovatori.space\/lat21\/?p=28180"},"modified":"2018-11-09T12:55:03","modified_gmt":"2018-11-09T17:55:03","slug":"%e2%ac%87%e2%ac%87-lola-limon","status":"publish","type":"post","link":"https:\/\/l21.mx\/?p=28180","title":{"rendered":"\u2b07\u2b07 Lola Lim\u00f3n"},"content":{"rendered":"<p><a href=\"http:\/\/l21.mx\/wp-content\/uploads\/2017\/07\/Lola-Lim\u00f3n.jpg\" data-rel=\"penci-gallery-image-content\" ><img fetchpriority=\"high\" decoding=\"async\" class=\"aligncenter size-large wp-image-28181\" src=\"http:\/\/l21.mx\/wp-content\/uploads\/2017\/07\/Lola-Lim\u00f3n-1024x682.jpg\" alt=\"\" width=\"1024\" height=\"682\" srcset=\"https:\/\/l21.mx\/wp-content\/uploads\/2017\/07\/Lola-Lim\u00f3n-1024x682.jpg 1024w, https:\/\/l21.mx\/wp-content\/uploads\/2017\/07\/Lola-Lim\u00f3n-300x200.jpg 300w, https:\/\/l21.mx\/wp-content\/uploads\/2017\/07\/Lola-Lim\u00f3n-768x512.jpg 768w, https:\/\/l21.mx\/wp-content\/uploads\/2017\/07\/Lola-Lim\u00f3n-585x390.jpg 585w, https:\/\/l21.mx\/wp-content\/uploads\/2017\/07\/Lola-Lim\u00f3n-263x175.jpg 263w, https:\/\/l21.mx\/wp-content\/uploads\/2017\/07\/Lola-Lim\u00f3n.jpg 1091w\" sizes=\"(max-width: 1024px) 100vw, 1024px\" \/><\/a><\/p>\n<p>El restaurante de cocina fusi\u00f3n mexicana cierra sus puertas tras incursionar en Canc\u00fan con su primera sucursal, en la que ofrec\u00eda variedad de desayunos y comidas. Se ubicaba en Blvd. Luis Donaldo Colosio, centro comercial Pabell\u00f3n Cumbres.<\/p>\n","protected":false},"excerpt":{"rendered":"<p>El restaurante de cocina fusi\u00f3n mexicana cierra sus puertas tras incursionar en Canc\u00fan con su primera&hellip;<\/p>\n","protected":false},"author":69,"featured_media":28181,"comment_status":"open","ping_status":"open","sticky":false,"template":"","format":"standard","meta":{"_acf_changed":false,"_lmt_disableupdate":"","_lmt_disable":"","_mbp_gutenberg_autopost":false,"footnotes":""},"categories":[10],"tags":[],"class_list":["post-28180","post","type-post","status-publish","format-standard","has-post-thumbnail","hentry","category-sube-y-baja"],"acf":[],"_links":{"self":[{"href":"https:\/\/l21.mx\/index.php?rest_route=\/wp\/v2\/posts\/28180","targetHints":{"allow":["GET"]}}],"collection":[{"href":"https:\/\/l21.mx\/index.php?rest_route=\/wp\/v2\/posts"}],"about":[{"href":"https:\/\/l21.mx\/index.php?rest_route=\/wp\/v2\/types\/post"}],"author":[{"embeddable":true,"href":"https:\/\/l21.mx\/index.php?rest_route=\/wp\/v2\/users\/69"}],"replies":[{"embeddable":true,"href":"https:\/\/l21.mx\/index.php?rest_route=%2Fwp%2Fv2%2Fcomments&post=28180"}],"version-history":[{"count":0,"href":"https:\/\/l21.mx\/index.php?rest_route=\/wp\/v2\/posts\/28180\/revisions"}],"wp:featuredmedia":[{"embeddable":true,"href":"https:\/\/l21.mx\/index.php?rest_route=\/wp\/v2\/media\/28181"}],"wp:attachment":[{"href":"https:\/\/l21.mx\/index.php?rest_route=%2Fwp%2Fv2%2Fmedia&parent=28180"}],"wp:term":[{"taxonomy":"category","embeddable":true,"href":"https:\/\/l21.mx\/index.php?rest_route=%2Fwp%2Fv2%2Fcategories&post=28180"},{"taxonomy":"post_tag","embeddable":true,"href":"https:\/\/l21.mx\/index.php?rest_route=%2Fwp%2Fv2%2Ftags&post=28180"}],"curies":[{"name":"wp","href":"https:\/\/api.w.org\/{rel}","templated":true}]}}