{"id":28187,"date":"2017-07-31T09:50:28","date_gmt":"2017-07-31T14:50:28","guid":{"rendered":"http:\/\/innovatori.space\/lat21\/?p=28187"},"modified":"2018-11-09T12:54:53","modified_gmt":"2018-11-09T17:54:53","slug":"sfera","status":"publish","type":"post","link":"https:\/\/l21.mx\/?p=28187","title":{"rendered":"\u2b06\u2b06 Sfera"},"content":{"rendered":"<p><a href=\"http:\/\/l21.mx\/wp-content\/uploads\/2017\/07\/sfera.jpg\" data-rel=\"penci-gallery-image-content\" ><img fetchpriority=\"high\" decoding=\"async\" class=\"aligncenter size-large wp-image-28188\" src=\"http:\/\/l21.mx\/wp-content\/uploads\/2017\/07\/sfera-1024x682.jpg\" alt=\"\" width=\"1024\" height=\"682\" srcset=\"https:\/\/l21.mx\/wp-content\/uploads\/2017\/07\/sfera-1024x682.jpg 1024w, https:\/\/l21.mx\/wp-content\/uploads\/2017\/07\/sfera-300x200.jpg 300w, https:\/\/l21.mx\/wp-content\/uploads\/2017\/07\/sfera-768x512.jpg 768w, https:\/\/l21.mx\/wp-content\/uploads\/2017\/07\/sfera-1170x779.jpg 1170w, https:\/\/l21.mx\/wp-content\/uploads\/2017\/07\/sfera-585x390.jpg 585w, https:\/\/l21.mx\/wp-content\/uploads\/2017\/07\/sfera-263x175.jpg 263w, https:\/\/l21.mx\/wp-content\/uploads\/2017\/07\/sfera.jpg 1498w\" sizes=\"(max-width: 1024px) 100vw, 1024px\" \/><\/a><\/p>\n<p>La <strong>cadena\u00a0 espa\u00f1ola<\/strong> de boutiques abri\u00f3 en<strong> Canc\u00fan<\/strong> la sucursal n\u00famero 40\u00a0 en el pa\u00eds. La tienda pone a disposici\u00f3n, en los dos niveles del local, ropa de temporada para mujeres, hombres y ni\u00f1os inspirada en las \u00faltimas tendencias de la moda. Superficie, 400 m2. Gener\u00f3 13 empleos directos y m\u00e1s de 20 indirectos .Blvd. Kukulc\u00e1n Km 1.5, zona hotelera, local A 12, <strong>Marina Town Center Puerto Canc\u00fan<\/strong>. Tel. (998) 217-14-30. Correo electr\u00f3nico:\u00a0 puertocancunsf@acorteingles.es , www.sfera.com , Facebook:sferaoficial.<\/p>\n","protected":false},"excerpt":{"rendered":"<p>La cadena\u00a0 espa\u00f1ola de boutiques abri\u00f3 en Canc\u00fan la sucursal n\u00famero 40\u00a0 en el pa\u00eds. La&hellip;<\/p>\n","protected":false},"author":69,"featured_media":28188,"comment_status":"open","ping_status":"open","sticky":false,"template":"","format":"standard","meta":{"_acf_changed":false,"_lmt_disableupdate":"","_lmt_disable":"","_mbp_gutenberg_autopost":false,"footnotes":""},"categories":[10],"tags":[],"class_list":["post-28187","post","type-post","status-publish","format-standard","has-post-thumbnail","hentry","category-sube-y-baja"],"acf":[],"_links":{"self":[{"href":"https:\/\/l21.mx\/index.php?rest_route=\/wp\/v2\/posts\/28187","targetHints":{"allow":["GET"]}}],"collection":[{"href":"https:\/\/l21.mx\/index.php?rest_route=\/wp\/v2\/posts"}],"about":[{"href":"https:\/\/l21.mx\/index.php?rest_route=\/wp\/v2\/types\/post"}],"author":[{"embeddable":true,"href":"https:\/\/l21.mx\/index.php?rest_route=\/wp\/v2\/users\/69"}],"replies":[{"embeddable":true,"href":"https:\/\/l21.mx\/index.php?rest_route=%2Fwp%2Fv2%2Fcomments&post=28187"}],"version-history":[{"count":0,"href":"https:\/\/l21.mx\/index.php?rest_route=\/wp\/v2\/posts\/28187\/revisions"}],"wp:featuredmedia":[{"embeddable":true,"href":"https:\/\/l21.mx\/index.php?rest_route=\/wp\/v2\/media\/28188"}],"wp:attachment":[{"href":"https:\/\/l21.mx\/index.php?rest_route=%2Fwp%2Fv2%2Fmedia&parent=28187"}],"wp:term":[{"taxonomy":"category","embeddable":true,"href":"https:\/\/l21.mx\/index.php?rest_route=%2Fwp%2Fv2%2Fcategories&post=28187"},{"taxonomy":"post_tag","embeddable":true,"href":"https:\/\/l21.mx\/index.php?rest_route=%2Fwp%2Fv2%2Ftags&post=28187"}],"curies":[{"name":"wp","href":"https:\/\/api.w.org\/{rel}","templated":true}]}}