{"id":28191,"date":"2017-07-31T09:52:09","date_gmt":"2017-07-31T14:52:09","guid":{"rendered":"http:\/\/innovatori.space\/lat21\/?p=28191"},"modified":"2018-11-09T12:54:47","modified_gmt":"2018-11-09T17:54:47","slug":"nex-offices","status":"publish","type":"post","link":"https:\/\/l21.mx\/?p=28191","title":{"rendered":"\u2b06\u2b06 Nex Offices"},"content":{"rendered":"<p><a href=\"http:\/\/l21.mx\/wp-content\/uploads\/2017\/07\/Nex-Offices.jpg\" data-rel=\"penci-gallery-image-content\" ><img fetchpriority=\"high\" decoding=\"async\" class=\"aligncenter size-large wp-image-28192\" src=\"http:\/\/l21.mx\/wp-content\/uploads\/2017\/07\/Nex-Offices-1024x683.jpg\" alt=\"\" width=\"1024\" height=\"683\" srcset=\"https:\/\/l21.mx\/wp-content\/uploads\/2017\/07\/Nex-Offices-1024x683.jpg 1024w, https:\/\/l21.mx\/wp-content\/uploads\/2017\/07\/Nex-Offices-300x200.jpg 300w, https:\/\/l21.mx\/wp-content\/uploads\/2017\/07\/Nex-Offices-768x512.jpg 768w, https:\/\/l21.mx\/wp-content\/uploads\/2017\/07\/Nex-Offices-1536x1024.jpg 1536w, https:\/\/l21.mx\/wp-content\/uploads\/2017\/07\/Nex-Offices-1170x780.jpg 1170w, https:\/\/l21.mx\/wp-content\/uploads\/2017\/07\/Nex-Offices-585x390.jpg 585w, https:\/\/l21.mx\/wp-content\/uploads\/2017\/07\/Nex-Offices-263x175.jpg 263w, https:\/\/l21.mx\/wp-content\/uploads\/2017\/07\/Nex-Offices.jpg 1738w\" sizes=\"(max-width: 1024px) 100vw, 1024px\" \/><\/a><\/p>\n<p>El concepto de negocios con oficinas equipadas, virtuales, <i>coworking spaces<\/i> y sala de juntas, Nex Offices, con cinco centros en ciudades como San Luis Potos\u00ed, M\u00e9rida y Quer\u00e9taro llega a Canc\u00fan. Se ubica en el piso 11 de Plaza Azuna Corporate Center y ofrece servicios que se ajustan a las\u00a0 necesidades espec\u00edficas para la operaci\u00f3n empresarial y de negocios. Superficie, mil 800 m2. Gener\u00f3 cuatro empleos directos y 40 indirectos.\u00a0 Av. Sayil 30, esquina Av. Savignac, Malec\u00f3n Tajamar. Tel. (998) 209-12-44. Correo electr\u00f3nico: crece@nexoffices.com , Facebook: NEX Offices.<\/p>\n","protected":false},"excerpt":{"rendered":"<p>El concepto de negocios con oficinas equipadas, virtuales, coworking spaces y sala de juntas, Nex Offices,&hellip;<\/p>\n","protected":false},"author":69,"featured_media":28192,"comment_status":"open","ping_status":"open","sticky":false,"template":"","format":"standard","meta":{"_acf_changed":false,"_lmt_disableupdate":"","_lmt_disable":"","_mbp_gutenberg_autopost":false,"footnotes":""},"categories":[10],"tags":[],"class_list":["post-28191","post","type-post","status-publish","format-standard","has-post-thumbnail","hentry","category-sube-y-baja"],"acf":[],"_links":{"self":[{"href":"https:\/\/l21.mx\/index.php?rest_route=\/wp\/v2\/posts\/28191","targetHints":{"allow":["GET"]}}],"collection":[{"href":"https:\/\/l21.mx\/index.php?rest_route=\/wp\/v2\/posts"}],"about":[{"href":"https:\/\/l21.mx\/index.php?rest_route=\/wp\/v2\/types\/post"}],"author":[{"embeddable":true,"href":"https:\/\/l21.mx\/index.php?rest_route=\/wp\/v2\/users\/69"}],"replies":[{"embeddable":true,"href":"https:\/\/l21.mx\/index.php?rest_route=%2Fwp%2Fv2%2Fcomments&post=28191"}],"version-history":[{"count":0,"href":"https:\/\/l21.mx\/index.php?rest_route=\/wp\/v2\/posts\/28191\/revisions"}],"wp:featuredmedia":[{"embeddable":true,"href":"https:\/\/l21.mx\/index.php?rest_route=\/wp\/v2\/media\/28192"}],"wp:attachment":[{"href":"https:\/\/l21.mx\/index.php?rest_route=%2Fwp%2Fv2%2Fmedia&parent=28191"}],"wp:term":[{"taxonomy":"category","embeddable":true,"href":"https:\/\/l21.mx\/index.php?rest_route=%2Fwp%2Fv2%2Fcategories&post=28191"},{"taxonomy":"post_tag","embeddable":true,"href":"https:\/\/l21.mx\/index.php?rest_route=%2Fwp%2Fv2%2Ftags&post=28191"}],"curies":[{"name":"wp","href":"https:\/\/api.w.org\/{rel}","templated":true}]}}