{"id":28195,"date":"2017-07-31T09:55:29","date_gmt":"2017-07-31T14:55:29","guid":{"rendered":"http:\/\/innovatori.space\/lat21\/?p=28195"},"modified":"2018-11-09T12:54:42","modified_gmt":"2018-11-09T17:54:42","slug":"suzuki","status":"publish","type":"post","link":"https:\/\/l21.mx\/?p=28195","title":{"rendered":"\u2b06\u2b06 Suzuki"},"content":{"rendered":"<p><a href=\"http:\/\/l21.mx\/wp-content\/uploads\/2017\/07\/Suzuki.jpg\" data-rel=\"penci-gallery-image-content\" ><img fetchpriority=\"high\" decoding=\"async\" class=\"aligncenter size-large wp-image-28196\" src=\"http:\/\/l21.mx\/wp-content\/uploads\/2017\/07\/Suzuki-1024x683.jpg\" alt=\"\" width=\"1024\" height=\"683\" srcset=\"https:\/\/l21.mx\/wp-content\/uploads\/2017\/07\/Suzuki-1024x683.jpg 1024w, https:\/\/l21.mx\/wp-content\/uploads\/2017\/07\/Suzuki-300x200.jpg 300w, https:\/\/l21.mx\/wp-content\/uploads\/2017\/07\/Suzuki-768x512.jpg 768w, https:\/\/l21.mx\/wp-content\/uploads\/2017\/07\/Suzuki-1170x780.jpg 1170w, https:\/\/l21.mx\/wp-content\/uploads\/2017\/07\/Suzuki-585x390.jpg 585w, https:\/\/l21.mx\/wp-content\/uploads\/2017\/07\/Suzuki-263x175.jpg 263w, https:\/\/l21.mx\/wp-content\/uploads\/2017\/07\/Suzuki.jpg 1216w\" sizes=\"(max-width: 1024px) 100vw, 1024px\" \/><\/a><\/p>\n<p>La marca japonesa de autos, con presencia en M\u00e9xico desde 2005, invirti\u00f3 m\u00e1s de 35mdp para la apertura en Canc\u00fan de su tercera agencia en la Pen\u00ednsula de Yucat\u00e1n, la cual se desarroll\u00f3 bajo el concepto de edificio amigable y cuenta con \u00e1rea de exhibici\u00f3n, entrega y taller con siete rampas de trabajo y la m\u00e1s alta tecnolog\u00eda. En atenci\u00f3n a la demanda en la zona, la concesionaria abrir\u00e1 el pr\u00f3ximo a\u00f1o en Playa del Carmen la cuarta sucursal. Superficie, cuatro mil metros cuadrados. Gener\u00f3 35 empleos directos y m\u00e1s de 75 indirectos. Av. Kabah, Mza.1, Lte. 1-11, SM 37. Tel. (998) 283-33-00. Correo electr\u00f3nico: gerenciacomercial@suzukikabah.com.mx, www.suzuki.com.mx, Facebook: Suzuki M\u00e9xico.<\/p>\n","protected":false},"excerpt":{"rendered":"<p>La marca japonesa de autos, con presencia en M\u00e9xico desde 2005, invirti\u00f3 m\u00e1s de 35mdp para&hellip;<\/p>\n","protected":false},"author":69,"featured_media":28196,"comment_status":"open","ping_status":"open","sticky":false,"template":"","format":"standard","meta":{"_acf_changed":false,"_lmt_disableupdate":"","_lmt_disable":"","_mbp_gutenberg_autopost":false,"footnotes":""},"categories":[10],"tags":[],"class_list":["post-28195","post","type-post","status-publish","format-standard","has-post-thumbnail","hentry","category-sube-y-baja"],"acf":[],"_links":{"self":[{"href":"https:\/\/l21.mx\/index.php?rest_route=\/wp\/v2\/posts\/28195","targetHints":{"allow":["GET"]}}],"collection":[{"href":"https:\/\/l21.mx\/index.php?rest_route=\/wp\/v2\/posts"}],"about":[{"href":"https:\/\/l21.mx\/index.php?rest_route=\/wp\/v2\/types\/post"}],"author":[{"embeddable":true,"href":"https:\/\/l21.mx\/index.php?rest_route=\/wp\/v2\/users\/69"}],"replies":[{"embeddable":true,"href":"https:\/\/l21.mx\/index.php?rest_route=%2Fwp%2Fv2%2Fcomments&post=28195"}],"version-history":[{"count":0,"href":"https:\/\/l21.mx\/index.php?rest_route=\/wp\/v2\/posts\/28195\/revisions"}],"wp:featuredmedia":[{"embeddable":true,"href":"https:\/\/l21.mx\/index.php?rest_route=\/wp\/v2\/media\/28196"}],"wp:attachment":[{"href":"https:\/\/l21.mx\/index.php?rest_route=%2Fwp%2Fv2%2Fmedia&parent=28195"}],"wp:term":[{"taxonomy":"category","embeddable":true,"href":"https:\/\/l21.mx\/index.php?rest_route=%2Fwp%2Fv2%2Fcategories&post=28195"},{"taxonomy":"post_tag","embeddable":true,"href":"https:\/\/l21.mx\/index.php?rest_route=%2Fwp%2Fv2%2Ftags&post=28195"}],"curies":[{"name":"wp","href":"https:\/\/api.w.org\/{rel}","templated":true}]}}