{"id":28352,"date":"2017-08-01T17:55:33","date_gmt":"2017-08-01T22:55:33","guid":{"rendered":"http:\/\/innovatori.space\/lat21\/?p=28352"},"modified":"2017-08-07T11:33:49","modified_gmt":"2017-08-07T16:33:49","slug":"barcelo-hotel-group-inaugura-su-primer-hotel-en-la-capital-mexicana","status":"publish","type":"post","link":"https:\/\/l21.mx\/?p=28352","title":{"rendered":"BARCEL\u00d3 HOTEL GROUP INAUGURA SU PRIMER HOTEL EN LA CAPITAL MEXICANA"},"content":{"rendered":"<p><a href=\"http:\/\/l21.mx\/wp-content\/uploads\/2017\/08\/BARCEL\u00d3-HOTEL-GROUP-INAUGURA-SU-PRIMER-HOTEL-EN-LA-CAPITAL-MEXICANA.jpg\" data-rel=\"penci-gallery-image-content\" ><img fetchpriority=\"high\" decoding=\"async\" src=\"http:\/\/l21.mx\/wp-content\/uploads\/2017\/08\/BARCEL\u00d3-HOTEL-GROUP-INAUGURA-SU-PRIMER-HOTEL-EN-LA-CAPITAL-MEXICANA.jpg\" alt=\"\" width=\"1200\" height=\"674\" class=\"alignnone size-full wp-image-28366\" srcset=\"https:\/\/l21.mx\/wp-content\/uploads\/2017\/08\/BARCEL\u00d3-HOTEL-GROUP-INAUGURA-SU-PRIMER-HOTEL-EN-LA-CAPITAL-MEXICANA.jpg 1200w, https:\/\/l21.mx\/wp-content\/uploads\/2017\/08\/BARCEL\u00d3-HOTEL-GROUP-INAUGURA-SU-PRIMER-HOTEL-EN-LA-CAPITAL-MEXICANA-300x169.jpg 300w, https:\/\/l21.mx\/wp-content\/uploads\/2017\/08\/BARCEL\u00d3-HOTEL-GROUP-INAUGURA-SU-PRIMER-HOTEL-EN-LA-CAPITAL-MEXICANA-1024x575.jpg 1024w, https:\/\/l21.mx\/wp-content\/uploads\/2017\/08\/BARCEL\u00d3-HOTEL-GROUP-INAUGURA-SU-PRIMER-HOTEL-EN-LA-CAPITAL-MEXICANA-768x431.jpg 768w, https:\/\/l21.mx\/wp-content\/uploads\/2017\/08\/BARCEL\u00d3-HOTEL-GROUP-INAUGURA-SU-PRIMER-HOTEL-EN-LA-CAPITAL-MEXICANA-1170x657.jpg 1170w, https:\/\/l21.mx\/wp-content\/uploads\/2017\/08\/BARCEL\u00d3-HOTEL-GROUP-INAUGURA-SU-PRIMER-HOTEL-EN-LA-CAPITAL-MEXICANA-585x329.jpg 585w\" sizes=\"(max-width: 1200px) 100vw, 1200px\" \/><\/a><br \/>\n<strong>El Barcel\u00f3 M\u00e9xico Reforma, de 500 habitaciones y categor\u00eda 5 estrellas, y ubicado en la famosa y c\u00e9ntrica Avenida Reforma, ha abierto hoy sus puertas, despu\u00e9s de que las autoridades mexicanas hayan dado su visto bueno a la operaci\u00f3n de compraventa del hotel que les fue presentada el pasado mes de mayo<\/strong><\/p>\n<p>A\u00a001 de agosto de 2017. El\u00a0<strong>2017<\/strong>\u00a0ser\u00e1 recordado por\u00a0<a href=\"http:\/\/www.barcelogrupo.com\/\" target=\"_blank\" rel=\"noopener\">Barcel\u00f3 Hotel Group<\/a>\u00a0por haber alcanzado varios\u00a0<strong>hitos<\/strong>, y uno de los m\u00e1s<strong>importantes<\/strong>\u00a0ser\u00e1 el que ha sucedido\u00a0<strong>hoy<\/strong>: la\u00a0<strong>apertura<\/strong>\u00a0de su\u00a0<strong>primer hotel<\/strong>\u00a0en la\u00a0<strong>capital Mexicana<\/strong>. El\u00a0<strong>grupo mallorqu\u00edn<\/strong>llevaba a\u00f1os detr\u00e1s de este\u00a0<strong>objetivo<\/strong>, que hoy, por fin, se ha\u00a0<strong>hecho realidad<\/strong>\u00a0con la inauguraci\u00f3n del\u00a0<strong>Barcel\u00f3 M\u00e9xico Reforma<\/strong>, un hotel de\u00a0<strong>500 habitaciones<\/strong>\u00a0y\u00a0\u00a0categor\u00eda\u00a0<strong>5 estrellas,\u00a0<\/strong>magn\u00edficamente ubicado en la\u00a0<strong>Avenida Reforma<\/strong>, una de las zonas<em>comerciales, tur\u00edsticas y de negocios<\/em>\u00a0m\u00e1s din\u00e1micas de la capital mexicana, y que en los \u00faltimos a\u00f1os est\u00e1 experimentando un importante\u00a0<em>crecimiento inmobiliario<\/em>, con la construcci\u00f3n de importantes\u00a0<strong>rascacielos<\/strong>\u00a0y la renovaci\u00f3n de\u00a0<strong>edificios emblem\u00e1ticos<\/strong>.<\/p>\n<p>La operaci\u00f3n ha sido\u00a0<strong>posible<\/strong>\u00a0gracias al\u00a0<strong>visto bueno<\/strong>\u00a0que las\u00a0<strong>autoridades mexicanas<\/strong>\u00a0han dado a la\u00a0<strong>operaci\u00f3n de compraventa<\/strong>que\u00a0<a href=\"http:\/\/www.barcelogrupo.com\/\" target=\"_blank\" rel=\"noopener\">Barcel\u00f3 Hotel Group<\/a>\u00a0firm\u00f3 con los anteriores\u00a0<strong>propietarios<\/strong>\u00a0el pasado mes de\u00a0<strong>mayo<\/strong>, y en cuyo proceso Barcel\u00f3 cont\u00f3 con el asesoramiento de BBVA.<\/p>\n<p><strong>Barcel\u00f3 M\u00e9xico Reforma: un cl\u00e1sico en una zona de gran crecimiento inmobiliario<\/strong><\/p>\n<p>El Barcel\u00f3 M\u00e9xico Reforma, que fue completamente\u00a0<strong>reformado\u00a0<\/strong>en\u00a0<strong>2015<\/strong>, es uno de los\u00a0<strong>cl\u00e1sicos<\/strong>\u00a0de la\u00a0<strong>Avenida Reforma<\/strong>, tanto por sus\u00a0<strong>modernas instalaciones<\/strong>\u00a0como por la singularidad de su\u00a0<strong>arquitectura<\/strong>. El hotel cuenta con un\u00a0<strong>restaurante buf\u00e9<\/strong>, un\u00a0<strong>restaurante grill<\/strong>, dos\u00a0<strong>bares<\/strong>, una\u00a0<strong>piscina cubierta<\/strong>, un\u00a0<strong>spa<\/strong>\u00a0y un\u00a0<strong>centro de fitness<\/strong>,\u00a0\u00a0<strong>26 salones<\/strong>\u00a0renovados con capacidad para hasta\u00a0<strong>800 personas\u00a0<\/strong>y\u00a0<strong>parking<\/strong>.<\/p>\n<p>&nbsp;<\/p>\n","protected":false},"excerpt":{"rendered":"<p>El Barcel\u00f3 M\u00e9xico Reforma, de 500 habitaciones y categor\u00eda 5 estrellas, y ubicado en la famosa&hellip;<\/p>\n","protected":false},"author":2,"featured_media":28366,"comment_status":"open","ping_status":"open","sticky":false,"template":"","format":"standard","meta":{"_acf_changed":false,"_lmt_disableupdate":"","_lmt_disable":"","_mbp_gutenberg_autopost":false,"footnotes":""},"categories":[23,8],"tags":[],"class_list":["post-28352","post","type-post","status-publish","format-standard","has-post-thumbnail","hentry","category-noticias","category-turismo"],"acf":[],"_links":{"self":[{"href":"https:\/\/l21.mx\/index.php?rest_route=\/wp\/v2\/posts\/28352","targetHints":{"allow":["GET"]}}],"collection":[{"href":"https:\/\/l21.mx\/index.php?rest_route=\/wp\/v2\/posts"}],"about":[{"href":"https:\/\/l21.mx\/index.php?rest_route=\/wp\/v2\/types\/post"}],"author":[{"embeddable":true,"href":"https:\/\/l21.mx\/index.php?rest_route=\/wp\/v2\/users\/2"}],"replies":[{"embeddable":true,"href":"https:\/\/l21.mx\/index.php?rest_route=%2Fwp%2Fv2%2Fcomments&post=28352"}],"version-history":[{"count":0,"href":"https:\/\/l21.mx\/index.php?rest_route=\/wp\/v2\/posts\/28352\/revisions"}],"wp:featuredmedia":[{"embeddable":true,"href":"https:\/\/l21.mx\/index.php?rest_route=\/wp\/v2\/media\/28366"}],"wp:attachment":[{"href":"https:\/\/l21.mx\/index.php?rest_route=%2Fwp%2Fv2%2Fmedia&parent=28352"}],"wp:term":[{"taxonomy":"category","embeddable":true,"href":"https:\/\/l21.mx\/index.php?rest_route=%2Fwp%2Fv2%2Fcategories&post=28352"},{"taxonomy":"post_tag","embeddable":true,"href":"https:\/\/l21.mx\/index.php?rest_route=%2Fwp%2Fv2%2Ftags&post=28352"}],"curies":[{"name":"wp","href":"https:\/\/api.w.org\/{rel}","templated":true}]}}