{"id":28419,"date":"2017-08-04T13:39:24","date_gmt":"2017-08-04T18:39:24","guid":{"rendered":"http:\/\/innovatori.space\/lat21\/?p=28419"},"modified":"2019-01-08T12:36:49","modified_gmt":"2019-01-08T17:36:49","slug":"lanza-ut-cancun-plataforma-digital-para-emprendedores-y-mipymes","status":"publish","type":"post","link":"https:\/\/l21.mx\/?p=28419","title":{"rendered":"LANZA UT CANC\u00daN PLATAFORMA DIGITAL PARA EMPRENDEDORES Y MIPYMES"},"content":{"rendered":"<div data-sliderid=\"71656\" id=\"penci-post-gallery__71656\" class=\"penci-post-gallery-container justified column-4\" data-height=\"150\" data-margin=\"3\"><a class=\"penci-gallery-ite item-gallery-justified\" href=\"https:\/\/l21.mx\/wp-content\/uploads\/2017\/08\/IMG_4240.jpg\" data-rel=\"penci-gallery-image-content\" ><img decoding=\"async\" src=\"https:\/\/l21.mx\/wp-content\/uploads\/2017\/08\/IMG_4240-585x390.jpg\" alt=\"\" title=\"IMG_4240\"><\/a><a class=\"penci-gallery-ite item-gallery-justified\" href=\"https:\/\/l21.mx\/wp-content\/uploads\/2017\/08\/IMG_4234.jpg\" data-rel=\"penci-gallery-image-content\" ><img decoding=\"async\" src=\"https:\/\/l21.mx\/wp-content\/uploads\/2017\/08\/IMG_4234-585x390.jpg\" alt=\"\" title=\"IMG_4234\"><\/a><a class=\"penci-gallery-ite item-gallery-justified\" href=\"https:\/\/l21.mx\/wp-content\/uploads\/2017\/08\/IMG_4250.jpg\" data-rel=\"penci-gallery-image-content\" ><img decoding=\"async\" src=\"https:\/\/l21.mx\/wp-content\/uploads\/2017\/08\/IMG_4250-585x390.jpg\" alt=\"\" title=\"IMG_4250\"><\/a><a class=\"penci-gallery-ite item-gallery-justified\" href=\"https:\/\/l21.mx\/wp-content\/uploads\/2017\/08\/IMG_4213.jpg\" data-rel=\"penci-gallery-image-content\" ><img decoding=\"async\" src=\"https:\/\/l21.mx\/wp-content\/uploads\/2017\/08\/IMG_4213-585x390.jpg\" alt=\"\" title=\"IMG_4213\"><\/a><a class=\"penci-gallery-ite item-gallery-justified\" href=\"https:\/\/l21.mx\/wp-content\/uploads\/2017\/08\/IMG_4198.jpg\" data-rel=\"penci-gallery-image-content\" ><img decoding=\"async\" src=\"https:\/\/l21.mx\/wp-content\/uploads\/2017\/08\/IMG_4198-585x390.jpg\" alt=\"\" title=\"IMG_4198\"><\/a><a class=\"penci-gallery-ite item-gallery-justified\" href=\"https:\/\/l21.mx\/wp-content\/uploads\/2017\/08\/IMG_4215.jpg\" data-rel=\"penci-gallery-image-content\" ><img decoding=\"async\" src=\"https:\/\/l21.mx\/wp-content\/uploads\/2017\/08\/IMG_4215-585x390.jpg\" alt=\"\" title=\"IMG_4215\"><\/a><a class=\"penci-gallery-ite item-gallery-justified\" href=\"https:\/\/l21.mx\/wp-content\/uploads\/2017\/08\/IMG_4214.jpg\" data-rel=\"penci-gallery-image-content\" ><img decoding=\"async\" src=\"https:\/\/l21.mx\/wp-content\/uploads\/2017\/08\/IMG_4214-585x390.jpg\" alt=\"\" title=\"IMG_4214\"><\/a><a class=\"penci-gallery-ite item-gallery-justified\" href=\"https:\/\/l21.mx\/wp-content\/uploads\/2017\/08\/IMG_4252.jpg\" data-rel=\"penci-gallery-image-content\" ><img decoding=\"async\" src=\"https:\/\/l21.mx\/wp-content\/uploads\/2017\/08\/IMG_4252-585x390.jpg\" alt=\"\" title=\"IMG_4252\"><\/a><a class=\"penci-gallery-ite item-gallery-justified\" href=\"https:\/\/l21.mx\/wp-content\/uploads\/2017\/08\/IMG_4197.jpg\" data-rel=\"penci-gallery-image-content\" ><img decoding=\"async\" src=\"https:\/\/l21.mx\/wp-content\/uploads\/2017\/08\/IMG_4197-585x390.jpg\" alt=\"\" title=\"IMG_4197\"><\/a><a class=\"penci-gallery-ite item-gallery-justified\" href=\"https:\/\/l21.mx\/wp-content\/uploads\/2017\/08\/IMG_4227.jpg\" data-rel=\"penci-gallery-image-content\" ><img decoding=\"async\" src=\"https:\/\/l21.mx\/wp-content\/uploads\/2017\/08\/IMG_4227-585x390.jpg\" alt=\"\" title=\"IMG_4227\"><\/a><a class=\"penci-gallery-ite item-gallery-justified\" href=\"https:\/\/l21.mx\/wp-content\/uploads\/2017\/08\/IMG_4244.jpg\" data-rel=\"penci-gallery-image-content\" ><img decoding=\"async\" src=\"https:\/\/l21.mx\/wp-content\/uploads\/2017\/08\/IMG_4244-585x390.jpg\" alt=\"\" title=\"IMG_4244\"><\/a><\/div>\n<p>La Universidad Tecnol\u00f3gica de Canc\u00fan&nbsp; hizo el lanzamiento oficial de la&nbsp;plataforma&nbsp;digital<strong>\u201cSinergias&nbsp;Empresariales\u201d<\/strong>&nbsp;que permitir\u00e1 abrir un espacio en la red que sirva de enlace para emprendedores y Micro, Peque\u00f1as y Medianas Empresas del estado para que puedan ofertar los productos y\/o servicios a las empresas grandes ya establecidas y al p\u00fablico en general que lo necesite.<\/p>\n<p>Sobre la&nbsp;plataforma&nbsp;el rector&nbsp;Juli\u00e1n Aguilar Estrada&nbsp;coment\u00f3 que en concordancia con lo que promueve la UT Canc\u00fan del uso de la tecnolog\u00eda y mantener a los j\u00f3venes a la vanguardia para que sean profesionistas bien preparados y tengan las herramientas para emprender, de ah\u00ed que la direcci\u00f3n de Innovaci\u00f3n trabaj\u00f3 durante varios meses para contar con esta plataforma para dar la oportunidad a los emprendedores para hacer negocios y aprender y capacitarse.<\/p>\n<p>\u201cSeguimos trabajando fuertemente en lo que se nos ha encomendado de generar m\u00e1s y mejores oportunidades para todos y esta plataforma de sinergias empresariales y lo que promueve, que todas y todos los que est\u00e9n interesados encuentren un espacio virtual y que esta conectividad, que esta conexi\u00f3n les d\u00e9 la oportunidad de hacer negocios de una manera sencilla y sobre todo actualizada\u201d, puntualiz\u00f3 el rector al hacer el lanzamiento de esta plataforma.<\/p>\n<p>Aguilar Estrada se\u00f1al\u00f3 que mediante este espacio virtual se busca dar oportunidades para todos y que d\u00e9 los resultados esperados para quienes se registren; al tiempo que invit\u00f3 a los asistentes y personas que tienen una micro, peque\u00f1a o mediana empresa para ser parte de esta plataforma y as\u00ed hacer una realidad este tipo de proyectos que son de beneficio para toda la comunidad, tanto interna como externa a la universidad.<\/p>\n<p>Por su parte, la directora de Innovaci\u00f3n de la UT Canc\u00fan, Itzell Pedroza Ibarra, dio a conocer que este proyecto surgi\u00f3 con el prop\u00f3sito de abrir un espacio virtual que sirva de enlace&nbsp;para&nbsp;emprendedores&nbsp;y&nbsp;Mipymes&nbsp;de&nbsp;Quintana&nbsp;Roo&nbsp;que&nbsp;produzcan u&nbsp;ofertenproductos&nbsp;y\/o servicios&nbsp;locales, con&nbsp;la&nbsp;finalidad&nbsp;de&nbsp;detonar&nbsp;la&nbsp;econom\u00eda, adem\u00e1s&nbsp;impulsar&nbsp;el consumo&nbsp;local entre empresas&nbsp;ya establecidas&nbsp;y&nbsp;el p\u00fablico&nbsp;en&nbsp;general&nbsp;que&nbsp;lo&nbsp;requiera.<\/p>\n<p>Se\u00f1al\u00f3 que con la suma de voluntades es como se lograr\u00e1 tener un mayor alcance en los beneficios para quienes se registren en la plataforma de&nbsp;<a href=\"http:\/\/www.sinergiasempresariales.com.mx\/\" target=\"_blank\" rel=\"noopener\">www.sinergiasempresariales.com.mx<\/a>&nbsp;donde podr\u00e1n registrar sus productos y\/o servicios, de tal manera que se aporte para la diversificaci\u00f3n del sector productivo al consolidar una red estrat\u00e9gica para detonar el potencial de los emprendedores y los negocios.<\/p>\n<p>Explic\u00f3 que los&nbsp;beneficios&nbsp;que tendr\u00e1n&nbsp;los&nbsp;usuarios&nbsp;de&nbsp;la&nbsp;plataforma&nbsp;digital&nbsp;\u201cSinergias&nbsp;Empresariales\u201d, ser\u00e1n: A)&nbsp;Un lugar&nbsp;devinculaci\u00f3n&nbsp;para la&nbsp;venta&nbsp;y\/o&nbsp;consumo&nbsp;de&nbsp;sus&nbsp;productos&nbsp;y&nbsp;servicios; B)&nbsp;Vitrina&nbsp;digital&nbsp;formal&nbsp;que&nbsp;les&nbsp;permita&nbsp;establecer&nbsp;&nbsp;v\u00ednculoscon&nbsp;empresas&nbsp;y\/o&nbsp;la ciudadan\u00eda en&nbsp;general a&nbsp;trav\u00e9s de&nbsp;mensajes&nbsp;directos; C)&nbsp;Enlace&nbsp;desde&nbsp;la plataforma a&nbsp;sus&nbsp;propias&nbsp;redessociales&nbsp;y\/o&nbsp;contacto; D) Marketing digital; E)&nbsp;&nbsp;Usuario y clave de acceso personalizadas y F) Posicionamiento de su idea y\/o empresa en la red.<\/p>\n<p>Durante la presentaci\u00f3n, Aurelio Garc\u00eda, coordinador de tecnolog\u00edas de la Direcci\u00f3n de Innovaci\u00f3n de la UT Canc\u00fan, estuvo a cargo de hacer la explicaci\u00f3n del funcionamiento de ingreso y registro en la plataforma; proceso que se realiza de manera sencilla y para lo cual el interesado debe registrar los datos personales y de su empresa como correo electr\u00f3nico, Facebook, twitter, tel\u00e9fono de contacto, registro de la empresa.<\/p>\n<p>En el evento se cont\u00f3 con la presencia de Luis Espadas Carri\u00f3n, como representante del delegado de la Secretar\u00eda del Trabajo y Previsi\u00f3n Social, Enoel P\u00e9rez; de Alejandra C\u00f3rdoba Barrientos, como representante de la Secretaria de Desarrollo Econ\u00f3mico del estado de Quintana Roo, Rosa Elena Lozano V\u00e1zquez; y de la directora de Desarrollo Econ\u00f3mico del municipio Benito Ju\u00e1rez, Martha Rodr\u00edguez, entre otros.<\/p>\n","protected":false},"excerpt":{"rendered":"<p>La Universidad Tecnol\u00f3gica de Canc\u00fan&nbsp; hizo el lanzamiento oficial de la&nbsp;plataforma&nbsp;digital\u201cSinergias&nbsp;Empresariales\u201d&nbsp;que permitir\u00e1 abrir un espacio en&hellip;<\/p>\n","protected":false},"author":2,"featured_media":28430,"comment_status":"open","ping_status":"open","sticky":false,"template":"","format":"standard","meta":{"_acf_changed":false,"_lmt_disableupdate":"","_lmt_disable":"","_mbp_gutenberg_autopost":false,"footnotes":""},"categories":[23],"tags":[],"class_list":["post-28419","post","type-post","status-publish","format-standard","has-post-thumbnail","hentry","category-noticias"],"acf":[],"_links":{"self":[{"href":"https:\/\/l21.mx\/index.php?rest_route=\/wp\/v2\/posts\/28419","targetHints":{"allow":["GET"]}}],"collection":[{"href":"https:\/\/l21.mx\/index.php?rest_route=\/wp\/v2\/posts"}],"about":[{"href":"https:\/\/l21.mx\/index.php?rest_route=\/wp\/v2\/types\/post"}],"author":[{"embeddable":true,"href":"https:\/\/l21.mx\/index.php?rest_route=\/wp\/v2\/users\/2"}],"replies":[{"embeddable":true,"href":"https:\/\/l21.mx\/index.php?rest_route=%2Fwp%2Fv2%2Fcomments&post=28419"}],"version-history":[{"count":0,"href":"https:\/\/l21.mx\/index.php?rest_route=\/wp\/v2\/posts\/28419\/revisions"}],"wp:featuredmedia":[{"embeddable":true,"href":"https:\/\/l21.mx\/index.php?rest_route=\/wp\/v2\/media\/28430"}],"wp:attachment":[{"href":"https:\/\/l21.mx\/index.php?rest_route=%2Fwp%2Fv2%2Fmedia&parent=28419"}],"wp:term":[{"taxonomy":"category","embeddable":true,"href":"https:\/\/l21.mx\/index.php?rest_route=%2Fwp%2Fv2%2Fcategories&post=28419"},{"taxonomy":"post_tag","embeddable":true,"href":"https:\/\/l21.mx\/index.php?rest_route=%2Fwp%2Fv2%2Ftags&post=28419"}],"curies":[{"name":"wp","href":"https:\/\/api.w.org\/{rel}","templated":true}]}}