{"id":28579,"date":"2017-08-15T16:54:07","date_gmt":"2017-08-15T21:54:07","guid":{"rendered":"http:\/\/innovatori.space\/lat21\/?p=28579"},"modified":"2017-08-15T16:54:07","modified_gmt":"2017-08-15T21:54:07","slug":"suman-esfuerzos-e-instalan-comite-de-desarrollo-turistico-sustentable-de-holbox","status":"publish","type":"post","link":"https:\/\/l21.mx\/?p=28579","title":{"rendered":"Suman esfuerzos e instalan Comit\u00e9 de Desarrollo Tur\u00edstico Sustentable de Holbox\u00a0"},"content":{"rendered":"<div>\n<div data-sliderid=\"45542\" id=\"penci-post-gallery__45542\" class=\"penci-post-gallery-container justified column-3\" data-height=\"150\" data-margin=\"3\"><a class=\"penci-gallery-ite item-gallery-justified\" href=\"https:\/\/l21.mx\/wp-content\/uploads\/2017\/08\/Comit\u00e9-de-Desarrollo-Tur\u00edstico-Sustentable-de-Holbox-.jpeg\" data-rel=\"penci-gallery-image-content\" ><img decoding=\"async\" src=\"https:\/\/l21.mx\/wp-content\/uploads\/2017\/08\/Comit\u00e9-de-Desarrollo-Tur\u00edstico-Sustentable-de-Holbox--585x436.jpeg\" alt=\"\" title=\"Comit\u00e9 de Desarrollo Tur\u00edstico Sustentable de Holbox\u00a0\"><\/a><a class=\"penci-gallery-ite item-gallery-justified\" href=\"https:\/\/l21.mx\/wp-content\/uploads\/2017\/08\/Comit\u00e9-de-Desarrollo-Tur\u00edstico-Sustentable-de-Holbox-1-1.jpeg\" data-rel=\"penci-gallery-image-content\" ><img decoding=\"async\" src=\"https:\/\/l21.mx\/wp-content\/uploads\/2017\/08\/Comit\u00e9-de-Desarrollo-Tur\u00edstico-Sustentable-de-Holbox-1-1-585x439.jpeg\" alt=\"\" title=\"Comit\u00e9 de Desarrollo Tur\u00edstico Sustentable de Holbox\u00a0\"><\/a><a class=\"penci-gallery-ite item-gallery-justified\" href=\"https:\/\/l21.mx\/wp-content\/uploads\/2017\/08\/Comit\u00e9-de-Desarrollo-Tur\u00edstico-Sustentable-de-Holbox-1-2.jpeg\" data-rel=\"penci-gallery-image-content\" ><img decoding=\"async\" src=\"https:\/\/l21.mx\/wp-content\/uploads\/2017\/08\/Comit\u00e9-de-Desarrollo-Tur\u00edstico-Sustentable-de-Holbox-1-2-585x390.jpeg\" alt=\"\" title=\"Comit\u00e9 de Desarrollo Tur\u00edstico Sustentable de Holbox\u00a0\"><\/a><\/div>\n<\/div>\n<div><strong>\u2022 El grupo de trabajo lo encabeza la Coordinaci\u00f3n de Gabinete del Estado, en conjunto con los titulares de SEMA, SINTRA, SEDETUS, SEDETUR y CAPA\u00a0<\/strong><\/div>\n<div><strong>\u2022 Por primera vez, los tres \u00f3rdenes de Gobierno trabajan para dar atenci\u00f3n inmediata, no solo actual sino a futuro de la isla\u00a0<\/strong><\/div>\n<div><\/div>\n<div>HOLBOX. Siguiendo la encomienda del Gobernador Carlos Joaqu\u00edn Gonz\u00e1lez de sumar esfuerzos, colaboraci\u00f3n y voluntad de todos los sectores para lograr un Holbox con m\u00e1s y mejores oportunidades para todos, qued\u00f3 formalmente instalado el Comit\u00e9 de Desarrollo Tur\u00edstico Sustentable de Holbox, el cual trabaja de manera conjunta para dar atenci\u00f3n inmediata a la situaci\u00f3n actual y a futuro de la paradisiaca isla.<\/div>\n<div><\/div>\n<div>La Coordinadora General de Gabinete del Ejecutivo, la Maestra Roc\u00edo Moreno Mendoza \u00a0quien encabeza el Comit\u00e9, dio a conocer las acciones y planes relativos al Fideicomiso de Recuperaci\u00f3n de Playas, en donde Holbox est\u00e1 considerado. Y con referencia al sargazo, programas sociales, de seguridad y nuevos mecanismos de captaci\u00f3n de recursos, precis\u00f3 que la propuesta para Holbox estar\u00e1 lista a final de a\u00f1o.<\/div>\n<div><\/div>\n<div>Ante autoridades de los tres \u00f3rdenes de gobierno, empresarios, hoteleros, pobladores y diversas asociaciones, la titular de la Secretar\u00eda de Turismo (SECTUR), Marisol Vanegas P\u00e9rez \u00a0present\u00f3 el An\u00e1lisis del Perfil del Turista que visita Holbox y la Evaluaci\u00f3n de la Capacidad de Carga de la isla, con base en el n\u00famero de visitantes y estrategia de crecimiento.<\/div>\n<div><\/div>\n<div>Jer\u00f3nimo Ramos S\u00e1enz, Director General de Ordenamiento Tur\u00edstico Sustentable de la Secretar\u00eda Federal de Turismo (SECTUR) habl\u00f3 de los casos de \u00e9xito en el pa\u00eds y destac\u00f3 la importancia de desarrollar un sentido de pertenencia y desarrollo, as\u00ed como promover el cuidado de los recursos de la isla. El funcionario federal reconoci\u00f3 la importancia de este Comit\u00e9 Colegiado, ya que garantiza un producto tur\u00edstico de calidad.<\/div>\n<div><\/div>\n<div>Tras mostrar la situaci\u00f3n actual de los residuos s\u00f3lidos de Holbox, el Secretario de Ecolog\u00eda y Medio Ambiente (SEMA), Alfredo Arellano Guillermo, inform\u00f3 la estrategia de la dependencia para atender este punto, basada en la Ley de Manejo de Residuos.<\/div>\n<div><\/div>\n<div>Por su parte, Gerardo Mora Vallejo, titular de la Comisi\u00f3n de Agua Potable y Alcantarillado (CAPA), expuso los trabajos realizados por la Comisi\u00f3n de Agua Potable y Alcantarillado en Holbox; entre los que destacan la actualizaci\u00f3n del patr\u00f3n de usuarios, perforaci\u00f3n de pozos y rehabilitaci\u00f3n de la red hidr\u00e1ulica.<\/div>\n<div><\/div>\n<div>En su oportunidad, los representantes de la Oficina de Visitantes y Convenciones (OVC) Canc\u00fan y Fideicomiso de Promoci\u00f3n Tur\u00edstica de Cozumel y Riviera Maya, Roc\u00edo Intriago Fern\u00e1ndez y Benjam\u00edn Jim\u00e9nez Hern\u00e1ndez, puntualizaron las acciones de promoci\u00f3n tur\u00edstica realizadas en favor de Holbox y la necesidad de cambiar las acciones de mercado masivo a un mercado de nicho.<\/div>\n<div><\/div>\n<div>Humberto Salda\u00f1a Rodr\u00edguez, gerente divisional de distribuci\u00f3n peninsular de la Comisi\u00f3n Federal de Electricidad (CFE) destac\u00f3 la instalaci\u00f3n de 5 transformadores, el remplazo de cuchillas y 3 cortocircuitos, as\u00ed como la mejora integral a 9 sectores. Explic\u00f3 que hasta el momento hay un avance de 34% y en el mes de octubre se concluir\u00e1 este trabajo.<\/div>\n<div><\/div>\n<div>Ricardo G\u00f3mez Lozano, director regional Pen\u00ednsula Yucat\u00e1n y Caribe Mexicano de la Comisi\u00f3n Nacional de \u00c1reas Protegidas (CONANP) extern\u00f3 las dos acciones que lleva a cabo la Comisi\u00f3n; el Programa de Manejo del \u00c1rea Natural Protegida Yum Balam y el Estudio de L\u00edmite de cambio, el cual permitir\u00e1 saber las capacidades y los l\u00edmites de carga; documentos que ser\u00e1n abordados de manera coordinada con la CAPA y SEMA.<\/div>\n<div><\/div>\n<div>Durante la sesi\u00f3n, el hotelero Eduardo Pacheco, solicit\u00f3 capacitaci\u00f3n a favor de los prestadores de servicios tur\u00edsticos, pidi\u00f3 eliminar los eventos masivos y promover las certificaciones a fin de que exista mayor regulaci\u00f3n y sanciones. Sobre este punto, la Secretar\u00eda de Turismo (SEDETUR) dio a conocer que en breve realizar\u00e1 las acciones necesarias para dar cumplimiento a la solicitud.<\/div>\n<div><\/div>\n<div>El Comit\u00e9 de Desarrollo Tur\u00edstico Sustentable de Holbox tambi\u00e9n est\u00e1 integrado por SECTUR, FONATUR, SINTRA, PROFEPA, CONAGUA, SEMARNAT, el H. Ayuntamiento de L\u00e1zaro C\u00e1rdenas, DIF L\u00e1zaro C\u00e1rdenas, la Alcald\u00eda de Holbox, Amigos de Sian Ka\u2019aan, el Consejo de Desarrollo de Holbox, la Asociaci\u00f3n de Restaurantes de Holbox, la Asociaci\u00f3n de Hoteles de Holbox; entre otros.<\/div>\n","protected":false},"excerpt":{"rendered":"<p>\u2022 El grupo de trabajo lo encabeza la Coordinaci\u00f3n de Gabinete del Estado, en conjunto con&hellip;<\/p>\n","protected":false},"author":2,"featured_media":28582,"comment_status":"open","ping_status":"open","sticky":false,"template":"","format":"standard","meta":{"_acf_changed":false,"_lmt_disableupdate":"","_lmt_disable":"","_mbp_gutenberg_autopost":false,"footnotes":""},"categories":[23,35],"tags":[],"class_list":["post-28579","post","type-post","status-publish","format-standard","has-post-thumbnail","hentry","category-noticias","category-responsabilidad-social"],"acf":[],"yoast_head":"<!-- This site is optimized with the Yoast SEO plugin v27.3 - https:\/\/yoast.com\/product\/yoast-seo-wordpress\/ -->\n<title>Suman esfuerzos e instalan Comit\u00e9 de Desarrollo Tur\u00edstico Sustentable de Holbox\u00a0 | Revista Latitud 21<\/title>\n<meta name=\"description\" content=\"L21, Emprendedores y Negocios en el Caribe Mexicano, es la revista l\u00edder entre el Sector Empresarial y Tur\u00edstico del Caribe Mexicano.\" \/>\n<meta name=\"robots\" content=\"index, follow, max-snippet:-1, max-image-preview:large, max-video-preview:-1\" \/>\n<link rel=\"canonical\" href=\"https:\/\/l21.mx\/?p=28579\" \/>\n<meta name=\"twitter:card\" content=\"summary_large_image\" \/>\n<meta name=\"twitter:title\" content=\"Suman esfuerzos e instalan Comit\u00e9 de Desarrollo Tur\u00edstico Sustentable de Holbox\u00a0 | Revista Latitud 21\" \/>\n<meta name=\"twitter:description\" content=\"L21, Emprendedores y Negocios en el Caribe Mexicano, es la revista l\u00edder entre el Sector Empresarial y Tur\u00edstico del Caribe Mexicano.\" \/>\n<meta name=\"twitter:image\" content=\"https:\/\/l21.mx\/wp-content\/uploads\/2017\/08\/Comit\u00e9-de-Desarrollo-Tur\u00edstico-Sustentable-de-Holbox-1-2.jpeg\" \/>\n<meta name=\"twitter:creator\" content=\"@Latitud21mx\" \/>\n<meta name=\"twitter:site\" content=\"@Latitud21mx\" \/>\n<meta name=\"twitter:label1\" content=\"Escrito por\" \/>\n\t<meta name=\"twitter:data1\" content=\"Latitud21 Redacci\u00f3n\" \/>\n\t<meta name=\"twitter:label2\" content=\"Tiempo de lectura\" \/>\n\t<meta name=\"twitter:data2\" content=\"4 minutos\" \/>\n<script type=\"application\/ld+json\" class=\"yoast-schema-graph\">{\"@context\":\"https:\\\/\\\/schema.org\",\"@graph\":[{\"@type\":\"Article\",\"@id\":\"https:\\\/\\\/l21.mx\\\/?p=28579#article\",\"isPartOf\":{\"@id\":\"https:\\\/\\\/l21.mx\\\/?p=28579\"},\"author\":{\"name\":\"Latitud21 Redacci\u00f3n\",\"@id\":\"https:\\\/\\\/l21.mx\\\/#\\\/schema\\\/person\\\/4b571cc212089f95579f3b66253728f1\"},\"headline\":\"Suman esfuerzos e instalan Comit\u00e9 de Desarrollo Tur\u00edstico Sustentable de Holbox\u00a0\",\"datePublished\":\"2017-08-15T21:54:07+00:00\",\"mainEntityOfPage\":{\"@id\":\"https:\\\/\\\/l21.mx\\\/?p=28579\"},\"wordCount\":762,\"commentCount\":0,\"publisher\":{\"@id\":\"https:\\\/\\\/l21.mx\\\/#organization\"},\"image\":{\"@id\":\"https:\\\/\\\/l21.mx\\\/?p=28579#primaryimage\"},\"thumbnailUrl\":\"https:\\\/\\\/l21.mx\\\/wp-content\\\/uploads\\\/2017\\\/08\\\/Comit\u00e9-de-Desarrollo-Tur\u00edstico-Sustentable-de-Holbox-1-2.jpeg\",\"articleSection\":[\"Noticias\",\"Responsabilidad social\"],\"inLanguage\":\"es\",\"potentialAction\":[{\"@type\":\"CommentAction\",\"name\":\"Comment\",\"target\":[\"https:\\\/\\\/l21.mx\\\/?p=28579#respond\"]}]},{\"@type\":\"WebPage\",\"@id\":\"https:\\\/\\\/l21.mx\\\/?p=28579\",\"url\":\"https:\\\/\\\/l21.mx\\\/?p=28579\",\"name\":\"Suman esfuerzos e instalan Comit\u00e9 de Desarrollo Tur\u00edstico Sustentable de Holbox\u00a0 | Revista Latitud 21\",\"isPartOf\":{\"@id\":\"https:\\\/\\\/l21.mx\\\/#website\"},\"primaryImageOfPage\":{\"@id\":\"https:\\\/\\\/l21.mx\\\/?p=28579#primaryimage\"},\"image\":{\"@id\":\"https:\\\/\\\/l21.mx\\\/?p=28579#primaryimage\"},\"thumbnailUrl\":\"https:\\\/\\\/l21.mx\\\/wp-content\\\/uploads\\\/2017\\\/08\\\/Comit\u00e9-de-Desarrollo-Tur\u00edstico-Sustentable-de-Holbox-1-2.jpeg\",\"datePublished\":\"2017-08-15T21:54:07+00:00\",\"description\":\"L21, Emprendedores y Negocios en el Caribe Mexicano, es la revista l\u00edder entre el Sector Empresarial y Tur\u00edstico del Caribe Mexicano.\",\"breadcrumb\":{\"@id\":\"https:\\\/\\\/l21.mx\\\/?p=28579#breadcrumb\"},\"inLanguage\":\"es\",\"potentialAction\":[{\"@type\":\"ReadAction\",\"target\":[\"https:\\\/\\\/l21.mx\\\/?p=28579\"]}]},{\"@type\":\"ImageObject\",\"inLanguage\":\"es\",\"@id\":\"https:\\\/\\\/l21.mx\\\/?p=28579#primaryimage\",\"url\":\"https:\\\/\\\/l21.mx\\\/wp-content\\\/uploads\\\/2017\\\/08\\\/Comit\u00e9-de-Desarrollo-Tur\u00edstico-Sustentable-de-Holbox-1-2.jpeg\",\"contentUrl\":\"https:\\\/\\\/l21.mx\\\/wp-content\\\/uploads\\\/2017\\\/08\\\/Comit\u00e9-de-Desarrollo-Tur\u00edstico-Sustentable-de-Holbox-1-2.jpeg\",\"width\":1280,\"height\":853},{\"@type\":\"BreadcrumbList\",\"@id\":\"https:\\\/\\\/l21.mx\\\/?p=28579#breadcrumb\",\"itemListElement\":[{\"@type\":\"ListItem\",\"position\":1,\"name\":\"Portada\",\"item\":\"https:\\\/\\\/l21.mx\\\/\"},{\"@type\":\"ListItem\",\"position\":2,\"name\":\"Suman esfuerzos e instalan Comit\u00e9 de Desarrollo Tur\u00edstico Sustentable de Holbox\u00a0\"}]},{\"@type\":\"WebSite\",\"@id\":\"https:\\\/\\\/l21.mx\\\/#website\",\"url\":\"https:\\\/\\\/l21.mx\\\/\",\"name\":\"Revista Latitud 21\",\"description\":\"Emprendedores  y negocios en el Caribe Mexicano\",\"publisher\":{\"@id\":\"https:\\\/\\\/l21.mx\\\/#organization\"},\"potentialAction\":[{\"@type\":\"SearchAction\",\"target\":{\"@type\":\"EntryPoint\",\"urlTemplate\":\"https:\\\/\\\/l21.mx\\\/?s={search_term_string}\"},\"query-input\":{\"@type\":\"PropertyValueSpecification\",\"valueRequired\":true,\"valueName\":\"search_term_string\"}}],\"inLanguage\":\"es\"},{\"@type\":\"Organization\",\"@id\":\"https:\\\/\\\/l21.mx\\\/#organization\",\"name\":\"Grupo Editorial Latitud 21 SA de CV\",\"url\":\"https:\\\/\\\/l21.mx\\\/\",\"logo\":{\"@type\":\"ImageObject\",\"inLanguage\":\"es\",\"@id\":\"https:\\\/\\\/l21.mx\\\/#\\\/schema\\\/logo\\\/image\\\/\",\"url\":\"https:\\\/\\\/l21.mx\\\/wp-content\\\/uploads\\\/2020\\\/10\\\/logo-l21-baja.jpg\",\"contentUrl\":\"https:\\\/\\\/l21.mx\\\/wp-content\\\/uploads\\\/2020\\\/10\\\/logo-l21-baja.jpg\",\"width\":250,\"height\":250,\"caption\":\"Grupo Editorial Latitud 21 SA de CV\"},\"image\":{\"@id\":\"https:\\\/\\\/l21.mx\\\/#\\\/schema\\\/logo\\\/image\\\/\"},\"sameAs\":[\"https:\\\/\\\/www.facebook.com\\\/RevistaLatitud21\\\/\",\"https:\\\/\\\/x.com\\\/Latitud21mx\"]},{\"@type\":\"Person\",\"@id\":\"https:\\\/\\\/l21.mx\\\/#\\\/schema\\\/person\\\/4b571cc212089f95579f3b66253728f1\",\"name\":\"Latitud21 Redacci\u00f3n\",\"url\":\"https:\\\/\\\/l21.mx\\\/?author=2\"}]}<\/script>\n<!-- \/ Yoast SEO plugin. -->","yoast_head_json":{"title":"Suman esfuerzos e instalan Comit\u00e9 de Desarrollo Tur\u00edstico Sustentable de Holbox\u00a0 | Revista Latitud 21","description":"L21, Emprendedores y Negocios en el Caribe Mexicano, es la revista l\u00edder entre el Sector Empresarial y Tur\u00edstico del Caribe Mexicano.","robots":{"index":"index","follow":"follow","max-snippet":"max-snippet:-1","max-image-preview":"max-image-preview:large","max-video-preview":"max-video-preview:-1"},"canonical":"https:\/\/l21.mx\/?p=28579","twitter_card":"summary_large_image","twitter_title":"Suman esfuerzos e instalan Comit\u00e9 de Desarrollo Tur\u00edstico Sustentable de Holbox\u00a0 | Revista Latitud 21","twitter_description":"L21, Emprendedores y Negocios en el Caribe Mexicano, es la revista l\u00edder entre el Sector Empresarial y Tur\u00edstico del Caribe Mexicano.","twitter_image":"https:\/\/l21.mx\/wp-content\/uploads\/2017\/08\/Comit\u00e9-de-Desarrollo-Tur\u00edstico-Sustentable-de-Holbox-1-2.jpeg","twitter_creator":"@Latitud21mx","twitter_site":"@Latitud21mx","twitter_misc":{"Escrito por":"Latitud21 Redacci\u00f3n","Tiempo de lectura":"4 minutos"},"schema":{"@context":"https:\/\/schema.org","@graph":[{"@type":"Article","@id":"https:\/\/l21.mx\/?p=28579#article","isPartOf":{"@id":"https:\/\/l21.mx\/?p=28579"},"author":{"name":"Latitud21 Redacci\u00f3n","@id":"https:\/\/l21.mx\/#\/schema\/person\/4b571cc212089f95579f3b66253728f1"},"headline":"Suman esfuerzos e instalan Comit\u00e9 de Desarrollo Tur\u00edstico Sustentable de Holbox\u00a0","datePublished":"2017-08-15T21:54:07+00:00","mainEntityOfPage":{"@id":"https:\/\/l21.mx\/?p=28579"},"wordCount":762,"commentCount":0,"publisher":{"@id":"https:\/\/l21.mx\/#organization"},"image":{"@id":"https:\/\/l21.mx\/?p=28579#primaryimage"},"thumbnailUrl":"https:\/\/l21.mx\/wp-content\/uploads\/2017\/08\/Comit\u00e9-de-Desarrollo-Tur\u00edstico-Sustentable-de-Holbox-1-2.jpeg","articleSection":["Noticias","Responsabilidad social"],"inLanguage":"es","potentialAction":[{"@type":"CommentAction","name":"Comment","target":["https:\/\/l21.mx\/?p=28579#respond"]}]},{"@type":"WebPage","@id":"https:\/\/l21.mx\/?p=28579","url":"https:\/\/l21.mx\/?p=28579","name":"Suman esfuerzos e instalan Comit\u00e9 de Desarrollo Tur\u00edstico Sustentable de Holbox\u00a0 | Revista Latitud 21","isPartOf":{"@id":"https:\/\/l21.mx\/#website"},"primaryImageOfPage":{"@id":"https:\/\/l21.mx\/?p=28579#primaryimage"},"image":{"@id":"https:\/\/l21.mx\/?p=28579#primaryimage"},"thumbnailUrl":"https:\/\/l21.mx\/wp-content\/uploads\/2017\/08\/Comit\u00e9-de-Desarrollo-Tur\u00edstico-Sustentable-de-Holbox-1-2.jpeg","datePublished":"2017-08-15T21:54:07+00:00","description":"L21, Emprendedores y Negocios en el Caribe Mexicano, es la revista l\u00edder entre el Sector Empresarial y Tur\u00edstico del Caribe Mexicano.","breadcrumb":{"@id":"https:\/\/l21.mx\/?p=28579#breadcrumb"},"inLanguage":"es","potentialAction":[{"@type":"ReadAction","target":["https:\/\/l21.mx\/?p=28579"]}]},{"@type":"ImageObject","inLanguage":"es","@id":"https:\/\/l21.mx\/?p=28579#primaryimage","url":"https:\/\/l21.mx\/wp-content\/uploads\/2017\/08\/Comit\u00e9-de-Desarrollo-Tur\u00edstico-Sustentable-de-Holbox-1-2.jpeg","contentUrl":"https:\/\/l21.mx\/wp-content\/uploads\/2017\/08\/Comit\u00e9-de-Desarrollo-Tur\u00edstico-Sustentable-de-Holbox-1-2.jpeg","width":1280,"height":853},{"@type":"BreadcrumbList","@id":"https:\/\/l21.mx\/?p=28579#breadcrumb","itemListElement":[{"@type":"ListItem","position":1,"name":"Portada","item":"https:\/\/l21.mx\/"},{"@type":"ListItem","position":2,"name":"Suman esfuerzos e instalan Comit\u00e9 de Desarrollo Tur\u00edstico Sustentable de Holbox\u00a0"}]},{"@type":"WebSite","@id":"https:\/\/l21.mx\/#website","url":"https:\/\/l21.mx\/","name":"Revista Latitud 21","description":"Emprendedores  y negocios en el Caribe Mexicano","publisher":{"@id":"https:\/\/l21.mx\/#organization"},"potentialAction":[{"@type":"SearchAction","target":{"@type":"EntryPoint","urlTemplate":"https:\/\/l21.mx\/?s={search_term_string}"},"query-input":{"@type":"PropertyValueSpecification","valueRequired":true,"valueName":"search_term_string"}}],"inLanguage":"es"},{"@type":"Organization","@id":"https:\/\/l21.mx\/#organization","name":"Grupo Editorial Latitud 21 SA de CV","url":"https:\/\/l21.mx\/","logo":{"@type":"ImageObject","inLanguage":"es","@id":"https:\/\/l21.mx\/#\/schema\/logo\/image\/","url":"https:\/\/l21.mx\/wp-content\/uploads\/2020\/10\/logo-l21-baja.jpg","contentUrl":"https:\/\/l21.mx\/wp-content\/uploads\/2020\/10\/logo-l21-baja.jpg","width":250,"height":250,"caption":"Grupo Editorial Latitud 21 SA de CV"},"image":{"@id":"https:\/\/l21.mx\/#\/schema\/logo\/image\/"},"sameAs":["https:\/\/www.facebook.com\/RevistaLatitud21\/","https:\/\/x.com\/Latitud21mx"]},{"@type":"Person","@id":"https:\/\/l21.mx\/#\/schema\/person\/4b571cc212089f95579f3b66253728f1","name":"Latitud21 Redacci\u00f3n","url":"https:\/\/l21.mx\/?author=2"}]}},"amp_enabled":true,"_links":{"self":[{"href":"https:\/\/l21.mx\/index.php?rest_route=\/wp\/v2\/posts\/28579","targetHints":{"allow":["GET"]}}],"collection":[{"href":"https:\/\/l21.mx\/index.php?rest_route=\/wp\/v2\/posts"}],"about":[{"href":"https:\/\/l21.mx\/index.php?rest_route=\/wp\/v2\/types\/post"}],"author":[{"embeddable":true,"href":"https:\/\/l21.mx\/index.php?rest_route=\/wp\/v2\/users\/2"}],"replies":[{"embeddable":true,"href":"https:\/\/l21.mx\/index.php?rest_route=%2Fwp%2Fv2%2Fcomments&post=28579"}],"version-history":[{"count":0,"href":"https:\/\/l21.mx\/index.php?rest_route=\/wp\/v2\/posts\/28579\/revisions"}],"wp:featuredmedia":[{"embeddable":true,"href":"https:\/\/l21.mx\/index.php?rest_route=\/wp\/v2\/media\/28582"}],"wp:attachment":[{"href":"https:\/\/l21.mx\/index.php?rest_route=%2Fwp%2Fv2%2Fmedia&parent=28579"}],"wp:term":[{"taxonomy":"category","embeddable":true,"href":"https:\/\/l21.mx\/index.php?rest_route=%2Fwp%2Fv2%2Fcategories&post=28579"},{"taxonomy":"post_tag","embeddable":true,"href":"https:\/\/l21.mx\/index.php?rest_route=%2Fwp%2Fv2%2Ftags&post=28579"}],"curies":[{"name":"wp","href":"https:\/\/api.w.org\/{rel}","templated":true}]}}