{"id":28672,"date":"2017-08-25T12:37:55","date_gmt":"2017-08-25T17:37:55","guid":{"rendered":"http:\/\/innovatori.space\/lat21\/?p=28672"},"modified":"2017-08-25T12:37:55","modified_gmt":"2017-08-25T17:37:55","slug":"un-kids-spa-que-enamora-por-igual-a-madres-y-a-hijas","status":"publish","type":"post","link":"https:\/\/l21.mx\/?p=28672","title":{"rendered":"UN KIDS SPA QUE ENAMORA POR IGUAL A MADRES Y A HIJAS"},"content":{"rendered":"<p>&nbsp;<\/p>\n<p><strong><a href=\"http:\/\/l21.mx\/wp-content\/uploads\/2017\/08\/spa-para-chicas-2.jpg\" data-rel=\"penci-gallery-image-content\" ><img fetchpriority=\"high\" decoding=\"async\" class=\"alignnone size-full wp-image-28673\" src=\"http:\/\/l21.mx\/wp-content\/uploads\/2017\/08\/spa-para-chicas-2.jpg\" alt=\"\" width=\"600\" height=\"400\" srcset=\"https:\/\/l21.mx\/wp-content\/uploads\/2017\/08\/spa-para-chicas-2.jpg 600w, https:\/\/l21.mx\/wp-content\/uploads\/2017\/08\/spa-para-chicas-2-300x200.jpg 300w, https:\/\/l21.mx\/wp-content\/uploads\/2017\/08\/spa-para-chicas-2-585x390.jpg 585w, https:\/\/l21.mx\/wp-content\/uploads\/2017\/08\/spa-para-chicas-2-263x175.jpg 263w\" sizes=\"(max-width: 600px) 100vw, 600px\" \/><\/a> \u00a0<\/strong><\/p>\n<p><strong>Pinta de color de rosa los sue\u00f1os de tu peque\u00f1a<\/strong><strong>\u00a0<\/strong><\/p>\n<p>Algunas se atreven a verbalizarlo, pero todas lo piensan.\u00a0<em>\u00a1Qui\u00e9n pudiese regresar a la infancia para disfrutar de este peque\u00f1o para\u00edso!<\/em>\u00a0Ellas tienen a su alcance uno de los mejores\u00a0<strong>centros de salud y belleza<\/strong>\u00a0de la Riviera Maya (M\u00e9xico), el\u00a0<strong>U Spa<\/strong>\u00a0del\u00a0<a href=\"https:\/\/www.barcelo.com\/es\/hoteles\/mexico\/riviera-maya\/barcelo-maya-grand-resort\/\" target=\"_blank\" rel=\"noopener\">Barcel\u00f3 Maya Grand Resort<\/a>\u00a0(M\u00e9xico), pero s\u00f3lo tienen ojos para este alegre\u00a0<strong>Kids Spa<\/strong>\u00a0que es capaz de trasladar a sus peque\u00f1as clientas a un\u00a0<strong>mundo de fantas\u00eda<\/strong>. Acuden a \u00e9l para hacer una\u00a0<strong>reserva\u00a0<\/strong>para sus\u00a0<strong>v\u00e1stagas<\/strong>, pero aprovechan la ocasi\u00f3n para probar una de sus\u00a0<em>c\u00f3modas butacas<\/em>\u00a0o mirarse en el\u00a0<em>peque\u00f1o espejo<\/em>\u00a0frente al\u00a0<em>tocador<\/em>. Y all\u00ed se imaginan el rostro de sus\u00a0<strong>hijas\u00a0<\/strong>sonriendo al poder disfrutar de un\u00a0<em>spa s\u00f3lo para ni\u00f1@s<\/em>, aunque en \u00e9l emulen a sus\u00a0<strong>progenitoras<\/strong>.<\/p>\n<p><strong><a href=\"http:\/\/l21.mx\/wp-content\/uploads\/2017\/08\/spa-para-chicas.jpg\" data-rel=\"penci-gallery-image-content\" ><img decoding=\"async\" class=\"alignnone size-full wp-image-28674\" src=\"http:\/\/l21.mx\/wp-content\/uploads\/2017\/08\/spa-para-chicas.jpg\" alt=\"\" width=\"600\" height=\"402\" srcset=\"https:\/\/l21.mx\/wp-content\/uploads\/2017\/08\/spa-para-chicas.jpg 600w, https:\/\/l21.mx\/wp-content\/uploads\/2017\/08\/spa-para-chicas-300x201.jpg 300w, https:\/\/l21.mx\/wp-content\/uploads\/2017\/08\/spa-para-chicas-585x392.jpg 585w, https:\/\/l21.mx\/wp-content\/uploads\/2017\/08\/spa-para-chicas-263x175.jpg 263w\" sizes=\"(max-width: 600px) 100vw, 600px\" \/><\/a><\/strong><\/p>\n<p><strong><u>So\u00f1ando con ser princesas<\/u><\/strong>:<\/p>\n<p>Un\u00a0<strong>peinado<\/strong>\u00a0digno de una reina; un\u00a0<strong>maquillaje\u00a0<\/strong>especial para ni\u00f1as; una\u00a0<strong>manicura\u00a0<\/strong>repleta de colores caribe\u00f1os; una glamurosa\u00a0<strong>pedicura<\/strong>capaz de resaltar las mejores galas de una princesa o distintas versiones de las siempre ansiadas\u00a0<strong>trencitas\u00a0<\/strong>har\u00e1n las delicias de las m\u00e1s peque\u00f1as de la casa. Por separado, o contratando un\u00a0<em>servicio completo<\/em>\u00a0de\u00a0<strong>1<\/strong>\u00a0(<u>Paquete Princesa U Kids Spa<\/u>) \u00f3\u00a0<strong>2 horas<\/strong>\u00a0(<u>Paquete Reina Barcel\u00f3 Maya<\/u>) que incluye un peinado, un maquillaje, una manicura y una pedicura desde\u00a0<strong>70<\/strong>\u00a0y\u00a0<strong>90 d\u00f3lares<\/strong>\u00a0por persona, respectivamente; lograr\u00e1s pintar de\u00a0<strong>rosa<\/strong>\u00a0los sue\u00f1os de tu\u00a0<strong>peque\u00f1a<\/strong>, convirtiendo su\u00a0<strong>escapada<\/strong>\u00a0al\u00a0<strong>Caribe<\/strong>\u00a0en las\u00a0<em>mejores vacaciones<\/em>\u00a0de su vida.<\/p>\n<p>&nbsp;<\/p>\n","protected":false},"excerpt":{"rendered":"<p>&nbsp; \u00a0 Pinta de color de rosa los sue\u00f1os de tu peque\u00f1a\u00a0 Algunas se atreven a&hellip;<\/p>\n","protected":false},"author":2,"featured_media":28674,"comment_status":"open","ping_status":"open","sticky":false,"template":"","format":"standard","meta":{"_acf_changed":false,"_lmt_disableupdate":"","_lmt_disable":"","_mbp_gutenberg_autopost":false,"footnotes":""},"categories":[23,8],"tags":[],"class_list":["post-28672","post","type-post","status-publish","format-standard","has-post-thumbnail","hentry","category-noticias","category-turismo"],"acf":[],"_links":{"self":[{"href":"https:\/\/l21.mx\/index.php?rest_route=\/wp\/v2\/posts\/28672","targetHints":{"allow":["GET"]}}],"collection":[{"href":"https:\/\/l21.mx\/index.php?rest_route=\/wp\/v2\/posts"}],"about":[{"href":"https:\/\/l21.mx\/index.php?rest_route=\/wp\/v2\/types\/post"}],"author":[{"embeddable":true,"href":"https:\/\/l21.mx\/index.php?rest_route=\/wp\/v2\/users\/2"}],"replies":[{"embeddable":true,"href":"https:\/\/l21.mx\/index.php?rest_route=%2Fwp%2Fv2%2Fcomments&post=28672"}],"version-history":[{"count":0,"href":"https:\/\/l21.mx\/index.php?rest_route=\/wp\/v2\/posts\/28672\/revisions"}],"wp:featuredmedia":[{"embeddable":true,"href":"https:\/\/l21.mx\/index.php?rest_route=\/wp\/v2\/media\/28674"}],"wp:attachment":[{"href":"https:\/\/l21.mx\/index.php?rest_route=%2Fwp%2Fv2%2Fmedia&parent=28672"}],"wp:term":[{"taxonomy":"category","embeddable":true,"href":"https:\/\/l21.mx\/index.php?rest_route=%2Fwp%2Fv2%2Fcategories&post=28672"},{"taxonomy":"post_tag","embeddable":true,"href":"https:\/\/l21.mx\/index.php?rest_route=%2Fwp%2Fv2%2Ftags&post=28672"}],"curies":[{"name":"wp","href":"https:\/\/api.w.org\/{rel}","templated":true}]}}