{"id":2868,"date":"2013-06-03T17:40:27","date_gmt":"2013-06-03T22:40:27","guid":{"rendered":"http:\/\/innovatori.space\/lat21\/?p=2868"},"modified":"2013-10-02T11:50:54","modified_gmt":"2013-10-02T16:50:54","slug":"museos-la-pieza-que-faltaba","status":"publish","type":"post","link":"https:\/\/l21.mx\/?p=2868","title":{"rendered":"Museos\u2026 la pieza que faltaba"},"content":{"rendered":"<p>Los museos, como parte de los equipamientos culturales en un destino, pueden capitalizar oportunidades para atraer m\u00e1s turistas, incluyendo a aquellos que no son significativamente motivados por la cultura; a\u00fan m\u00e1s, pueden incluso agregar valor a la experiencia tur\u00edstica, particularmente cuando los visitantes perciben en ellos la idea de localidad o autenticidad del destino. As\u00ed lo demuestran hist\u00f3ricamente el Louvre en Par\u00eds, el Museo del Prado en Madrid, el Museo Metropolitano de Arte de Nueva York, el Museo Brit\u00e1nico de Londres y el Guggenheim de Bilbao.<\/p>\n<p>Seg\u00fan cifras del Consejo Internacional de Museos (ICOM, por sus siglas en ingl\u00e9s), en M\u00e9xico existen mil 97 museos en todo el territorio nacional, superando a Brasil y Argentina, las principales naciones de Sudam\u00e9rica en materia muse\u00edstica. De acuerdo a datos del ICOM, los museos de M\u00e9xico son los mejores de Am\u00e9rica Latina y compiten con los mejores de Europa.<\/p>\n<p>En la Pen\u00ednsula de Yucat\u00e1n, fue en 2012 cuando el gobierno federal, los gobiernos estatales, la iniciativa privada y el INAH finalmente tomaron cartas en el asunto en materia de museos, con las aperturas del Gran Museo de la Cultura Maya de M\u00e9rida y el Museo Maya de Canc\u00fan, dos recintos que han venido a satisfacer una necesidad imperante en torno a la divulgaci\u00f3n de las riquezas culturales de la zona, plet\u00f3rica de vestigios de la ancestral cultura maya; una deuda pendiente, en el caso de Canc\u00fan, desde 2007, aunque ya hubo el primer Museo Arqueol\u00f3gico, ubicado en un \u00e1rea anexa\u00a0 al Canc\u00fan Center, inaugurado en 1982, y que dej\u00f3 de operar en 2004 a causa de los embates meteorol\u00f3gicos.<\/p>\n<p>Con inversiones privadas, uno, y aportaciones de los gobiernos federal y estatal, el otro, los museos de M\u00e9rida y Canc\u00fan apuestan a las redes sociales y sus portales de Internet para aumentar el flujo de visitantes, sin aparente estrategia mercadol\u00f3gica de apoyo. Veremos en el futuro qu\u00e9 tan eficaces han resultado estas decisiones.<strong>\u00a0<\/strong><\/p>\n<p style=\"text-align: center;\"><a href=\"http:\/\/l21.mx\/wp-content\/uploads\/2013\/06\/frente-a-frente-123-copia.jpg\" data-rel=\"penci-gallery-image-content\" ><img fetchpriority=\"high\" decoding=\"async\" class=\"alignleft size-full wp-image-2870\" title=\"frente a frente 123 copia\" src=\"http:\/\/l21.mx\/wp-content\/uploads\/2013\/06\/frente-a-frente-123-copia.jpg\" alt=\"\" width=\"749\" height=\"538\" srcset=\"https:\/\/l21.mx\/wp-content\/uploads\/2013\/06\/frente-a-frente-123-copia.jpg 749w, https:\/\/l21.mx\/wp-content\/uploads\/2013\/06\/frente-a-frente-123-copia-300x215.jpg 300w, https:\/\/l21.mx\/wp-content\/uploads\/2013\/06\/frente-a-frente-123-copia-118x85.jpg 118w, https:\/\/l21.mx\/wp-content\/uploads\/2013\/06\/frente-a-frente-123-copia-600x430.jpg 600w, https:\/\/l21.mx\/wp-content\/uploads\/2013\/06\/frente-a-frente-123-copia-167x119.jpg 167w, https:\/\/l21.mx\/wp-content\/uploads\/2013\/06\/frente-a-frente-123-copia-80x57.jpg 80w\" sizes=\"(max-width: 749px) 100vw, 749px\" \/><\/a><\/p>\n<p style=\"text-align: center;\"><strong><span style=\"color: #993300;\">Gran Museo de la Cultura Maya de M\u00e9rida<\/span><\/strong><\/p>\n<ul>\n<li>Apertura: <strong>24 de septiembre de 2012.<\/strong><\/li>\n<li>Inversi\u00f3n: 770 millones de pesos.<\/li>\n<li>Dimensiones: Dos mil metros cuadrados de salas de exposici\u00f3n\u00a0permanente y 600 m\u00b2 de exposiciones temporales.<\/li>\n<li>Piezas en exhibici\u00f3n: 350 objetos arqueol\u00f3gicos.<\/li>\n<li>Promedio de visitantes a la fecha: 87 mil.<\/li>\n<li>Horarios: De mi\u00e9rcoles a lunes de 9:00 a.m. a 5:00 p.m.<\/li>\n<li>Valores agregados: Espect\u00e1culo de luz y sonido.<\/li>\n<li>Meta: Atraer cerca de 160 mil turistas a M\u00e9rida, una d\u00e9cima parte\u00a0\u00a0de los visitantes que llegan por crucero a la Pen\u00ednsula de Yucat\u00e1n.<\/li>\n<\/ul>\n<div>\u00a0<a href=\"http:\/\/l21.mx\/wp-content\/uploads\/2013\/06\/frente-a-frente-123-copia-2.jpg\" data-rel=\"penci-gallery-image-content\" ><img decoding=\"async\" class=\"alignleft size-full wp-image-2871\" title=\"frente a frente 123 copia 2\" src=\"http:\/\/l21.mx\/wp-content\/uploads\/2013\/06\/frente-a-frente-123-copia-2.jpg\" alt=\"\" width=\"752\" height=\"547\" srcset=\"https:\/\/l21.mx\/wp-content\/uploads\/2013\/06\/frente-a-frente-123-copia-2.jpg 752w, https:\/\/l21.mx\/wp-content\/uploads\/2013\/06\/frente-a-frente-123-copia-2-300x218.jpg 300w, https:\/\/l21.mx\/wp-content\/uploads\/2013\/06\/frente-a-frente-123-copia-2-116x85.jpg 116w, https:\/\/l21.mx\/wp-content\/uploads\/2013\/06\/frente-a-frente-123-copia-2-600x436.jpg 600w, https:\/\/l21.mx\/wp-content\/uploads\/2013\/06\/frente-a-frente-123-copia-2-167x121.jpg 167w, https:\/\/l21.mx\/wp-content\/uploads\/2013\/06\/frente-a-frente-123-copia-2-80x58.jpg 80w\" sizes=\"(max-width: 752px) 100vw, 752px\" \/><\/a><\/p>\n<p style=\"text-align: center;\"><strong><span style=\"color: #993300;\">Museo Maya de Canc\u00fan<\/span><\/strong><\/p>\n<ul>\n<li>Apertura: 2 de noviembre de 2012.<\/li>\n<li>Inversi\u00f3n: 170 millones de pesos.<\/li>\n<li>Dimensiones: Tres salas de exhibici\u00f3n montadas sobre 1,350 m\u00b2. Dos de\u00a0 ellas permanentes y una para exposiciones temporales.<\/li>\n<li>Piezas en exhibici\u00f3n: 450 objetos arqueol\u00f3gicos.<\/li>\n<li>Promedio de visitantes a la fecha: 75,000.<\/li>\n<li>Horarios: De martes a domingo de 9:00 a.m. a 6:00 p.m.<\/li>\n<li>Valores agregados: Alberga la Zona Arqueol\u00f3gica de\u00a0San Miguelito, que abre de 9:00 a 17:00 horas<\/li>\n<li>Meta: Llegar a un mill\u00f3n de visitantes en 2013.<\/li>\n<\/ul>\n<p>[editor]empresas-y-negocios[\/editor]<\/p>\n<div><\/div>\n<\/div>\n","protected":false},"excerpt":{"rendered":"<p>Los museos, como parte de los equipamientos culturales en un destino, pueden capitalizar oportunidades para atraer&hellip;<\/p>\n","protected":false},"author":69,"featured_media":2877,"comment_status":"open","ping_status":"open","sticky":false,"template":"","format":"standard","meta":{"_acf_changed":false,"_lmt_disableupdate":"","_lmt_disable":"","_mbp_gutenberg_autopost":false,"footnotes":""},"categories":[4],"tags":[63,65,166,62,48,64,61],"class_list":["post-2868","post","type-post","status-publish","format-standard","has-post-thumbnail","hentry","category-empresas-y-negocios","tag-caribe-mexicano","tag-grupo-editorial-latitud21","tag-grupo-editorial-latitud21-revista-empresarial","tag-revista-latitud21","tag-cancun","tag-latitud-21","tag-latitud21"],"acf":[],"_links":{"self":[{"href":"https:\/\/l21.mx\/index.php?rest_route=\/wp\/v2\/posts\/2868","targetHints":{"allow":["GET"]}}],"collection":[{"href":"https:\/\/l21.mx\/index.php?rest_route=\/wp\/v2\/posts"}],"about":[{"href":"https:\/\/l21.mx\/index.php?rest_route=\/wp\/v2\/types\/post"}],"author":[{"embeddable":true,"href":"https:\/\/l21.mx\/index.php?rest_route=\/wp\/v2\/users\/69"}],"replies":[{"embeddable":true,"href":"https:\/\/l21.mx\/index.php?rest_route=%2Fwp%2Fv2%2Fcomments&post=2868"}],"version-history":[{"count":0,"href":"https:\/\/l21.mx\/index.php?rest_route=\/wp\/v2\/posts\/2868\/revisions"}],"wp:featuredmedia":[{"embeddable":true,"href":"https:\/\/l21.mx\/index.php?rest_route=\/wp\/v2\/media\/2877"}],"wp:attachment":[{"href":"https:\/\/l21.mx\/index.php?rest_route=%2Fwp%2Fv2%2Fmedia&parent=2868"}],"wp:term":[{"taxonomy":"category","embeddable":true,"href":"https:\/\/l21.mx\/index.php?rest_route=%2Fwp%2Fv2%2Fcategories&post=2868"},{"taxonomy":"post_tag","embeddable":true,"href":"https:\/\/l21.mx\/index.php?rest_route=%2Fwp%2Fv2%2Ftags&post=2868"}],"curies":[{"name":"wp","href":"https:\/\/api.w.org\/{rel}","templated":true}]}}