{"id":28701,"date":"2017-08-28T17:24:04","date_gmt":"2017-08-28T22:24:04","guid":{"rendered":"http:\/\/innovatori.space\/lat21\/?p=28701"},"modified":"2017-08-28T17:24:04","modified_gmt":"2017-08-28T22:24:04","slug":"convoca-xcaret-a-concurso-fotografico-hablemos-de-ese-mexico","status":"publish","type":"post","link":"https:\/\/l21.mx\/?p=28701","title":{"rendered":"Convoca Xcaret a Concurso\u00a0Fotogr\u00e1fico \u201cHablemos de ese M\u00e9xico\u201d"},"content":{"rendered":"<p><a href=\"http:\/\/l21.mx\/wp-content\/uploads\/2017\/06\/xcaret-memoria.jpg\" data-rel=\"penci-gallery-image-content\" ><img fetchpriority=\"high\" decoding=\"async\" class=\"alignnone size-full wp-image-27588\" src=\"http:\/\/l21.mx\/wp-content\/uploads\/2017\/06\/xcaret-memoria.jpg\" alt=\"\" width=\"959\" height=\"713\" srcset=\"https:\/\/l21.mx\/wp-content\/uploads\/2017\/06\/xcaret-memoria.jpg 959w, https:\/\/l21.mx\/wp-content\/uploads\/2017\/06\/xcaret-memoria-300x223.jpg 300w, https:\/\/l21.mx\/wp-content\/uploads\/2017\/06\/xcaret-memoria-768x571.jpg 768w, https:\/\/l21.mx\/wp-content\/uploads\/2017\/06\/xcaret-memoria-585x435.jpg 585w\" sizes=\"(max-width: 959px) 100vw, 959px\" \/><\/a><\/p>\n<ul>\n<li><em><strong>Promover\u00e1 la riqueza natural y cultural de nuestro pa\u00eds, a partir de la visi\u00f3n propia de miles de mexicanos.<\/strong><\/em><\/li>\n<li><em><strong>Se difundir\u00e1n ecosistemas, m\u00fasica, danza, tradiciones, gastronom\u00eda, folklore, as\u00ed como el car\u00e1cter entusiasta y hospitalario de su gente.<\/strong><\/em><\/li>\n<li><em><strong>Ganadores obtendr\u00e1n viajes a Canc\u00fan y Riviera Maya, as\u00ed como equipos profesionales de fotograf\u00eda.<\/strong><\/em><\/li>\n<\/ul>\n<p>Im\u00e1genes que enaltezcan los valores de la cultura nacional, as\u00ed como las aportaciones de M\u00e9xico al mundo, ser\u00e1n difundidas en la red mundial de internet, a partir del 1 de septiembre, como parte de la iniciativa \u201cHablemos de ese M\u00e9xico\u201d, a la que convoca el parque Xcaret, de Canc\u00fan y la Riviera Maya, Quintana Roo, en un concurso fotogr\u00e1fico en el que pueden participar las personas interesadas en promover, para p\u00fablicos de todo el mundo, lo mejor de nuestro pa\u00eds.<\/p>\n<p>El concurso de fotograf\u00eda se identifica con el hashtag #HablemosdeeseM\u00e9xico y est\u00e1 enfocado en promover la riqueza natural y cultural de nuestro pa\u00eds, a partir de la visi\u00f3n de miles de mexicanos que todos los d\u00edas viven los aspectos m\u00e1s relevantes de su patrimonio: una gran variedad de ecosistemas, m\u00fasica, danza, tradiciones, gastronom\u00eda, folklore, as\u00ed como el car\u00e1cter entusiasta y hospitalario de su gente.<\/p>\n<p>La convocatoria invita a los interesados en participar a registrar sus fotograf\u00edas en el sitio\u00a0<a href=\"http:\/\/www.fotoconcurso.xcaret.com\/\" target=\"_blank\" rel=\"noopener\">www.fotoconcurso.xcaret.com<\/a>, entre el 1 de septiembre y el 31 de octubre de 2017. Las fotograf\u00edas ser\u00e1n cali\u00adficadas por un jurado que elegir\u00e1 a los ganadores.<\/p>\n<p>La premiaci\u00f3n al primer lugar incluye un viaje a Canc\u00fan y la Riviera Maya para dos personas, durante 4 d\u00edas y 3 noches, con hospedaje en un hotel todo incluido, acceso al parque Xcaret para una experiencia fuera de serie, y una c\u00e1mara Canon 6D.<\/p>\n<p>El segundo lugar obtendr\u00e1 tambi\u00e9n un viaje a Canc\u00fan y Riviera Maya, para dos personas, durante 4 d\u00edas y 3 noches, con hospedaje en un hotel todo incluido, acceso al parque Xcaret, y una c\u00e1mara Canon Rebel.<\/p>\n<p>El p\u00fablico podr\u00e1 participar en la premiaci\u00f3n votando por la mejor fotograf\u00eda, y asignar\u00e1 a otro ganador que tendr\u00e1 como premio un viaje doble, por 3 d\u00edas y 2 noches, con hospedaje en un hotel todo incluido de Canc\u00fan o la Riviera Maya, acceso al parque Xcaret, y un premio especial.<\/p>\n","protected":false},"excerpt":{"rendered":"<p>Promover\u00e1 la riqueza natural y cultural de nuestro pa\u00eds, a partir de la visi\u00f3n propia de&hellip;<\/p>\n","protected":false},"author":2,"featured_media":0,"comment_status":"open","ping_status":"open","sticky":false,"template":"","format":"standard","meta":{"_acf_changed":false,"_lmt_disableupdate":"","_lmt_disable":"","_mbp_gutenberg_autopost":false,"footnotes":""},"categories":[23,8],"tags":[],"class_list":["post-28701","post","type-post","status-publish","format-standard","hentry","category-noticias","category-turismo"],"acf":[],"_links":{"self":[{"href":"https:\/\/l21.mx\/index.php?rest_route=\/wp\/v2\/posts\/28701","targetHints":{"allow":["GET"]}}],"collection":[{"href":"https:\/\/l21.mx\/index.php?rest_route=\/wp\/v2\/posts"}],"about":[{"href":"https:\/\/l21.mx\/index.php?rest_route=\/wp\/v2\/types\/post"}],"author":[{"embeddable":true,"href":"https:\/\/l21.mx\/index.php?rest_route=\/wp\/v2\/users\/2"}],"replies":[{"embeddable":true,"href":"https:\/\/l21.mx\/index.php?rest_route=%2Fwp%2Fv2%2Fcomments&post=28701"}],"version-history":[{"count":0,"href":"https:\/\/l21.mx\/index.php?rest_route=\/wp\/v2\/posts\/28701\/revisions"}],"wp:attachment":[{"href":"https:\/\/l21.mx\/index.php?rest_route=%2Fwp%2Fv2%2Fmedia&parent=28701"}],"wp:term":[{"taxonomy":"category","embeddable":true,"href":"https:\/\/l21.mx\/index.php?rest_route=%2Fwp%2Fv2%2Fcategories&post=28701"},{"taxonomy":"post_tag","embeddable":true,"href":"https:\/\/l21.mx\/index.php?rest_route=%2Fwp%2Fv2%2Ftags&post=28701"}],"curies":[{"name":"wp","href":"https:\/\/api.w.org\/{rel}","templated":true}]}}